{"id":188967,"date":"2019-08-01T13:17:27","date_gmt":"2019-08-01T10:17:27","guid":{"rendered":"http:\/\/www.tvturk.com\/index.php\/engelli-bilalin-spor-yapma-hayali-oyuncak-satarken-gercek-oldu\/"},"modified":"2019-08-01T13:17:27","modified_gmt":"2019-08-01T10:17:27","slug":"engelli-bilalin-spor-yapma-hayali-oyuncak-satarken-gercek-oldu","status":"publish","type":"post","link":"http:\/\/www.tvturk.com\/index.php\/engelli-bilalin-spor-yapma-hayali-oyuncak-satarken-gercek-oldu\/","title":{"rendered":"Engelli Bilal\u2019in spor yapma hayali oyuncak satarken ger\u00e7ek oldu"},"content":{"rendered":"<p>KOCAEL\u0130 (\u0130HA) \u2013 Kocaeli\u2019nin G\u00f6lc\u00fck il\u00e7esi sahilinde ak\u00fcl\u00fc arac\u0131nda oyuncak satarken belediye yetkililerine hayalini anlatan do\u011fu\u015ftan bedensel engelli Bilal Eser, Ka\u011f\u0131tspor\u2019un Engelli Bocce Tak\u0131m\u0131\u2019na girerek hayalini ger\u00e7e\u011fe d\u00f6n\u00fc\u015ft\u00fcrd\u00fc.<\/p>\n<p>Kocaeli\u2019de ya\u015fayan ve 12 y\u0131ld\u0131r G\u00f6lc\u00fck il\u00e7esinde ikamet eden engelli sporcu Bilal Eser\u2019in spor yapma hayali, oyuncak satarken sohbet etti\u011fi Kocaeli B\u00fcy\u00fck\u015fehir Belediyesi g\u00f6revlilerince ger\u00e7ek oldu. Ak\u00fcl\u00fc arabas\u0131 ile bir tezgahta oyuncak satarken Kocaeli B\u00fcy\u00fck\u015fehir yetkililerine hayalini anlatan Eser, belediye yetkililerini harekete ge\u00e7irdi. Belediyenin ula\u015f\u0131m deste\u011fi ile evinden al\u0131nan Bilal Eser, azimle ba\u015flad\u0131\u011f\u0131 bocce sporundaki ba\u015far\u0131s\u0131yla Ka\u011f\u0131tspor\u2019un Engelli Bocce Tak\u0131m\u0131\u2019na girmeyi ba\u015fard\u0131. BC-5 oyuncu kategorisinde m\u00fccadele eden Eser, hayalindeki spor yapma iste\u011fine kavu\u015ftu.<\/p>\n<p>Hayali ger\u00e7ek oldu<\/p>\n<p>G\u00f6lc\u00fck \u0130l\u00e7esi De\u011firmendere Mahallesi\u2019nde ikamet eden 33 ya\u015f\u0131ndaki Bilal Eser, insanlardaki engelli alg\u0131s\u0131n\u0131 y\u0131kmak i\u00e7in m\u00fccadele ediyor. Ak\u00fcl\u00fc arabas\u0131na k\u00fc\u00e7\u00fck bir tezgah kuran Bilal, oyuncak satarak evine katk\u0131 sa\u011fl\u0131yordu. Y\u0131llarca spor yapma hayali kuran Eser, Kocaeli B\u00fcy\u00fck\u015fehir Belediyesi Sa\u011fl\u0131k ve Sosyal Hizmetler Daire Ba\u015fkanl\u0131\u011f\u0131 Engelli ve Ya\u015fl\u0131 Hizmetleri ile tan\u0131\u015fmas\u0131yla de\u011fi\u015fti. Belediyenin ula\u015f\u0131m deste\u011fi verdi\u011fi Eser, \u00f6zel ara\u00e7la evinden al\u0131narak getirildi\u011fi spor salonunda hayali olan spor tutkusunu ileriye ta\u015f\u0131yor.<\/p>\n<p>Belediye yetkilisi oyuncak tezgah\u0131na gelince hayat\u0131 de\u011fi\u015fti<\/p>\n<p>Oyuncak satarken spor yapma hayalinin ger\u00e7e\u011fe d\u00f6n\u00fc\u015ft\u00fc\u011f\u00fcn\u00fc anlatan engelli Bocce oyuncusu Bilal Eser, &#8220;12 y\u0131ld\u0131r Kocaeli\u2019nde ikamet ediyorum. Aileme katk\u0131 sa\u011flamak ve har\u00e7l\u0131\u011f\u0131m\u0131 \u00e7\u0131kar\u0131p yeni insanlar tan\u0131mak i\u00e7in De\u011firmendere sahilinde oyuncak sat\u0131yorum. Hayalim spor yapmakt\u0131, ama \u00f6n\u00fcmdeki en b\u00fcy\u00fck engel ula\u015f\u0131m sorunuydu. Bir g\u00fcn sahilde oyuncak satarken Kocaeli B\u00fcy\u00fck\u015fehir Belediyesi Engelli ve Ya\u015fl\u0131 i\u015fleri \u015eube M\u00fcd\u00fcr\u00fc Mehmet K\u00f6se tezgah\u0131ma geldi. Durumumdan ona bahsettim, spor yapmak istedi\u011fimi ifade ettim. Oda benim \u00f6n\u00fcmdeki en b\u00fcy\u00fck engel olan ula\u015f\u0131m problemimi \u00e7\u00f6zd\u00fc&#8221; dedi.<\/p>\n<p>Engellilerin hayallerini ger\u00e7ekle\u015ftirebilece\u011fine \u00f6rnek oluyor<\/p>\n<p>\u0130nsanlardaki engelli alg\u0131s\u0131n\u0131 y\u0131kmak i\u00e7in m\u00fccadele etti\u011fini belirten Eser, &#8220;Ben engelli insanlar\u0131n hayata her \u015fekilde dahil olabilece\u011fini g\u00f6stermek istiyorum. Bunun i\u00e7in spor yapmak istiyordum. Kocaeli B\u00fcy\u00fck\u015fehir Belediyesi bu sorunu \u00e7\u00f6zd\u00fc. Antrenman g\u00fcnleri ara\u00e7 geliyor. Ak\u00fcl\u00fc ara\u00e7lar\u0131m\u0131z ile birlikte asans\u00f6rl\u00fc bir sistem ile araca rahat\u00e7a binip antrenmana gidebiliyoruz. Antrenmanlar\u0131m\u0131z\u0131 Kocaeli B\u00fcy\u00fck\u015fehir Belediyesi\u2019nin Kartepe\u2019de yapt\u0131\u011f\u0131 Hergeleci \u0130brahim Spor Salonu\u2019nda ger\u00e7ekle\u015ftiriyoruz&#8221; diye konu\u015ftu.<\/p>\n<p>&#8220;Azim ve h\u0131rs\u0131m\u0131 per\u00e7inledi&#8221;<\/p>\n<p>Ka\u011f\u0131tspor Engelli Bocce Tak\u0131m\u0131\u2019nda m\u00fccadele etmeye ba\u015flad\u0131\u011f\u0131nda spora daha fazla sar\u0131ld\u0131\u011f\u0131n\u0131 ifade eden Eser, &#8220;BC-5 kategorisinde m\u00fccadele ediyorum. Bu spor bana tak\u0131m olarak m\u00fccadele etmek, bir ama\u00e7 u\u011fruna sava\u015fmak ve her \u015feyden \u00f6nce bendeki azim ve h\u0131rs\u0131, ya\u015fama arzusunu per\u00e7inledi. Ben 90\u2019lar\u0131n \u00e7ocu\u011fuyum. O g\u00fcnler ile bug\u00fcnleri k\u0131yaslayamay\u0131z. Bug\u00fcn engelliler i\u00e7in \u00f6nemli hizmetler yap\u0131ld\u0131. Bug\u00fcn gelinen noktada devlet engelli vatanda\u015f\u0131n\u0131 at\u0131l bir insan, g\u00f6rm\u00fcyor. Bunun en b\u00fcy\u00fck \u00f6rne\u011fi Kocaeli B\u00fcy\u00fck\u015fehir Belediyesi. B\u00fcy\u00fck\u015fehir Belediyesi \u00f6rnek bir belediye. Engellilere yapt\u0131klar\u0131 hizmetler, topluma sundu\u011fu katk\u0131lar her anlamda \u00f6rnek bir belediye oldu\u011funun kan\u0131t\u0131d\u0131r&#8221; \u015feklinde konu\u015ftu.<\/p>\n<p>Hayata bak\u0131\u015f\u0131 de\u011fi\u015fti<\/p>\n<p>Bilal\u2019in hayata bak\u0131\u015f\u0131n\u0131n de\u011fi\u015fti\u011fini s\u00f6yleyen Antren\u00f6r\u00fc Yavuz Acar ise, &#8220;Bilal ilk geldi\u011finde eliyle topu atmakta \u00e7ok zorlan\u0131yordu. Bocce sporunun rehabilite y\u00f6n\u00fc de var. Bu ba\u011flamda s\u0131k s\u0131k antrenman yaparak at\u0131\u015flar\u0131n\u0131 d\u00fczeltti. Bu spor ile Bilal\u2019in hayata bak\u0131\u015f a\u00e7\u0131s\u0131 bile de\u011fi\u015fti. Haftan\u0131n 2 g\u00fcn\u00fc antrenmanlara kat\u0131l\u0131yor. D\u00fczenli antrenmanlar Bilal i\u00e7in fizik tedavi gibi oldu&#8221; ifadelerini kulland\u0131.<\/p>\n","protected":false},"excerpt":{"rendered":"<p>KOCAEL\u0130\u2019N\u0130N G\u00d6LC\u00dcK \u0130L\u00c7ES\u0130 SAH\u0130L\u0130NDE AK\u00dcL\u00dc ARACINDA OYUNCAK SATARKEN BELED\u0130YE YETK\u0130L\u0130LER\u0130NE HAYAL\u0130N\u0130 ANLATAN DO\u011eU\u015eTAN BEDENSEL ENGELL\u0130 B\u0130LAL ESER, KA\u011eITSPOR\u2019UN ENGELL\u0130 BOCCE TAKIMINA G\u0130REREK HAYAL\u0130N\u0130 GER\u00c7E\u011eE D\u00d6N\u00dc\u015eT\u00dcRD\u00dc.<\/p>\n","protected":false},"author":1,"featured_media":188968,"comment_status":"closed","ping_status":"open","sticky":false,"template":"","format":"standard","meta":{"jetpack_post_was_ever_published":false,"_jetpack_newsletter_access":"","_jetpack_dont_email_post_to_subs":false,"_jetpack_newsletter_tier_id":0,"_jetpack_memberships_contains_paywalled_content":false,"_jetpack_memberships_contains_paid_content":false,"footnotes":"","jetpack_publicize_message":"","jetpack_publicize_feature_enabled":true,"jetpack_social_post_already_shared":true,"jetpack_social_options":{"image_generator_settings":{"template":"highway","default_image_id":0,"font":"","enabled":false},"version":2}},"categories":[657],"tags":[47128,1784,1871,8368,77,4338,2777,1619,10112],"class_list":["post-188967","post","type-post","status-publish","format-standard","has-post-thumbnail","hentry","category-spor","tag-bilalin","tag-engelli","tag-gercek","tag-hayali","tag-oldu","tag-oyuncak","tag-satarken","tag-spor","tag-yapma"],"jetpack_publicize_connections":[],"jetpack_featured_media_url":"https:\/\/i0.wp.com\/www.tvturk.com\/wp-content\/uploads\/2019\/08\/engelli-bilalin-spor-yapma-hayali-oyuncak-satarken-gercek-oldu_65bc405.jpg?fit=1000%2C666","jetpack_sharing_enabled":true,"jetpack_shortlink":"https:\/\/wp.me\/paKIfm-N9R","_links":{"self":[{"href":"http:\/\/www.tvturk.com\/index.php\/wp-json\/wp\/v2\/posts\/188967","targetHints":{"allow":["GET"]}}],"collection":[{"href":"http:\/\/www.tvturk.com\/index.php\/wp-json\/wp\/v2\/posts"}],"about":[{"href":"http:\/\/www.tvturk.com\/index.php\/wp-json\/wp\/v2\/types\/post"}],"author":[{"embeddable":true,"href":"http:\/\/www.tvturk.com\/index.php\/wp-json\/wp\/v2\/users\/1"}],"replies":[{"embeddable":true,"href":"http:\/\/www.tvturk.com\/index.php\/wp-json\/wp\/v2\/comments?post=188967"}],"version-history":[{"count":0,"href":"http:\/\/www.tvturk.com\/index.php\/wp-json\/wp\/v2\/posts\/188967\/revisions"}],"wp:featuredmedia":[{"embeddable":true,"href":"http:\/\/www.tvturk.com\/index.php\/wp-json\/wp\/v2\/media\/188968"}],"wp:attachment":[{"href":"http:\/\/www.tvturk.com\/index.php\/wp-json\/wp\/v2\/media?parent=188967"}],"wp:term":[{"taxonomy":"category","embeddable":true,"href":"http:\/\/www.tvturk.com\/index.php\/wp-json\/wp\/v2\/categories?post=188967"},{"taxonomy":"post_tag","embeddable":true,"href":"http:\/\/www.tvturk.com\/index.php\/wp-json\/wp\/v2\/tags?post=188967"}],"curies":[{"name":"wp","href":"https:\/\/api.w.org\/{rel}","templated":true}]}}