{"id":188991,"date":"2019-08-01T13:47:19","date_gmt":"2019-08-01T10:47:19","guid":{"rendered":"http:\/\/www.tvturk.com\/index.php\/obi-mikel-ve-ekubana-ozel-antrenman\/"},"modified":"2019-08-01T13:47:19","modified_gmt":"2019-08-01T10:47:19","slug":"obi-mikel-ve-ekubana-ozel-antrenman","status":"publish","type":"post","link":"http:\/\/www.tvturk.com\/index.php\/obi-mikel-ve-ekubana-ozel-antrenman\/","title":{"rendered":"Obi Mikel ve Ekuban\u2019a \u00f6zel antrenman"},"content":{"rendered":"<p>Trabzonspor\u2019da Afrika Kupas\u0131 nedeniyle tak\u0131ma ge\u00e7 kat\u0131lan Ekuban ile yeni transfer Obi Mikel i\u00e7in \u00f6zel antrenman program\u0131 uyguland\u0131.<\/p>\n<p>Yeni sezon haz\u0131rl\u0131klar\u0131n\u0131 s\u00fcrd\u00fcren T rabzonspor\u2019da Afrika Kupas\u0131 nedeniyle \u00fclkelerinin milli tak\u0131mlar\u0131nda bulunan Caleb Ekuban ve yeni transfer Obi Mikel sa\u011fl\u0131k kontrol\u00fcnden ge\u00e7ti. Sa\u011fl\u0131k kontrolleri tamamlanan bordo-mavili futbolcular, kendilerine uygulanan \u00f6zel antrenman program\u0131 dahilinde Mehmet Ali Y\u0131lmaz Tesisleri\u2019nde \u00e7al\u0131\u015fmalar\u0131n\u0131 s\u00fcrd\u00fcrd\u00fc.<\/p>\n","protected":false},"excerpt":{"rendered":"<p>TRABZONSPOR\u2019DA OB\u0130 M\u0130KEL VE EKUBAN \u0130\u00c7\u0130N \u00d6ZEL ANTRENMAN PROGRAMI UYGULANDI.<\/p>\n","protected":false},"author":1,"featured_media":188992,"comment_status":"closed","ping_status":"open","sticky":false,"template":"","format":"standard","meta":{"jetpack_post_was_ever_published":false,"_jetpack_newsletter_access":"","_jetpack_dont_email_post_to_subs":false,"_jetpack_newsletter_tier_id":0,"_jetpack_memberships_contains_paywalled_content":false,"_jetpack_memberships_contains_paid_content":false,"footnotes":"","jetpack_publicize_message":"","jetpack_publicize_feature_enabled":true,"jetpack_social_post_already_shared":true,"jetpack_social_options":{"image_generator_settings":{"template":"highway","default_image_id":0,"font":"","enabled":false},"version":2}},"categories":[657],"tags":[1073,10657,47135,46766,42993],"class_list":["post-188991","post","type-post","status-publish","format-standard","has-post-thumbnail","hentry","category-spor","tag-ozel","tag-antrenman","tag-ekubana","tag-mikel","tag-obi"],"jetpack_publicize_connections":[],"jetpack_featured_media_url":"https:\/\/i0.wp.com\/www.tvturk.com\/wp-content\/uploads\/2019\/08\/obi-mikel-ve-ekubana-ozel-antrenman_1460f7c.jpg?fit=1000%2C700","jetpack_sharing_enabled":true,"jetpack_shortlink":"https:\/\/wp.me\/paKIfm-Naf","_links":{"self":[{"href":"http:\/\/www.tvturk.com\/index.php\/wp-json\/wp\/v2\/posts\/188991","targetHints":{"allow":["GET"]}}],"collection":[{"href":"http:\/\/www.tvturk.com\/index.php\/wp-json\/wp\/v2\/posts"}],"about":[{"href":"http:\/\/www.tvturk.com\/index.php\/wp-json\/wp\/v2\/types\/post"}],"author":[{"embeddable":true,"href":"http:\/\/www.tvturk.com\/index.php\/wp-json\/wp\/v2\/users\/1"}],"replies":[{"embeddable":true,"href":"http:\/\/www.tvturk.com\/index.php\/wp-json\/wp\/v2\/comments?post=188991"}],"version-history":[{"count":0,"href":"http:\/\/www.tvturk.com\/index.php\/wp-json\/wp\/v2\/posts\/188991\/revisions"}],"wp:featuredmedia":[{"embeddable":true,"href":"http:\/\/www.tvturk.com\/index.php\/wp-json\/wp\/v2\/media\/188992"}],"wp:attachment":[{"href":"http:\/\/www.tvturk.com\/index.php\/wp-json\/wp\/v2\/media?parent=188991"}],"wp:term":[{"taxonomy":"category","embeddable":true,"href":"http:\/\/www.tvturk.com\/index.php\/wp-json\/wp\/v2\/categories?post=188991"},{"taxonomy":"post_tag","embeddable":true,"href":"http:\/\/www.tvturk.com\/index.php\/wp-json\/wp\/v2\/tags?post=188991"}],"curies":[{"name":"wp","href":"https:\/\/api.w.org\/{rel}","templated":true}]}}