{"id":189035,"date":"2019-08-01T15:02:03","date_gmt":"2019-08-01T12:02:03","guid":{"rendered":"http:\/\/www.tvturk.com\/index.php\/hayatlarinda-hic-ucaga-binmeyen-cocuklar-gokyuzuyle-bulustu\/"},"modified":"2019-08-01T15:02:03","modified_gmt":"2019-08-01T12:02:03","slug":"hayatlarinda-hic-ucaga-binmeyen-cocuklar-gokyuzuyle-bulustu","status":"publish","type":"post","link":"http:\/\/www.tvturk.com\/index.php\/hayatlarinda-hic-ucaga-binmeyen-cocuklar-gokyuzuyle-bulustu\/","title":{"rendered":"Hayatlar\u0131nda hi\u00e7 u\u00e7a\u011fa binmeyen \u00e7ocuklar, g\u00f6ky\u00fcz\u00fcyle bulu\u015ftu"},"content":{"rendered":"<p>Mersin\u2019in merkez il\u00e7e Akdeniz Belediyesi organizesinde, Karacailyas Veteranlar Spor Kul\u00fcb\u00fc Derne\u011fi ile T\u00fcrkiye Hava Sporlar\u0131 Federasyonu deste\u011fiyle d\u00fczenlenen etkinlikte, daha \u00f6nce hayatlar\u0131nda hi\u00e7 u\u00e7a\u011fa binemeyen \u00e7ocuklar hafif motorlu hava arac\u0131yla (mikrolight) u\u00e7man\u0131n keyfini ya\u015fad\u0131. \u0130lk u\u00e7u\u015fu Akdeniz Belediye Ba\u015fkan\u0131 Mustafa G\u00fcltak yaparken, \u00e7ocuklar s\u0131rayla u\u00e7man\u0131n heyecan\u0131n\u0131 vard\u0131.<\/p>\n<p>Akdeniz Belediyesi organizesinde, Adanal\u0131o\u011flu sahilinde ger\u00e7ekle\u015ftirilen etkinlikte \u00e7ocuklar u\u00e7man\u0131n heyecan\u0131n\u0131 doyas\u0131ya ya\u015fad\u0131. \u0130l\u00e7ede dezavantajl\u0131 durumda bulunan ve daha \u00f6nce hi\u00e7 u\u00e7a\u011fa binmeyen \u00e7ocuklar\u0131n kat\u0131ld\u0131\u011f\u0131 etkinlikte konu\u015fan Belediye Ba\u015fkan\u0131 Mustafa G\u00fcltak, se\u00e7imlerin ard\u0131ndan g\u00f6reve gelir gelmez vatanda\u015flara, kad\u0131nlara, gen\u00e7lere ve \u00e7ocuklara s\u00f6z verdikleri hizmet ve projeleri tek tek ger\u00e7ekle\u015ftirdiklerini s\u00f6yledi. Bug\u00fcn verdikleri bir s\u00f6z\u00fc daha yerine getirmenin heyecan\u0131n\u0131 ya\u015fad\u0131klar\u0131n\u0131 kaydeden G\u00fcltak, &#8220;Ku\u015flar gibi g\u00f6ky\u00fcz\u00fcnde \u00f6zg\u00fcrce u\u00e7abilmek, insano\u011flunun en b\u00fcy\u00fck hayallerinden biridir. \u00c7\u00fcnk\u00fc u\u00e7mak ger\u00e7ekten de \u00f6zg\u00fcrl\u00fckt\u00fcr. Bizler de bug\u00fcn, dezavantajl\u0131 durumdaki ba\u015far\u0131l\u0131 \u00e7ocuklar\u0131m\u0131z\u0131n bu hayalini ger\u00e7ekle\u015ftiriyoruz. Hafif motorlu u\u00e7u\u015f arac\u0131 ile y\u00fczlerce \u00e7ocu\u011fumuz, g\u00f6ky\u00fcz\u00fcnde adeta ku\u015flar gibi \u00f6zg\u00fcrce u\u00e7abilecek. B\u00f6ylece bug\u00fcne dek imkans\u0131z sand\u0131klar\u0131 bir hayalleri ger\u00e7ekle\u015fmi\u015f olacak. Amac\u0131m\u0131z, \u00e7ocuklar\u0131m\u0131za hem u\u00e7ma keyfini ya\u015fatmak hem de havac\u0131l\u0131\u011f\u0131 sevdirmek. Yeni ve fark\u0131ndal\u0131k olu\u015fturan sosyal projelerimizin devam edece\u011fini \u00f6zellikle vurgulamak isterim. Nitekim yak\u0131n bir s\u00fcre\u00e7te 4 mahallemize portatif y\u00fczme havuzlar\u0131 kuraca\u011f\u0131z. B\u00f6ylece daha \u00f6nce hi\u00e7 havuzda y\u00fczme \u015fans\u0131 bulamayan \u00e7ocuklar\u0131m\u0131za bu keyfi ya\u015fataca\u011f\u0131z. Ayr\u0131ca Akdeniz Y\u0131lmaz G\u00fcney Park\u0131 ve Tesisleri Yenileme Projemizi de ba\u015flatt\u0131k. Bu park\u0131m\u0131zda bulunan ancak ge\u00e7mi\u015fte at\u0131l b\u0131rak\u0131lan y\u00fczme havuzu ile ni\u015fan-d\u00fc\u011f\u00fcn t\u00f6renlerinin yap\u0131labilece\u011fi tesisimizi bu y\u0131l yenileyerek yeniden halk\u0131m\u0131za kazand\u0131raca\u011f\u0131z. Ayr\u0131ca tesisin i\u00e7ine bir a\u015fevi de yapt\u0131raca\u011f\u0131z&#8221; dedi.<\/p>\n<p>G\u00f6n\u00fcl belediyecili\u011fi \u015fiar\u0131yla hem g\u00f6revli hem g\u00f6n\u00fcll\u00fc olacaklar\u0131n\u0131 dile getiren G\u00fcltak, &#8220;Akdeniz\u2019de bir de\u011fi\u015fim, d\u00f6n\u00fc\u015f\u00fcm ve yenilenme ba\u015flad\u0131. Bu de\u011fi\u015fim ve d\u00f6n\u00fc\u015f\u00fcm\u00fc kesintisiz s\u00fcrd\u00fcrece\u011fiz. Ana hedefimiz Akdeniz il\u00e7emizde ya\u015fayan insanlar\u0131m\u0131z\u0131n, hizmetler anlam\u0131nda ge\u00e7mi\u015fte u\u011frad\u0131\u011f\u0131 haks\u0131zl\u0131\u011f\u0131 ve e\u015fitsizli\u011fi ortadan kald\u0131rmak, Akdeniz\u2019i ve Akdeniz halk\u0131n\u0131 hak etti\u011fi yere ula\u015ft\u0131rmakt\u0131r. Akdeniz\u2019de ya\u015fanan insanl\u0131k dram\u0131na son vererek halk\u0131m\u0131z\u0131n makus talihini in\u015fallah hep birlikte, el ele vererek de\u011fi\u015ftirece\u011fiz. Mersin ve Akdeniz\u2019de huzurun, bar\u0131\u015f\u0131n, karde\u015flik ve sevginin teminat\u00e7\u0131s\u0131 olaca\u011f\u0131z. Asla hi\u00e7bir ay\u0131r\u0131m yapmadan insanlar\u0131m\u0131z\u0131n g\u00f6nl\u00fcne dokunaca\u011f\u0131z, hizmet verece\u011fiz. Bu g\u00fczel ve renkli etkinlikte aram\u0131zda olman\u0131zdan, heyecan\u0131m\u0131z\u0131 payla\u015fman\u0131zdan dolay\u0131 en kalbi \u015f\u00fckranlar\u0131m\u0131 sunar\u0131m&#8221; ifadelerini kulland\u0131.<\/p>\n<p>Konu\u015fmalar\u0131n ard\u0131ndan mikrolight ile ilk u\u00e7u\u015fu Ba\u015fkan G\u00fcltak ger\u00e7ekle\u015ftirdi. Ard\u0131ndan daha \u00f6nce hi\u00e7 u\u00e7a\u011fa binmeyen \u00e7ocuklar s\u0131rayla u\u00e7man\u0131n keyfini ve mutlulu\u011funu ya\u015farken, \u00f6zellikle kalk\u0131\u015f ile ini\u015flerde heyecanl\u0131 anlarda ya\u015fad\u0131lar. Bir hafta boyunca devam edecek etkinlikle, \u00e7ocuklar u\u00e7man\u0131n keyfini ya\u015fayacaklar.<\/p>\n","protected":false},"excerpt":{"rendered":"<p>MERS\u0130N&#8217;\u0130N MERKEZ \u0130L\u00c7E AKDEN\u0130Z BELED\u0130YES\u0130 ORGAN\u0130ZES\u0130NDE, KARACA\u0130LYAS VETERANLAR SPOR KUL\u00dcB\u00dc DERNE\u011e\u0130 \u0130LE T\u00dcRK\u0130YE HAVA SPORLARI FEDERASYONU DESTE\u011e\u0130YLE D\u00dcZENLENEN ETK\u0130NL\u0130KTE, DAHA \u00d6NCE HAYATLARINDA H\u0130\u00c7 U\u00c7A\u011eA B\u0130NEMEYEN \u00c7OCUKLAR HAF\u0130F MOTORLU HAVA ARACIYLA (M\u0130KROL\u0130GHT) U\u00c7MANIN KEYF\u0130N\u0130 YA\u015eADI. \u0130LK U\u00c7U\u015eU AKDEN\u0130Z BELED\u0130YE BA\u015eKANI MUSTAFA G\u00dcLTAK YAPARKEN, \u00c7OCUKLAR SIRAYLA U\u00c7MANIN HEYECANINI VARDI.<\/p>\n","protected":false},"author":1,"featured_media":189036,"comment_status":"closed","ping_status":"open","sticky":false,"template":"","format":"standard","meta":{"jetpack_post_was_ever_published":false,"_jetpack_newsletter_access":"","_jetpack_dont_email_post_to_subs":false,"_jetpack_newsletter_tier_id":0,"_jetpack_memberships_contains_paywalled_content":false,"_jetpack_memberships_contains_paid_content":false,"footnotes":"","jetpack_publicize_message":"","jetpack_publicize_feature_enabled":true,"jetpack_social_post_already_shared":true,"jetpack_social_options":{"image_generator_settings":{"template":"highway","default_image_id":0,"font":"","enabled":false},"version":2}},"categories":[1],"tags":[47151,389,252,37387,22974,5586,19262],"class_list":["post-189035","post","type-post","status-publish","format-standard","has-post-thumbnail","hentry","category-genel","tag-binmeyen","tag-bulustu","tag-cocuklar","tag-gokyuzuyle","tag-hayatlarinda","tag-hic","tag-ucaga"],"jetpack_publicize_connections":[],"jetpack_featured_media_url":"https:\/\/i0.wp.com\/www.tvturk.com\/wp-content\/uploads\/2019\/08\/hayatlarinda-hic-ucaga-binmeyen-cocuklar-gokyuzuyle-bulustu_8103a39.jpg?fit=1000%2C666","jetpack_sharing_enabled":true,"jetpack_shortlink":"https:\/\/wp.me\/paKIfm-NaX","_links":{"self":[{"href":"http:\/\/www.tvturk.com\/index.php\/wp-json\/wp\/v2\/posts\/189035","targetHints":{"allow":["GET"]}}],"collection":[{"href":"http:\/\/www.tvturk.com\/index.php\/wp-json\/wp\/v2\/posts"}],"about":[{"href":"http:\/\/www.tvturk.com\/index.php\/wp-json\/wp\/v2\/types\/post"}],"author":[{"embeddable":true,"href":"http:\/\/www.tvturk.com\/index.php\/wp-json\/wp\/v2\/users\/1"}],"replies":[{"embeddable":true,"href":"http:\/\/www.tvturk.com\/index.php\/wp-json\/wp\/v2\/comments?post=189035"}],"version-history":[{"count":0,"href":"http:\/\/www.tvturk.com\/index.php\/wp-json\/wp\/v2\/posts\/189035\/revisions"}],"wp:featuredmedia":[{"embeddable":true,"href":"http:\/\/www.tvturk.com\/index.php\/wp-json\/wp\/v2\/media\/189036"}],"wp:attachment":[{"href":"http:\/\/www.tvturk.com\/index.php\/wp-json\/wp\/v2\/media?parent=189035"}],"wp:term":[{"taxonomy":"category","embeddable":true,"href":"http:\/\/www.tvturk.com\/index.php\/wp-json\/wp\/v2\/categories?post=189035"},{"taxonomy":"post_tag","embeddable":true,"href":"http:\/\/www.tvturk.com\/index.php\/wp-json\/wp\/v2\/tags?post=189035"}],"curies":[{"name":"wp","href":"https:\/\/api.w.org\/{rel}","templated":true}]}}