{"id":189061,"date":"2019-08-01T15:32:27","date_gmt":"2019-08-01T12:32:27","guid":{"rendered":"http:\/\/www.tvturk.com\/index.php\/saglik-zirvesi-balikesirde-toplandi\/"},"modified":"2019-08-01T15:32:27","modified_gmt":"2019-08-01T12:32:27","slug":"saglik-zirvesi-balikesirde-toplandi","status":"publish","type":"post","link":"http:\/\/www.tvturk.com\/index.php\/saglik-zirvesi-balikesirde-toplandi\/","title":{"rendered":"Sa\u011fl\u0131k zirvesi Bal\u0131kesir\u2019de topland\u0131"},"content":{"rendered":"<p>Bal\u0131kesir \u0130l Sa\u011fl\u0131k M\u00fcd\u00fcrl\u00fc\u011f\u00fc ev sahipli\u011finde ger\u00e7ekle\u015ftirilen Yo\u011fun Bak\u0131m Hizmet S\u00fcre\u00e7lerini De\u011ferlendirme Toplant\u0131s\u0131 8 ilin sa\u011fl\u0131k m\u00fcd\u00fcrlerini bir araya getirdi. \u0130zmir \u0130l Sa\u011fl\u0131k M\u00fcd\u00fcrl\u00fc\u011f\u00fcn\u00fcn organizasyonunda ger\u00e7ekle\u015ftirilen toplant\u0131da Ayd\u0131n, Bal\u0131kesir, \u00c7anakkale, Denizli, \u0130zmir, Manisa, Mu\u011fla ve U\u015fak illerindeki yo\u011fun bak\u0131m hizmetleri ile iller aras\u0131ndaki hasta sevkleri de\u011ferlendirilerek ya\u015fanan sorunlara \u00e7\u00f6z\u00fcm \u00f6nerileri getirildi.<\/p>\n<p>Bal\u0131kesir \u00d6\u011fretmenevi\u2019nde ger\u00e7ekle\u015ftirilen toplant\u0131ya kat\u0131lan illerin tek tek sunumu yap\u0131larak yo\u011fun bak\u0131m hizmetleri ele al\u0131nd\u0131. B\u00f6lgesel toplant\u0131da yo\u011fun bak\u0131m yataklar\u0131n\u0131n doluluk oran\u0131 y\u00fczde 90\u2019lar seviyesinde oldu\u011fu belirtilerek, iller aras\u0131nda yap\u0131lacak sevklerin doluluk oran\u0131na g\u00f6re koordine edilmesi kararla\u015ft\u0131r\u0131ld\u0131.<\/p>\n<p>Bal\u0131kesir \u0130l Sa\u011fl\u0131k M\u00fcd\u00fcr\u00fc Yavuzy\u0131lmaz: \u201cSorunlar\u0131n \u00e7\u00f6z\u00fcm\u00fc i\u00e7in bir araday\u0131z\u201d<\/p>\n<p>Toplant\u0131n\u0131n a\u00e7\u0131l\u0131\u015f konu\u015fmas\u0131n\u0131 yapan Bal\u0131kesir \u0130l Sa\u011fl\u0131k M\u00fcd\u00fcr\u00fc Dr. Fevzi Yavuzy\u0131lmaz 7 ilin il sa\u011fl\u0131k m\u00fcd\u00fcr\u00fcne ev sahipli\u011fi yapmaktan mutluluk duyduklar\u0131n\u0131 s\u00f6yledi. Yavuzy\u0131lmaz, \u201cSa\u011fl\u0131k hizmeti kesintisiz ve dinamik bir \u015fekilde s\u00fcrd\u00fcr\u00fclmesi gereken bir hizmettir. Bu anlamda b\u00f6lgesel iller aras\u0131ndaki koordinasyonu, organizasyonu ve i\u015f ak\u0131\u015f\u0131n\u0131n da sorunsuz i\u015flemesi bu manada hizmetin kalitesini son derece etkilemektedir. Kamu Hastaneleri Genel M\u00fcd\u00fcrl\u00fc\u011f\u00fcm\u00fcz\u00fcn kom\u015fu illerin ya da b\u00f6lge illerin birbiri aras\u0131nda yo\u011fun bak\u0131m ihtiyac\u0131 s\u00fcrecinin s\u00fcrd\u00fcr\u00fclmesi, organizasyonun sorunsuz i\u015flemesi ad\u0131na yapm\u0131\u015f oldu\u011fu toplant\u0131larda 8 ilimizin kat\u0131l\u0131mlar\u0131yla bu toplant\u0131y\u0131 yapaca\u011f\u0131z. Burada Mu\u011fla, Ayd\u0131n, Denizli, \u0130zmir, Manisa, Bal\u0131kesir, \u00c7anakkale ve U\u015fak illerimiz bug\u00fcn bu toplant\u0131da bizlerle beraber. Her ilin kendine g\u00f6re dinamikleri, s\u00fcre\u00e7leri var. Bu s\u00fcre\u00e7lerde de bazen yo\u011fun bak\u0131m yo\u011funlu\u011fu, hekim ihtiyac\u0131 do\u011fabiliyor. Bunun en k\u0131sa s\u00fcrede, en yak\u0131n ilde \u00e7\u00f6zmek ad\u0131na bu yapt\u0131\u011f\u0131m\u0131z toplant\u0131lar\u0131n katk\u0131s\u0131 \u00e7ok faydal\u0131d\u0131r. D\u00fczenledi\u011fimiz toplant\u0131n\u0131n hay\u0131rl\u0131 olmas\u0131n\u0131 diliyorum. Sundu\u011fumuz sa\u011fl\u0131k hizmetlerine olumlu katk\u0131lar\u0131n\u0131n artarak devam etmesini diliyorum\u201d diye konu\u015ftu.<\/p>\n<p>\u0130zmir \u0130l Sa\u011fl\u0131k M\u00fcd\u00fcr\u00fc \u00d6ztop: \u201cYo\u011fun bak\u0131mlarda doluluk oranlar\u0131 y\u00fczde 100\u2019lerde\u201d<\/p>\n<p>\u0130zmir \u0130l Sa\u011fl\u0131k M\u00fcd\u00fcr\u00fc Op. Dr. Mehmet Burak \u00d6ztop ise yapt\u0131\u011f\u0131 konu\u015fmada yo\u011fun bak\u0131m hizmetlerinin koordinasyon edilmesinin \u00f6nemine vurgu yapt\u0131. \u00d6ztop, \u201cYo\u011fun bak\u0131mlar ve acil kay\u0131tlar\u0131yla ilgili ciddi koordinasyon ihtiyac\u0131 hissediyoruz hem b\u00f6lgemizde hem de T\u00fcrkiye\u2019nin tamam\u0131nda. \u00c7\u00fcnk\u00fc benim \u00e7al\u0131\u015ft\u0131\u011f\u0131m illerde ve T\u00fcrkiye\u2019nin genelinde de bir\u00e7ok yerde y\u00fczde 100\u2019e yak\u0131n ikinci ve \u00fc\u00e7\u00fcnc\u00fc basamak eri\u015fkin yo\u011fun bak\u0131m doluluklar\u0131yla ge\u00e7iriyoruz. Bizim ilimizde de di\u011fer illerde de y\u00fczde 90\u2019\u0131 yo\u011fun bak\u0131m ihtiyac\u0131ndan kaynakl\u0131. Bizim yo\u011fun bak\u0131mlar\u0131m\u0131z az m\u0131? Asl\u0131na bakarsan\u0131z de\u011fil. \u0130zmir\u2019le ilgili birka\u00e7 veri verecek olursam eri\u015fkin yo\u011fun bak\u0131m yatak say\u0131lar\u0131 sadece Kamu Hastanelerinde 537 tane, ama doluluk oran\u0131 y\u00fczde 90 birinci basamak da dahil olmak \u00fczere. \u00c7ocuk yo\u011fun bak\u0131m\u0131 52 tane ve y\u00fczde 85 dolulukta, yeni do\u011fan yo\u011fun bak\u0131m say\u0131s\u0131 175 tane. Toplamda 794 tane kamu hastanelerine ba\u011fl\u0131 yo\u011fun bak\u0131m yata\u011f\u0131m\u0131z var ve bunlar\u0131n toplam doluluk oran\u0131 y\u00fczde 90\u2019lar civar\u0131nda. Yine \u00fcniversitelerimizde 342, \u00f6zelde de 765 olmak \u00fczere \u0130zmir genelinde bin 901 yo\u011fun bak\u0131m\u0131m\u0131z var. Biz yo\u011fun bak\u0131m yeri bulmakta zorlan\u0131yoruz \u0130zmir\u2019de. Yine benzer \u015fekilde palyatif bak\u0131mlar\u0131 drenaj \u015fekilde kullan\u0131yoruz ve sadece kamuda bizim 379 tane palyatif bak\u0131m yata\u011f\u0131m\u0131z var. Bunlar\u0131n da doluluk oranlar\u0131 olduk\u00e7a y\u00fcksektir. Peki, bunlar\u0131 nas\u0131l yapmal\u0131y\u0131z? Bu koordinasyonlar\u0131 iyi sa\u011flamal\u0131y\u0131z. Hastalar\u0131n drenajlar\u0131n\u0131 iyi sa\u011flamal\u0131y\u0131z ve m\u00fcmk\u00fcnse endikasyon \u00e7al\u0131\u015fmalar\u0131n\u0131 \u00e7ok iyi yapmal\u0131y\u0131z. Yani yo\u011fun bak\u0131m ihtiyac\u0131 olmayan hastalar\u0131 sadece tedbir ama\u00e7l\u0131 yo\u011fun bak\u0131mlarda tutmamal\u0131y\u0131z. En az\u0131ndan seviyeleri a\u015fa\u011f\u0131ya indirerek \u00e7\u0131karmal\u0131y\u0131z. \u0130kinci ve \u00fc\u00e7\u00fcnc\u00fc basamaklar\u0131 daha kullanabilir hale getirmeliyiz\u201d ifadelerini kulland\u0131.<\/p>\n<p>\u201c\u0130ller aras\u0131 hasta sevkleri iyi planlanmal\u0131\u201d<\/p>\n<p>\u0130zmir \u0130l Sa\u011fl\u0131k M\u00fcd\u00fcr\u00fc \u00d6ztop konu\u015fmas\u0131n\u0131n devam\u0131nda, iller aras\u0131ndaki hasta sevklerine de de\u011finerek, \u201cBir de burada iller aras\u0131 nakillere \u00f6nemli bir vurgu yapmak istiyorum. \u0130ller aras\u0131 112 nakillerinde hasta koordinasyonu \u00e7ok \u00f6nemli. Bazen illerimize hasta sevk edildi\u011fi zaman kritik olan hasta merkezlerine veya 112 komuta merkezlerine bilgi vermeyi unutuyoruz. Dolay\u0131s\u0131yla bilgi verilmeyince hasta sevk edilmi\u015f oluyor, o yo\u011fun bak\u0131m yata\u011f\u0131 dolmu\u015f oluyor ama yo\u011fun bak\u0131m yata\u011f\u0131 dolan ilin kriz koordinasyon merkezleri ya da 112 komuta merkezinin bundan haberi olmuyor. Dolay\u0131s\u0131yla burada 112\u2019den arkada\u015flar\u0131m\u0131z da olacakt\u0131r, kendi aram\u0131zda bu sevkleri yaparken mutlaka buna dikkat etmeliyiz. Bir de \u0130zmir ili olarak biz b\u00f6lgenin ortas\u0131nda yer al\u0131yoruz. Bal\u0131kesir ve Manisa\u2019dan, Ayd\u0131n ve Mu\u011fla taraf\u0131na do\u011fru yol g\u00fczergah\u0131nda oldu\u011fumuz i\u00e7in bu sevklerde de asl\u0131nda bo\u015f ge\u00e7en ambulanslar\u0131 da komuta merkezlerinin haberi olmas\u0131 laz\u0131m. Bunun geri d\u00f6n\u00fc\u015flerde hasta sevklerinde bunun \u00e7ok faydal\u0131 olaca\u011f\u0131n\u0131 d\u00fc\u015f\u00fcn\u00fcyoruz. Bu toplant\u0131lar\u0131 daha s\u0131k ve y\u00fcksek kat\u0131l\u0131mlarla bir araya gelerek yapmam\u0131z gerekti\u011fine inan\u0131yorum\u201d diye konu\u015ftu.<\/p>\n<p>Her ilin sunumlar\u0131 yap\u0131ld\u0131<\/p>\n<p>A\u00e7\u0131l\u0131\u015fta yap\u0131lan konu\u015fmalar\u0131n ard\u0131ndan ba\u015fta Bal\u0131kesir olmak \u00fczere Ayd\u0131n, \u00c7anakkale, Denizli, \u0130zmir, Manisa, Mu\u011fla ve U\u015fak illerinin yo\u011fun bak\u0131m say\u0131lar\u0131 ile iller aras\u0131ndaki hasta sevklerinin yer ald\u0131\u011f\u0131 sunumlar ger\u00e7ekle\u015ftirildi. Yap\u0131lan sunumlar\u0131n ard\u0131ndan yo\u011fun bak\u0131m hizmetlerinin iyi planlanarak hasta sevklerinin ona g\u00f6re yap\u0131lmas\u0131 gerekti\u011fi belirtildi.<\/p>\n","protected":false},"excerpt":{"rendered":"<p>BALIKES\u0130R \u0130L SA\u011eLIK M\u00dcD\u00dcRL\u00dc\u011e\u00dc EV SAH\u0130PL\u0130\u011e\u0130NDE GER\u00c7EKLE\u015eT\u0130R\u0130LEN YO\u011eUN BAKIM H\u0130ZMET S\u00dcRE\u00c7LER\u0130N\u0130 DE\u011eERLEND\u0130RME TOPLANTISI 8 \u0130L\u0130N \u0130L SA\u011eLIK M\u00dcD\u00dcRLER\u0130N\u0130 B\u0130R ARAYA GET\u0130RD\u0130.<\/p>\n","protected":false},"author":1,"featured_media":189062,"comment_status":"closed","ping_status":"open","sticky":false,"template":"","format":"standard","meta":{"jetpack_post_was_ever_published":false,"_jetpack_newsletter_access":"","_jetpack_dont_email_post_to_subs":false,"_jetpack_newsletter_tier_id":0,"_jetpack_memberships_contains_paywalled_content":false,"_jetpack_memberships_contains_paid_content":false,"footnotes":"","jetpack_publicize_message":"","jetpack_publicize_feature_enabled":true,"jetpack_social_post_already_shared":true,"jetpack_social_options":{"image_generator_settings":{"template":"highway","default_image_id":0,"font":"","enabled":false},"version":2}},"categories":[1],"tags":[1113,734,249,411],"class_list":["post-189061","post","type-post","status-publish","format-standard","has-post-thumbnail","hentry","category-genel","tag-balikesirde","tag-saglik","tag-toplandi","tag-zirvesi"],"jetpack_publicize_connections":[],"jetpack_featured_media_url":"https:\/\/i0.wp.com\/www.tvturk.com\/wp-content\/uploads\/2019\/08\/saglik-zirvesi-balikesirde-toplandi_186e18d.jpg?fit=1000%2C666","jetpack_sharing_enabled":true,"jetpack_shortlink":"https:\/\/wp.me\/paKIfm-Nbn","_links":{"self":[{"href":"http:\/\/www.tvturk.com\/index.php\/wp-json\/wp\/v2\/posts\/189061","targetHints":{"allow":["GET"]}}],"collection":[{"href":"http:\/\/www.tvturk.com\/index.php\/wp-json\/wp\/v2\/posts"}],"about":[{"href":"http:\/\/www.tvturk.com\/index.php\/wp-json\/wp\/v2\/types\/post"}],"author":[{"embeddable":true,"href":"http:\/\/www.tvturk.com\/index.php\/wp-json\/wp\/v2\/users\/1"}],"replies":[{"embeddable":true,"href":"http:\/\/www.tvturk.com\/index.php\/wp-json\/wp\/v2\/comments?post=189061"}],"version-history":[{"count":0,"href":"http:\/\/www.tvturk.com\/index.php\/wp-json\/wp\/v2\/posts\/189061\/revisions"}],"wp:featuredmedia":[{"embeddable":true,"href":"http:\/\/www.tvturk.com\/index.php\/wp-json\/wp\/v2\/media\/189062"}],"wp:attachment":[{"href":"http:\/\/www.tvturk.com\/index.php\/wp-json\/wp\/v2\/media?parent=189061"}],"wp:term":[{"taxonomy":"category","embeddable":true,"href":"http:\/\/www.tvturk.com\/index.php\/wp-json\/wp\/v2\/categories?post=189061"},{"taxonomy":"post_tag","embeddable":true,"href":"http:\/\/www.tvturk.com\/index.php\/wp-json\/wp\/v2\/tags?post=189061"}],"curies":[{"name":"wp","href":"https:\/\/api.w.org\/{rel}","templated":true}]}}