{"id":189065,"date":"2019-08-01T15:46:36","date_gmt":"2019-08-01T12:46:36","guid":{"rendered":"http:\/\/www.tvturk.com\/index.php\/bursada-muhtesem-dugun\/"},"modified":"2019-08-01T15:46:36","modified_gmt":"2019-08-01T12:46:36","slug":"bursada-muhtesem-dugun","status":"publish","type":"post","link":"http:\/\/www.tvturk.com\/index.php\/bursada-muhtesem-dugun\/","title":{"rendered":"Bursa\u2019da muhte\u015fem d\u00fc\u011f\u00fcn"},"content":{"rendered":"<p>Harput Holding Y\u00f6netim Kurulu Ba\u015fkan\u0131 Muhammed Etkeser ve Filiz Etkeser\u2019in avukat o\u011fullar\u0131 Ayberk Etkeser ile Dr. Mehmet Bilgin ve Selda Bilgin\u2019in kimya ve biyoloji m\u00fchendisi k\u0131zlar\u0131 Zeynep Bilgin muhte\u015fem bir d\u00fc\u011f\u00fcn t\u00f6reniyle evlendi.<\/p>\n<p>Ko\u00e7 \u00dcniversitesi\u2019nde ba\u015flayan arkada\u015fl\u0131klar\u0131n\u0131 evlilikle ta\u00e7land\u0131ran \u00e7iftin d\u00fc\u011f\u00fcn t\u00f6reni Hilton Oteli Balo Salonu\u2019nda \u00e7ok say\u0131da davetlinin kat\u0131l\u0131m\u0131 ile ger\u00e7ekle\u015fti. Bursa B\u00fcy\u00fck\u015fehir Belediye Ba\u015fkan\u0131 Alinur Akta\u015f\u2019\u0131n k\u0131yd\u0131\u011f\u0131 nikah\u0131n \u015fahitli\u011fini 65. H\u00fck\u00fcmet Ba\u015fbakan Yard\u0131mc\u0131s\u0131 Bursa Milletvekili Hakan \u00c7avu\u015fo\u011flu, Osmangazi Belediye Ba\u015fkan\u0131 Mustafa D\u00fcndar, Bursal\u0131 sanayici Turan Karako\u00e7 ile gen\u00e7 \u00e7iftin arkada\u015flar\u0131 yapt\u0131.<\/p>\n<p>TerimEvents taraf\u0131ndan organize edilen d\u00fc\u011f\u00fcn i\u00e7in balo salonu; duvar kaplamalar\u0131, \u00f6zel efektler mumlar, kristaller ve canl\u0131 \u00e7i\u00e7eklerle yeniden dekore edilerek \u00e7i\u00e7ek bah\u00e7esine d\u00f6n\u00fc\u015ft\u00fcr\u00fcld\u00fc.  64. ve 65. H\u00fck\u00fcmetlerde G\u0131da, Tar\u0131m ve Hayvanc\u0131l\u0131k Bakanl\u0131\u011f\u0131n\u0131 y\u00fcr\u00fcten 24. D\u00f6nem Bursa Milletvekili Faruk \u00c7elik ile 26. D\u00f6nem Bursa Milletvekili Kadir Ko\u00e7demir ve Mersin Cumhuriyet Ba\u015fsavc\u0131s\u0131 Mustafa Ercan\u2019\u0131n da kat\u0131ld\u0131\u011f\u0131 d\u00fc\u011f\u00fcne Sa\u011fl\u0131k Bakan\u0131 Dr.Fahrettin Koca ve Bursa Milletvekili ve MHP Genel Sekreteri \u0130smet B\u00fcy\u00fckataman telgraflar\u0131yla i\u015ftirak etti.<\/p>\n<p>Bursa i\u015f, siyaset ve cemiyet hayat\u0131ndan \u00e7ok say\u0131da se\u00e7kin davetlinin kat\u0131ld\u0131\u011f\u0131 d\u00fc\u011f\u00fcnde sanat\u00e7\u0131 Yal\u0131n sahne ald\u0131.<\/p>\n","protected":false},"excerpt":{"rendered":"<p>ETKESER VE B\u0130LG\u0130N A\u0130LELER\u0130N\u0130N D\u00dc\u011e\u00dcN\u00dc \u0130\u015e, S\u0130YASET VE SANAT D\u00dcNYASINI BULU\u015eTURDU<\/p>\n","protected":false},"author":1,"featured_media":189066,"comment_status":"closed","ping_status":"open","sticky":false,"template":"","format":"standard","meta":{"jetpack_post_was_ever_published":false,"_jetpack_newsletter_access":"","_jetpack_dont_email_post_to_subs":false,"_jetpack_newsletter_tier_id":0,"_jetpack_memberships_contains_paywalled_content":false,"_jetpack_memberships_contains_paid_content":false,"footnotes":"","jetpack_publicize_message":"","jetpack_publicize_feature_enabled":true,"jetpack_social_post_already_shared":true,"jetpack_social_options":{"image_generator_settings":{"template":"highway","default_image_id":0,"font":"","enabled":false},"version":2}},"categories":[1],"tags":[1032,3605,10713],"class_list":["post-189065","post","type-post","status-publish","format-standard","has-post-thumbnail","hentry","category-genel","tag-bursada","tag-dugun","tag-muhtesem"],"jetpack_publicize_connections":[],"jetpack_featured_media_url":"https:\/\/i0.wp.com\/www.tvturk.com\/wp-content\/uploads\/2019\/08\/bursada-muhtesem-dugun_0a3d0df.jpg?fit=1000%2C666","jetpack_sharing_enabled":true,"jetpack_shortlink":"https:\/\/wp.me\/paKIfm-Nbr","_links":{"self":[{"href":"http:\/\/www.tvturk.com\/index.php\/wp-json\/wp\/v2\/posts\/189065","targetHints":{"allow":["GET"]}}],"collection":[{"href":"http:\/\/www.tvturk.com\/index.php\/wp-json\/wp\/v2\/posts"}],"about":[{"href":"http:\/\/www.tvturk.com\/index.php\/wp-json\/wp\/v2\/types\/post"}],"author":[{"embeddable":true,"href":"http:\/\/www.tvturk.com\/index.php\/wp-json\/wp\/v2\/users\/1"}],"replies":[{"embeddable":true,"href":"http:\/\/www.tvturk.com\/index.php\/wp-json\/wp\/v2\/comments?post=189065"}],"version-history":[{"count":0,"href":"http:\/\/www.tvturk.com\/index.php\/wp-json\/wp\/v2\/posts\/189065\/revisions"}],"wp:featuredmedia":[{"embeddable":true,"href":"http:\/\/www.tvturk.com\/index.php\/wp-json\/wp\/v2\/media\/189066"}],"wp:attachment":[{"href":"http:\/\/www.tvturk.com\/index.php\/wp-json\/wp\/v2\/media?parent=189065"}],"wp:term":[{"taxonomy":"category","embeddable":true,"href":"http:\/\/www.tvturk.com\/index.php\/wp-json\/wp\/v2\/categories?post=189065"},{"taxonomy":"post_tag","embeddable":true,"href":"http:\/\/www.tvturk.com\/index.php\/wp-json\/wp\/v2\/tags?post=189065"}],"curies":[{"name":"wp","href":"https:\/\/api.w.org\/{rel}","templated":true}]}}