{"id":189075,"date":"2019-08-01T15:47:27","date_gmt":"2019-08-01T12:47:27","guid":{"rendered":"http:\/\/www.tvturk.com\/index.php\/nihat-ozdemirden-ibb-baskani-imamogluna-ziyaret\/"},"modified":"2019-08-01T15:47:27","modified_gmt":"2019-08-01T12:47:27","slug":"nihat-ozdemirden-ibb-baskani-imamogluna-ziyaret","status":"publish","type":"post","link":"http:\/\/www.tvturk.com\/index.php\/nihat-ozdemirden-ibb-baskani-imamogluna-ziyaret\/","title":{"rendered":"Nihat \u00d6zdemir\u2019den \u0130BB Ba\u015fkan\u0131 \u0130mamo\u011flu\u2019na ziyaret"},"content":{"rendered":"<p>T\u00fcrkiye Futbol Federasyonu (TFF) Ba\u015fkan\u0131 Nihat \u00d6zdemir, \u0130stanbul B\u00fcy\u00fck\u015fehir Belediye Ba\u015fkan\u0131 (\u0130BB) Ekrem \u0130mamo\u011flu\u2019nu ziyaret etti.<\/p>\n<p>\u0130BB Ba\u015fkan\u0131 Ekrem \u0130mamo\u011flu, TFF Ba\u015fkan\u0131 Nihat \u00d6zdemir ve y\u00f6netim kurulu \u00fcyeleri Servet Yard\u0131mc\u0131, Erhan Kam\u0131\u015fl\u0131, Mustafa \u00c7a\u011flar, Mustafa Hac\u0131kerimo\u011flu ve Kadir Karda\u015f\u2019\u0131 Sara\u00e7hane\u2019deki makam odas\u0131nda a\u011f\u0131rlad\u0131. TFF y\u00f6netimine ziyaretlerinden dolay\u0131 te\u015fekk\u00fcrlerini ileten \u0130mamo\u011flu, &#8220;TFF, T\u00fcrkiye\u2019nin en fazla konu\u015fulan ya da en fazla ilgi duyulan kurumlar\u0131ndan bir tanesi. Futbol sevdal\u0131s\u0131 bir \u00fclkeyiz. Sizlere \u00e7al\u0131\u015fmalar\u0131n\u0131zda ba\u015far\u0131lar diliyorum. Bir yandan sezona haz\u0131rl\u0131k yap\u0131l\u0131yor. Bir yandan kul\u00fcplerin sorunlar\u0131 var, onlara \u00e7\u00f6z\u00fcm olacaks\u0131n\u0131z. Spor y\u00f6neticili\u011finden gelen bir taraf\u0131m\u0131z var. \u00d6n\u00fcm\u00fczde de 14 A\u011fustos\u2019ta, T\u00fcrkiye\u2019nin ve \u0130stanbul\u2019un ev sahipli\u011fi var UEFA S\u00fcper Kupa\u2019yla ilgili. Bir g\u00fcndemimiz de o. Bu sene \u00e7ok yo\u011fun bir se\u00e7im g\u00fcndemi ya\u015fand\u0131. G\u00f6n\u00fcl isterdi ki, \u0130stanbul bu i\u015fe 6-7 ayd\u0131r haz\u0131rl\u0131k yaps\u0131n, d\u00fcnya \u00e7ap\u0131nda bir misafirperverlik g\u00f6stersin. Misafirperverlikten \u015f\u00fcphemiz yok ama daha b\u00fcy\u00fck bir tan\u0131t\u0131m ve organizasyonla, futbolun \u00e7arpan etkisiyle turizme ve onun d\u0131\u015f\u0131nda bir\u00e7ok y\u00f6n\u00fcyle daha y\u00fcksek bir kar\u015f\u0131lama olsun diye beklerdik ancak T\u00fcrkiye\u2019nin ve \u0130stanbul\u2019un g\u00fcndemi yo\u011fun. Belki biraz sadece i\u015fin federasyon taraf\u0131nda kald\u0131&#8221; dedi.<\/p>\n<p>\u00d6zdemir: &#8220;Organizasyon komitemiz \u00e7al\u0131\u015f\u0131yor&#8221;<\/p>\n<p>Kendilerinin de bir se\u00e7im d\u00f6nemi ya\u015fad\u0131klar\u0131n\u0131 belirten \u00d6zdemir ise, &#8220;1 Haziran\u2019da g\u00f6reve geldik ama \u00f6nceki y\u00f6netimde de oldu\u011fumuz i\u00e7in bu programla devam ettik. Eski \u0130BB Ba\u015fkan\u0131\u2019yla da valilikle de g\u00f6r\u00fc\u015fmeye devam ettik. As\u0131l organizasyon UEFA\u2019da. Hepimiz, UEFA\u2019n\u0131n organizasyonuna yard\u0131m etmek i\u00e7in \u00e7al\u0131\u015faca\u011f\u0131z. Organizasyon komitemiz zaten \u00e7al\u0131\u015f\u0131yor. \u0130n\u015fallah sizle beraber de \u00e7al\u0131\u015faca\u011f\u0131z&#8221; diye konu\u015ftu.<\/p>\n<p>TFF heyeti, g\u00f6r\u00fc\u015fmenin sonunda \u0130mamo\u011flu\u2019na, arkalar\u0131nda ad\u0131n\u0131n yaz\u0131l\u0131 oldu\u011fu biri beyaz 61 numaral\u0131, di\u011feri k\u0131rm\u0131z\u0131 34 numaral\u0131 2 farkl\u0131 T\u00fcrk Milli Tak\u0131m\u0131 formas\u0131 hediye etti.<\/p>\n","protected":false},"excerpt":{"rendered":"<p>T\u00dcRK\u0130YE FUTBOL FEDERASYONU (TFF) BA\u015eKANI N\u0130HAT \u00d6ZDEM\u0130R, \u0130STANBUL B\u00dcY\u00dcK\u015eEH\u0130R BELED\u0130YE BA\u015eKANI (\u0130BB) EKREM \u0130MAMO\u011eLU&#8217;NU Z\u0130YARET ETT\u0130.<\/p>\n","protected":false},"author":1,"featured_media":189076,"comment_status":"closed","ping_status":"open","sticky":false,"template":"","format":"standard","meta":{"jetpack_post_was_ever_published":false,"_jetpack_newsletter_access":"","_jetpack_dont_email_post_to_subs":false,"_jetpack_newsletter_tier_id":0,"_jetpack_memberships_contains_paywalled_content":false,"_jetpack_memberships_contains_paid_content":false,"footnotes":"","jetpack_publicize_message":"","jetpack_publicize_feature_enabled":true,"jetpack_social_post_already_shared":true,"jetpack_social_options":{"image_generator_settings":{"template":"highway","default_image_id":0,"font":"","enabled":false},"version":2}},"categories":[657],"tags":[216,21126,2721,4609,11591,150],"class_list":["post-189075","post","type-post","status-publish","format-standard","has-post-thumbnail","hentry","category-spor","tag-baskani","tag-ibb","tag-imamogluna","tag-nihat","tag-ozdemirden","tag-ziyaret"],"jetpack_publicize_connections":[],"jetpack_featured_media_url":"https:\/\/i0.wp.com\/www.tvturk.com\/wp-content\/uploads\/2019\/08\/nihat-ozdemirden-ibb-baskani-imamogluna-ziyaret_2be1c60.jpg?fit=1000%2C693","jetpack_sharing_enabled":true,"jetpack_shortlink":"https:\/\/wp.me\/paKIfm-NbB","_links":{"self":[{"href":"http:\/\/www.tvturk.com\/index.php\/wp-json\/wp\/v2\/posts\/189075","targetHints":{"allow":["GET"]}}],"collection":[{"href":"http:\/\/www.tvturk.com\/index.php\/wp-json\/wp\/v2\/posts"}],"about":[{"href":"http:\/\/www.tvturk.com\/index.php\/wp-json\/wp\/v2\/types\/post"}],"author":[{"embeddable":true,"href":"http:\/\/www.tvturk.com\/index.php\/wp-json\/wp\/v2\/users\/1"}],"replies":[{"embeddable":true,"href":"http:\/\/www.tvturk.com\/index.php\/wp-json\/wp\/v2\/comments?post=189075"}],"version-history":[{"count":0,"href":"http:\/\/www.tvturk.com\/index.php\/wp-json\/wp\/v2\/posts\/189075\/revisions"}],"wp:featuredmedia":[{"embeddable":true,"href":"http:\/\/www.tvturk.com\/index.php\/wp-json\/wp\/v2\/media\/189076"}],"wp:attachment":[{"href":"http:\/\/www.tvturk.com\/index.php\/wp-json\/wp\/v2\/media?parent=189075"}],"wp:term":[{"taxonomy":"category","embeddable":true,"href":"http:\/\/www.tvturk.com\/index.php\/wp-json\/wp\/v2\/categories?post=189075"},{"taxonomy":"post_tag","embeddable":true,"href":"http:\/\/www.tvturk.com\/index.php\/wp-json\/wp\/v2\/tags?post=189075"}],"curies":[{"name":"wp","href":"https:\/\/api.w.org\/{rel}","templated":true}]}}