{"id":189081,"date":"2019-08-01T16:01:59","date_gmt":"2019-08-01T13:01:59","guid":{"rendered":"http:\/\/www.tvturk.com\/index.php\/5inci-donem-toplu-sozlesme-gorusmeleri-basladi\/"},"modified":"2019-08-01T16:01:59","modified_gmt":"2019-08-01T13:01:59","slug":"5inci-donem-toplu-sozlesme-gorusmeleri-basladi","status":"publish","type":"post","link":"http:\/\/www.tvturk.com\/index.php\/5inci-donem-toplu-sozlesme-gorusmeleri-basladi\/","title":{"rendered":"5\u2019inci D\u00f6nem Toplu S\u00f6zle\u015fme g\u00f6r\u00fc\u015fmeleri ba\u015flad\u0131"},"content":{"rendered":"<p>Aile, \u00c7al\u0131\u015fma ve Sosyal Hizmetler Bakanl\u0131\u011f\u0131nda ba\u015flayan 5\u2019inci D\u00f6nem Toplu S\u00f6zle\u015fme g\u00f6r\u00fc\u015fmelerinin a\u00e7\u0131l\u0131\u015f toplant\u0131s\u0131nda konu\u015fan Memur-Sen Genel Ba\u015fkan\u0131 Ali Yal\u00e7\u0131n, \u201cB\u00fcy\u00fck T\u00fcrkiye\u2019den pay\u0131m\u0131z\u0131, yeni T\u00fcrkiye\u2019den haklar\u0131m\u0131z\u0131, g\u00fc\u00e7l\u00fc T\u00fcrkiye\u2019den pay\u0131m\u0131za d\u00fc\u015fen f\u0131rsat ve imk\u00e2nlar\u0131 istiyoruz. Oransal zamla; devlet b\u00fct\u00e7esinde ger\u00e7ekle\u015fen dengelenmenin kamu g\u00f6revlilerinin b\u00fct\u00e7esinde de ger\u00e7ekle\u015fmesini, taban ayl\u0131\u011fa zamla; kamu g\u00f6revlileri aras\u0131ndaki maa\u015f makas\u0131n\u0131n biraz daha k\u00fc\u00e7\u00fclmesini, refah pay\u0131yla; maa\u015f ve \u00fccretleri kamu g\u00f6revlilerinin \u00fczerinden ge\u00e7im derdi noktas\u0131nda ferahlamas\u0131n\u0131, enflasyon fark\u0131yla; olas\u0131 s\u00fcrprizlere kar\u015f\u0131 kamu g\u00f6revlerinin maa\u015f ve \u00fccretlerinin enflasyona kar\u015f\u0131 koruma alt\u0131na al\u0131nmas\u0131n\u0131 teklif ediyoruz\u201d dedi.<\/p>\n<p>Kamu g\u00f6revlilerinin 2020-2021 y\u0131llar\u0131ndaki sosyal ve mali haklar\u0131n\u0131n belirlenece\u011fi 5\u2019inci D\u00f6nem Toplu S\u00f6zle\u015fme g\u00f6r\u00fc\u015fmeleri, Aile, \u00c7al\u0131\u015fma ve Sosyal Hizmetler Bakanl\u0131\u011f\u0131 Re\u015fat Moral\u0131 Toplant\u0131 Salonu\u2019nda ba\u015flad\u0131. A\u011fustos ay\u0131n\u0131 kapsayacak \u015fekilde s\u00fcrecek olan g\u00f6r\u00fc\u015fmelerin start\u0131, Kamu \u0130\u015fveren Heyeti Ba\u015fkan\u0131 ve Aile, \u00c7al\u0131\u015fma ve Sosyal Hizmetler Bakan\u0131 Zehra Z\u00fcmr\u00fct Sel\u00e7uk, Kamu G\u00f6revlileri Sendikalar\u0131 Heyet Ba\u015fkan\u0131 ve Memur-Sen Genel Ba\u015fkan\u0131 Ali Yal\u00e7\u0131n, Memur-Sen Y\u00f6netim Kurulu \u00fcyeleri, Memur-Sen\u2019e ba\u011fl\u0131 sendikalar\u0131n ba\u015fkanlar\u0131 ve temsilcileri ile di\u011fer memur sendikalar\u0131ndan y\u00f6neticilerin kat\u0131l\u0131m\u0131yla verildi.<\/p>\n<p>G\u00f6r\u00fc\u015fmede Yal\u00e7\u0131n, tekliflerinin mali olarak rasyonel, \u00f6zg\u00fcrl\u00fck ve haklar anlam\u0131yla da reformist oldu\u011funu kaydederek, olumlu yan\u0131t beklediklerini vurgulad\u0131.<\/p>\n<p>&#8220;Toplu s\u00f6zle\u015fme masas kamu g\u00f6revlilerinin hakk\u0131n\u0131 alma m\u00fccadelesinde payla\u015fma ve dayan\u0131\u015fmaya aparat olmal\u0131&#8221;<\/p>\n<p>Toplu s\u00f6zle\u015fme masas\u0131n\u0131n misyonunun kamu g\u00f6revlilerinin emeklerinin de\u011ferini art\u0131rmak oldu\u011funu ifade eden Genel Ba\u015fkan Ali Yal\u00e7\u0131n, toplu pazarl\u0131k masas\u0131n\u0131n hedefinin ise kamu g\u00f6revlilerini s\u00fcrd\u00fcr\u00fclebilir adil refah d\u00fczeyine ula\u015ft\u0131rmak, yasak ve engellerden kurtarmak, \u00e7al\u0131\u015fma \u015fartlar\u0131 noktas\u0131nda sayg\u0131n i\u015f anlay\u0131\u015f\u0131yla bulu\u015fturmak oldu\u011funu belirtti. Yal\u00e7\u0131n s\u00f6zlerine \u015fu \u015fekilde devam etti:<\/p>\n<p>&#8220;Kamu g\u00f6revlileri sendikalar\u0131 heyet ba\u015fkan\u0131 olarak; heyetimizin b\u00fct\u00fcn \u00fcyelerinden bu misyon, hedef ve vizyon \u00e7er\u00e7evesinde s\u00fcrece katk\u0131 ve kat\u0131l\u0131m sa\u011flamalar\u0131n\u0131 bekliyorum. Ben inan\u0131yorum ki emek \u00f6rg\u00fctleri ve buradaki temsilcileri toplu pazarl\u0131k masas\u0131 ve s\u00fcrecini, \u00f6rg\u00fctsel rekabet sahnesi ya da dekoru olarak g\u00f6rmek ve kullanmak hatas\u0131na d\u00fc\u015fmeyecektir. Masan\u0131n emek kesimi taraf\u0131ndaki herkesin konumu, durumu, yetki ve sorumluluk e\u015fi\u011fi, di\u011ferlerinin reddetmesini hukuken imk\u00e2ns\u0131z, fiilen gereksiz hale getirecek kadar a\u00e7\u0131k ve sarihtir. Heyetimizde yer alan yetkili konfederasyon temsilcisi ile yetkili sendikalar\u0131n temsilcilerinin hareket ve yetki alanlar\u0131n\u0131n kapsam\u0131 da s\u0131n\u0131r\u0131 da bellidir. Heyetimizdeki iki konfederasyonunun yani Kamu-Sen ve KESK temsilcilerinin de s\u00fcre\u00e7te, masada ve oturumlardaki konumlar\u0131 ve durumlar\u0131 hem mevzuat hem de uygulama bak\u0131m\u0131ndan son derece a\u00e7\u0131kt\u0131r.\u201d<\/p>\n<p>Toplu s\u00f6zle\u015fme masas\u0131n\u0131n emek \u00f6rg\u00fctleri aras\u0131nda \u00e7at\u0131\u015fma ve sata\u015fmaya de\u011fil, kamu g\u00f6revlilerinin emeklerinin hakk\u0131n\u0131 alma m\u00fccadelesinde payla\u015fma ve dayan\u0131\u015fmaya aparat olmas\u0131 gerekti\u011fine dikkat \u00e7eken Yal\u00e7\u0131n, masan\u0131n sadece Sendikalar Heyeti a\u00e7\u0131s\u0131ndan de\u011fil Kamu \u0130\u015fveren Heyeti a\u00e7\u0131s\u0131ndan da misyon, hedef ve vizyon noktas\u0131nda e\u015fikler i\u00e7erdi\u011fine i\u015faret etti.<\/p>\n<p>\u2018\u2019Bu masan\u0131n g\u00fcndemi emektir\u2019\u2019<\/p>\n<p>\u201cToplu pazarl\u0131k masas\u0131 Kamu \u0130\u015fveren Heyeti a\u00e7\u0131s\u0131ndan da, maa\u015flar\u0131 art\u0131rman\u0131n, \u00fccretleri iyile\u015ftirmenin, nimeti hat\u00e7a b\u00f6l\u00fc\u015ft\u00fcrmenin, gelir da\u011f\u0131l\u0131m\u0131nda dengeyi ve adaleti tesis etmenin, gereksiz ve haks\u0131z y\u00fcklenen k\u00fclfetlere son vermenin arac\u0131 olarak g\u00f6r\u00fclmelidir\u201d diyen Yal\u00e7\u0131n, \u201cKamu \u0130\u015fveren Heyeti\u2019nin Ba\u015fkan\u0131 ve \u00fcyeleri de; eme\u011fe hakk\u0131n\u0131 teslim etmek, kamu g\u00f6revlilerini ara rejim ve vesayet s\u00fcre\u00e7lerinin \u00fcretti\u011fi vehim ve yasaklardan azad etmek noktas\u0131nda sorumluluk almakla m\u00fckelleftir. Kamu \u0130\u015fveren Heyeti hem kolektif irade olarak hem de tek tek her \u00fcyesi bak\u0131m\u0131ndan; ne cimri i\u015fveren ne de kurnaz t\u00fcccar mantalitesiyle s\u00fcrece katk\u0131 sa\u011flama hatas\u0131na kesinlikle d\u00fc\u015fmemelidir. Her birimizin ve her iki Heyetin kesinlikle hat\u0131rdan \u00e7\u0131karmamas\u0131 gereken \u015fudur ki bu masan\u0131n g\u00fcndemi emektir, bu masan\u0131n g\u00fcndemi ekmektir. Toplu pazarl\u0131k, rakamlar\u0131n ve oranlar\u0131n hesaplan\u0131p belirlendi\u011fi ekonomik i\u015fler ve matematik i\u015flemler s\u00fcreci de\u011fildir. Toplu pazarl\u0131k, insana ve eme\u011fine verilen de\u011ferin belirlenip sisteme ve hayata aktar\u0131lmas\u0131n\u0131n, medeniyet iradesi ve adalet terazisi zeminidir. Hem s\u00fcre\u00e7 hem de masa noktas\u0131nda toplu pazarl\u0131\u011f\u0131n; asli \u00f6znesinin insan, mutlak gayesinin adalet ve de\u011fi\u015fmez y\u00f6nteminin taraflar aras\u0131 e\u015fitlik oldu\u011funu unutulmamal\u0131d\u0131r. Toplu s\u00f6zle\u015fme hakk\u0131n\u0131n ve toplu pazarl\u0131k masas\u0131n\u0131n; hem eme\u011fin ederini ifade eden rakamlar\u0131 y\u00fckseltmeye hem de eme\u011fi ve emek veren insan\u0131n de\u011ferini y\u00fcceltmeye matuf oldu\u011fu da hat\u0131rdan \u00e7\u0131kar\u0131lmamal\u0131d\u0131r\u201d diye konu\u015ftu.<\/p>\n<p>Memur-Sen Genel Ba\u015fkan\u0131 Ali Yal\u00e7\u0131n, konu\u015fmas\u0131nda \u00f6nceki d\u00f6nem toplu s\u00f6zle\u015fmelerine de de\u011findi. Yal\u00e7\u0131n,  \u201c2016-2017 y\u0131llar\u0131n\u0131 kapsayan 3. D\u00f6nem Toplu S\u00f6zle\u015fme\u2019de masaya 744 teklif sunulmu\u015f, masa toplam 211 kazan\u0131m \u00fcretmi\u015f. Bunun anlam\u0131, her hizmet kolunda ortalama 62 teklif sunulmu\u015f ve masaya sunulan her 100 teklifin 28\u2019i kazan\u0131ma d\u00f6n\u00fc\u015fm\u00fc\u015ft\u00fcr. Benzer de\u011ferlendirmeyi 4. D\u00f6nem i\u00e7in yapt\u0131\u011f\u0131m\u0131zda ortaya \u00e7\u0131kan tablo bize \u015funu s\u00f6yl\u00fcyor; masaya sunulan teklif say\u0131s\u0131 (bir \u00f6ncekinde kabul edilenlerin de etkisiyle) azal\u0131rken, tekliflerin kazan\u0131ma d\u00f6n\u00fc\u015fme oran\u0131 ise artm\u0131\u015f, birlikte \u00e7\u00f6zme iradesi geli\u015fmi\u015f g\u00f6z\u00fck\u00fcyor. 2018-2109 y\u0131llar\u0131n\u0131 kapsayan 4. D\u00f6nem Toplu S\u00f6zle\u015fme s\u00fcrecinde yetkili konfederasyon Memur-Sen ve her hizmet kolundaki yetkili sendikalar\u0131n toplu pazarl\u0131k masas\u0131na ta\u015f\u0131d\u0131\u011f\u0131 teklif say\u0131s\u0131 toplamda 652 olarak g\u00f6z\u00fck\u00fcyor. Bir ba\u015fka ifadeyle, toplamda 12 toplu s\u00f6zle\u015fme teklifi oldu\u011funu d\u00fc\u015f\u00fcn\u00fcrsek ortalama her toplu s\u00f6zle\u015fme i\u00e7in 54 teklif sunulmu\u015f. S\u00fcrecin yani toplu pazarl\u0131\u011f\u0131n sonunda imza alt\u0131na al\u0131nan toplu s\u00f6zle\u015fme metinlerinde 259 kazan\u0131m \u00fcretilmi\u015f ve sorun \u00e7\u00f6z\u00fcme kavu\u015fturulmu\u015f. Bir ba\u015fka ifadeyle, masaya sunulan her 100 tekliften 40\u2019\u0131 kazan\u0131ma d\u00f6n\u00fc\u015fm\u00fc\u015f, her 100 sorundan 40\u2019\u0131 \u00e7\u00f6z\u00fcme kavu\u015fturulmu\u015f gibi d\u00fc\u015f\u00fcnmek gerekiyor. Bunun anlam\u0131 \u015fudur; toplu pazarl\u0131k masas\u0131, toplu s\u00f6zle\u015fme s\u00fcreci; sorunlar\u0131n g\u00f6r\u00fclmesini, \u00e7\u00f6z\u00fclmesini, ortak akl\u0131n harekete ge\u00e7mesini sa\u011fl\u0131yor. \u0130\u015fveren ve emek taraf\u0131 Heyeti temsilcilerinin birlikte ak\u0131l teri d\u00f6kt\u00fc\u011f\u00fc bu masa; beklentilerin ifade edilmesine, tekliflerin hakl\u0131l\u0131\u011f\u0131n\u0131n ispat edilmesine, kamu personel sisteminin birlikte ve kat\u0131l\u0131mc\u0131 bir zeminde in\u015fa edilmesine arac\u0131l\u0131k ediyor\u201d ifadelerini kulland\u0131.<\/p>\n<p>Yal\u00e7\u0131n, 5. D\u00f6nem Toplu S\u00f6zle\u015fme s\u00fcrecinde bu kazan\u0131mlardaki \u00e7\u0131tan\u0131n biraz daha yukar\u0131 ta\u015f\u0131nmas\u0131 gerekti\u011fini belirterek, yetkili konfederasyonun ve yetkili sendikalar\u0131n sundu\u011fu teklifler itibariyle toplam 624 teklifin sunuldu\u011funu kaydetti. 4. d\u00f6neme g\u00f6re teklif say\u0131s\u0131nda azalman\u0131n oldu\u011funu s\u00f6yleyen Yal\u00e7\u0131n, bunun da 4. D\u00f6nem Toplu S\u00f6zle\u015fme ile birlikte sorunlar\u0131n bir b\u00f6l\u00fcm\u00fc \u00e7\u00f6z\u00fcme kavu\u015fturulmu\u015f olmas\u0131ndan kaynakl\u0131 oldu\u011funu s\u00f6yledi.<\/p>\n<p>&#8220;Eme\u011fin hakk\u0131n\u0131n ekonomik \u00f6ng\u00f6r\u00fclere mahk\u00fbm ve mecbur b\u0131rak\u0131lmas\u0131n\u0131 do\u011fru bulmuyoruz&#8221;<\/p>\n<p>Memur-Sen Genel Ba\u015fkan\u0131 Ali Yal\u00e7\u0131n s\u00f6zlerine \u015fu \u015fekilde devam etti:<\/p>\n<p>\u201cK\u00fcresel d\u00fczeyde ger\u00e7ekle\u015fen finansal s\u0131k\u0131la\u015ft\u0131rma politikalar\u0131, \u00fclkelerin i\u00e7 \u00fcretim partnerlerini korumaya d\u00f6n\u00fck g\u00fcmr\u00fck duvar\u0131 kararlar\u0131, ekonomi ve mali enstr\u00fcmanlarda yayg\u0131nla\u015fan yerelle\u015fme pratikleri olumsuz bir\u00e7ok sonu\u00e7 \u00fcretti. B\u00f6lgesel \u00e7at\u0131\u015fmalar ve k\u00fcresel d\u00fczen \u00fczerinden y\u00fcr\u00fct\u00fclen diplomatik \u00e7at\u0131\u015fma zeminlerinin \u00fcretti\u011fi siyasi ve ekonomik belirsizliklerin finans, ekonomi, \u00fcretim, ihracat ve ithalat verileri noktas\u0131nda bir\u00e7ok \u00fclkenin hedeflerine, tahminlerine y\u00f6nelik etkilerini g\u00f6r\u00fcyor ve g\u00f6zl\u00fcyoruz. Benzer \u015fekilde T\u00fcrkiye\u2019de de \u00f6zellikle 2018 y\u0131l\u0131na y\u00f6nelik enflasyon ve i\u015fsizlik odakl\u0131 verilerin tahmin ve hedef noktas\u0131nda k\u00e2\u011f\u0131da aktar\u0131landan \u00e7ok farkl\u0131 ger\u00e7ekle\u015fti\u011fini hep birlikte m\u00fc\u015fahede ettik. Maa\u015flar\u0131n enflasyona kar\u015f\u0131 korunmas\u0131 ile enflasyon fark\u0131 uygulamas\u0131yla kamu maliyesini koruma se\u00e7ene\u011fi aras\u0131ndaki gel-git \u00fczerinden olu\u015fan sosyal maliyeti de Kamu \u0130\u015fveren Heyetinin g\u00f6rd\u00fc\u011f\u00fcne inan\u0131yoruz. Eme\u011fin hakk\u0131n\u0131n ekonomik \u00f6ng\u00f6r\u00fclere mahk\u00fbm ve mecbur b\u0131rak\u0131lmas\u0131n\u0131 do\u011fru bulmad\u0131\u011f\u0131m\u0131 ifade edeyim. Eme\u011fin hakk\u0131, al\u0131n terinin ederi b\u00fct\u00fcn bunlardan ba\u011f\u0131ms\u0131z bir kurguyla ortaya konmak zorundad\u0131r.\u201d<\/p>\n<p>Kamu g\u00f6revlileri g\u00fcvenceli \u00e7al\u0131\u015fmak istiyor<\/p>\n<p>Kamu g\u00f6revlilerinin g\u00fcvenceli \u00e7al\u0131\u015fmak istedi\u011fini s\u00f6zlerine ekleyen Genel Ba\u015fkan Ali Yal\u00e7\u0131n, \u201cKamu g\u00f6revlileri, kamu g\u00f6revlisi s\u0131fat\u0131 i\u00e7inde kendilerine \u00f6nem atfedilmesini engelleyen hatta kendilerini \u00f6nemsiz g\u00f6sterme verisine d\u00f6n\u00fc\u015ft\u00fcr\u00fclen unvanlar\u0131n\u0131n, katsay\u0131lar\u0131n\u0131n, ek \u00f6deme ya da ek g\u00f6sterge oran ve puanlar\u0131n\u0131n de\u011fi\u015fmesini talep ve teklif ediyorlar. Ayn\u0131 kurum i\u00e7erisinde, ayn\u0131 unvanlar aras\u0131nda istihdam t\u00fcr\u00fcne dayand\u0131r\u0131lan b\u00fct\u00fcn farkl\u0131l\u0131klar\u0131n sistemden ar\u0131nd\u0131r\u0131lmas\u0131n\u0131 istiyorlar. Maa\u015flar\u0131n\u0131n ve \u00fccretlerinin a\u00e7l\u0131k-yoksulluk s\u0131n\u0131r\u0131 alt\u0131nda kalmamas\u0131n\u0131 teklif ediyorlar. Yard\u0131mc\u0131 Hizmetler S\u0131n\u0131f\u0131 kapsam\u0131nda g\u00f6rev yapan 110 bine yak\u0131n arkada\u015f\u0131m\u0131z bu masadan hizmet s\u0131n\u0131flar\u0131n\u0131n G\u0130H olarak de\u011fi\u015ftirilmesini, \u00f6\u011frenimlerine uygun s\u0131n\u0131f de\u011fi\u015fikli\u011fi imk\u00e2nlar\u0131n\u0131n ger\u00e7ekle\u015fmesi kazan\u0131m\u0131 bekliyorlar. Bu kazan\u0131m m\u00fcmk\u00fcn ve gerekli\u201d \u015feklinde konu\u015ftu.<\/p>\n<p>&#8220;Kamuda s\u00f6zle\u015fmelili\u011fe son verilsin, kamu g\u00f6revlileri 3600 ek g\u00f6stergeyle bulu\u015fturulsun&#8221;<\/p>\n<p>Kamu g\u00f6revlileri aras\u0131nda farkl\u0131 istihdam t\u00fcrlerinin oldu\u011funu, g\u00fcvencesiz ve kadrosuz istihdam\u0131n \u00fcretti\u011fi risklerin olu\u015fturdu\u011fu bo\u015flu\u011fu 15 Temmuz \u00f6ncesinde 31 Mart sonras\u0131nda bizzat g\u00f6r\u00fcld\u00fc\u011f\u00fcn\u00fc kaydeden Yal\u00e7\u0131n, \u201cKamuda s\u00f6zle\u015fmelili\u011fe ve mevcut s\u00f6zle\u015fmeli personelin de kadro hasretine son verilmesini istemek, devletin b\u00fcy\u00fckl\u00fc\u011f\u00fcn\u00fc ve g\u00fcc\u00fcn\u00fc, milletin egemenli\u011fini ve ba\u011f\u0131ms\u0131zl\u0131\u011f\u0131n\u0131 da g\u00fcvenceye almakt\u0131r. Biz diyoruz ki; Kamudaki s\u00f6zle\u015fmeli personeli iste\u011fi do\u011frultusunda kadroyla ge\u00e7irmelidir. S\u00fcreli-s\u00fcresiz s\u00f6zle\u015fmeli \u015feklindeki ay\u0131r\u0131m\u0131 da, s\u00f6zle\u015fmeli personel stat\u00fcs\u00fcnde istihdam etme hatas\u0131n\u0131 da sona erdirilmeli, bunun da ilk ad\u0131m\u0131 bu masada at\u0131lmal\u0131, karar\u0131 da bu d\u00f6nemde verilmelidir. Ek g\u00f6sterge konusunu toplu s\u00f6zle\u015fme masas\u0131nda \u00e7\u00f6z\u00fcme kavu\u015ftural\u0131m, kamu personel sisteminde \u00e7ok daha fazla unvan\u0131 ve kamu g\u00f6revlisini 3600 ek g\u00f6stergeyle bulu\u015ftural\u0131m istiyoruz. Bu masa ve s\u00fcre\u00e7 bunun i\u00e7in b\u00fcy\u00fck f\u0131rsat, de\u011ferlendirmek ve ek g\u00f6sterge sorununu k\u00f6k\u00fcnden bitirmek gerek\u201d diye konu\u015ftu.<\/p>\n<p>Kamu g\u00f6revlilerinin gelir vergisi sorununa da de\u011finen Yal\u00e7\u0131n, kamu g\u00f6revlilerinin gelir vergisini, maa\u015flar\u0131n\u0131 gasp eden Bolu Beyi olarak g\u00f6rd\u00fcklerini s\u00f6yledi. Yal\u00e7\u0131n, vergi indirimlerini, aflar\u0131n\u0131n, istisna ve muafiyetlerinin gelir vergisi mevzuat ve uygulamalar\u0131nda kamu g\u00f6revlilerinin pay\u0131na, d\u00fc\u015f\u00fck matrah, y\u00fcksek oranl\u0131 ve artan tutarl\u0131 gelir vergisi d\u00fc\u015ft\u00fc\u011f\u00fcn\u00fc belirterek, \u201cBiz diyoruz ki kamu g\u00f6revlileri, gelir vergisi m\u00fckellefi olarak vermeleri gereken vergiyi versin. Biz istiyoruz ki kamu g\u00f6revlilerinin y\u00fczde 15 oran\u0131n\u0131n \u00fcst\u00fcnde \u00f6dedikleri gelir vergisi tutarlar\u0131, Kamu \u0130\u015fvereni taraf\u0131ndan tazmin edilsin\u201d \u015feklinde konu\u015ftu.<\/p>\n<p>Mevcut mevzuat ve uygulaman\u0131n, sendika \u00fcyesi olmakla olmamay\u0131, yetkili sendika \u00fcyesi olmakla di\u011fer sendikalara \u00fcye olmay\u0131, hatta yetkili sendika olmakla k\u00e2\u011f\u0131t \u00fczerinde \u00fc\u00e7 ki\u015filik sendika olmay\u0131 ay\u0131rmad\u0131\u011f\u0131n\u0131 kaydeden Yal\u00e7\u0131n, bu sorunun art\u0131k \u00e7\u00f6z\u00fclmesi gerekti\u011fini kaydetti. Yal\u00e7\u0131n, \u201cYetkili sendika \u00fcyesi olman\u0131n toplu s\u00f6zle\u015fme ikramiyesini art\u0131r\u0131ml\u0131 almakla, yetkili sendika olman\u0131n da di\u011fer sendika \u00fcyelerinden dayan\u0131\u015fma aidat\u0131 almakla farkl\u0131la\u015ft\u0131r\u0131lmas\u0131n\u0131 istiyoruz\u201d dedi.<\/p>\n<p>Memur-Sen\u2019in sundu\u011fu tekliflerin rasyonel ve makul teklifler oldu\u011funu s\u00f6yleyen Yal\u00e7\u0131n, Memur-Sen\u2019in \u00f6zellikle demokratik ve sendikal haklar noktas\u0131nda masaya ta\u015f\u0131d\u0131\u011f\u0131 tekliflerle ilgili olarak da, \u201cReformist ve makbul\u201d ifadelerini kulland\u0131.<\/p>\n<p>&#8220;B\u00fcy\u00fck T\u00fcrkiye\u2019den pay\u0131m\u0131z\u0131, yeni T\u00fcrkiye\u2019den haklar\u0131m\u0131z\u0131 istiyoruz&#8221;<\/p>\n<p>Yal\u00e7\u0131n s\u00f6zlerini \u015fu \u015fekilde s\u00fcrd\u00fcrd\u00fc:<\/p>\n<p>\u201cMasan\u0131n g\u00fcndemini olu\u015fturacak mali, sosyal ve \u00f6zl\u00fck haklar\u0131na ili\u015fkin tekliflere bak\u0131ld\u0131\u011f\u0131nda adalet temelli bak\u0131\u015f rahatl\u0131\u011f\u0131yla ifade ve iddia ediyorum ki biz, 5. D\u00f6nem Toplu S\u00f6zle\u015fme tekliflerimizle; b\u00fcy\u00fck T\u00fcrkiye\u2019den pay\u0131m\u0131z\u0131, yeni T\u00fcrkiye\u2019den haklar\u0131m\u0131z\u0131, g\u00fc\u00e7l\u00fc T\u00fcrkiye\u2019den pay\u0131m\u0131za d\u00fc\u015fen f\u0131rsat ve imk\u00e2nlar\u0131m\u0131z\u0131 istiyoruz. Oransal zamla; devlet b\u00fct\u00e7esinde ger\u00e7ekle\u015fen dengelenmenin kamu g\u00f6revlilerinin b\u00fct\u00e7esinden de ger\u00e7ekle\u015fmesini, taban ayl\u0131\u011fa zamla; kamu g\u00f6revlileri aras\u0131ndaki maa\u015f makas\u0131n\u0131n biraz daha k\u00fc\u00e7\u00fclmesini, refah pay\u0131yla; maa\u015f ve \u00fccretleri kamu g\u00f6revlilerinin \u00fczerinden ge\u00e7im derdi noktas\u0131nda ferahlamas\u0131n\u0131, enflasyon fark\u0131yla; olas\u0131 s\u00fcrprizlere kar\u015f\u0131 kamu g\u00f6revlerinin maa\u015f ve \u00fccretlerinin enflasyona kar\u015f\u0131 koruma alt\u0131na al\u0131nmas\u0131n\u0131 teklif ediyoruz. Bizim bu tekliflerimizi Kamu \u0130\u015fvereni, siyaset noktas\u0131nda ortaya koydu\u011fu vaatleri hayata ge\u00e7irmeyi sa\u011flayacak teklifler olarak g\u00f6rmelidir. Bu tekliflere evet demesi, Kamu \u0130\u015fvereni ve Siyasi \u0130rade a\u00e7\u0131s\u0131ndan millete g\u00fcven, refah, adalet ve kalk\u0131nma vaatlerini yerine getirme iradesi olacakt\u0131r.\u201d<\/p>\n<p>Son 20 y\u0131ll\u0131k s\u00fcre\u00e7te ortaya konulan sessiz devrimlerin eksik halkalar\u0131n\u0131n tamamlanmas\u0131 gerekti\u011fini kaydeden Yal\u00e7\u0131n, \u201cGrev hakk\u0131yla, sendikal haklar \u00fc\u00e7l\u00fcs\u00fcn\u00fc tamamlamay\u0131 ve pazarl\u0131k g\u00fcc\u00fcm\u00fcz\u00fc art\u0131rmay\u0131, siyaset hakk\u0131yla \u00fclkemize hizmet etme f\u0131rsat\u0131m\u0131z\u0131 b\u00fcy\u00fctmeyi, K\u0131l\u0131k-K\u0131yafet yasa\u011f\u0131n\u0131n kald\u0131rmakla, vesayetin bir zeminini daha yok etmeyi ve \u00f6zg\u00fcrle\u015fmeyi hedefliyoruz\u201d diye konu\u015ftu.<\/p>\n<p>\u201cKamu maliyesinin kendini korumaya ili\u015fkin kalkanlar\u0131 harekete ge\u00e7irdi\u011fi, finans ve reel sekt\u00f6r\u00fcn kamu maliyesi \u00fczerinden y\u00fcklerini hafifletti\u011fi, kriz e\u015fiklerinden kurtar\u0131ld\u0131\u011f\u0131 bir s\u00fcre\u00e7te emek kesimine, sabit \u00fccretli kesime y\u00f6nelik hamle i\u00e7in toplu s\u00f6zle\u015fme masas\u0131 b\u00fcy\u00fck ve emsalsiz bir f\u0131rsatt\u0131r\u201d diyen Yal\u00e7\u0131n, \u201cMemur-Sen\u2019in ve yetkili sendikalar\u0131n parasal tutar kar\u015f\u0131l\u0131\u011f\u0131 bulunan, mevcut mali ve sosyal haklarda art\u0131\u015f, iyile\u015ftirme ve g\u00fcncelleme \u00f6ng\u00f6ren tekliflerinin her biri ya kanayan bir yaran\u0131n kapanmas\u0131na, ya bir adaletsizli\u011fini son bulmas\u0131na ya da hakl\u0131 bir talebin uygulamaya konulmas\u0131na arac\u0131l\u0131k edecektir. Kamu \u0130\u015fvereni ve siyasi iradenin bu ger\u00e7e\u011fi \u0131skalamayaca\u011f\u0131n\u0131, sahan\u0131n talebi olan ve toplu s\u00f6zle\u015fme teklifine d\u00f6n\u00fc\u015fen bu t\u00fcrden i\u00e7eriklere olumlu cevap \u00fcretme hassasiyetle bakaca\u011f\u0131n\u0131 umuyor ve bekliyoruz\u201d ifadelerini kulland\u0131.<\/p>\n","protected":false},"excerpt":{"rendered":"<p>KAMU G\u00d6REVL\u0130LER\u0130N\u0130N 2020-2021 YILLARINDAK\u0130 SOSYAL VE MAL\u0130 HAKLARININ BEL\u0130RLENECE\u011e\u0130 5&#8217;\u0130NC\u0130 D\u00d6NEM TOPLU S\u00d6ZLE\u015eME G\u00d6R\u00dc\u015eMELER\u0130, A\u0130LE, \u00c7ALI\u015eMA VE SOSYAL H\u0130ZMETLER BAKANLI\u011eI RE\u015eAT MORALI TOPLANTI SALONU\u2019NDA BA\u015eLADI.<\/p>\n","protected":false},"author":1,"featured_media":189082,"comment_status":"closed","ping_status":"open","sticky":false,"template":"","format":"standard","meta":{"jetpack_post_was_ever_published":false,"_jetpack_newsletter_access":"","_jetpack_dont_email_post_to_subs":false,"_jetpack_newsletter_tier_id":0,"_jetpack_memberships_contains_paywalled_content":false,"_jetpack_memberships_contains_paid_content":false,"footnotes":"","jetpack_publicize_message":"","jetpack_publicize_feature_enabled":true,"jetpack_social_post_already_shared":true,"jetpack_social_options":{"image_generator_settings":{"template":"highway","default_image_id":0,"font":"","enabled":false},"version":2}},"categories":[1],"tags":[7538,55,1530,2781,4475,1349],"class_list":["post-189081","post","type-post","status-publish","format-standard","has-post-thumbnail","hentry","category-genel","tag-5inci","tag-basladi","tag-donem","tag-gorusmeleri","tag-sozlesme","tag-toplu"],"jetpack_publicize_connections":[],"jetpack_featured_media_url":"https:\/\/i0.wp.com\/www.tvturk.com\/wp-content\/uploads\/2019\/08\/5inci-donem-toplu-sozlesme-gorusmeleri-basladi_8fde58a.jpg?fit=1000%2C571","jetpack_sharing_enabled":true,"jetpack_shortlink":"https:\/\/wp.me\/paKIfm-NbH","_links":{"self":[{"href":"http:\/\/www.tvturk.com\/index.php\/wp-json\/wp\/v2\/posts\/189081","targetHints":{"allow":["GET"]}}],"collection":[{"href":"http:\/\/www.tvturk.com\/index.php\/wp-json\/wp\/v2\/posts"}],"about":[{"href":"http:\/\/www.tvturk.com\/index.php\/wp-json\/wp\/v2\/types\/post"}],"author":[{"embeddable":true,"href":"http:\/\/www.tvturk.com\/index.php\/wp-json\/wp\/v2\/users\/1"}],"replies":[{"embeddable":true,"href":"http:\/\/www.tvturk.com\/index.php\/wp-json\/wp\/v2\/comments?post=189081"}],"version-history":[{"count":0,"href":"http:\/\/www.tvturk.com\/index.php\/wp-json\/wp\/v2\/posts\/189081\/revisions"}],"wp:featuredmedia":[{"embeddable":true,"href":"http:\/\/www.tvturk.com\/index.php\/wp-json\/wp\/v2\/media\/189082"}],"wp:attachment":[{"href":"http:\/\/www.tvturk.com\/index.php\/wp-json\/wp\/v2\/media?parent=189081"}],"wp:term":[{"taxonomy":"category","embeddable":true,"href":"http:\/\/www.tvturk.com\/index.php\/wp-json\/wp\/v2\/categories?post=189081"},{"taxonomy":"post_tag","embeddable":true,"href":"http:\/\/www.tvturk.com\/index.php\/wp-json\/wp\/v2\/tags?post=189081"}],"curies":[{"name":"wp","href":"https:\/\/api.w.org\/{rel}","templated":true}]}}