{"id":189083,"date":"2019-08-01T16:02:03","date_gmt":"2019-08-01T13:02:03","guid":{"rendered":"http:\/\/www.tvturk.com\/index.php\/aydin-ari-yetistiricileri-birligi-baskani-ozdemirden-aciklama\/"},"modified":"2019-08-01T16:02:03","modified_gmt":"2019-08-01T13:02:03","slug":"aydin-ari-yetistiricileri-birligi-baskani-ozdemirden-aciklama","status":"publish","type":"post","link":"http:\/\/www.tvturk.com\/index.php\/aydin-ari-yetistiricileri-birligi-baskani-ozdemirden-aciklama\/","title":{"rendered":"Ayd\u0131n Ar\u0131 Yeti\u015ftiricileri Birli\u011fi Ba\u015fkan\u0131 \u00d6zdemir\u2019den a\u00e7\u0131klama"},"content":{"rendered":"<p>Ayd\u0131n Ar\u0131 Yeti\u015ftiricileri Birli\u011fi Ba\u015fkan\u0131 Ayhan \u00d6zdemir, son g\u00fcnlerde \u0130ngiltere bas\u0131n\u0131nda yer alan \u2018T\u00fcrk ar\u0131s\u0131 alarm\u0131\u2019 \u015feklindeki haberlerin amac\u0131n\u0131n T\u00fcrk ar\u0131s\u0131n\u0131 ve bal\u0131n\u0131 k\u00f6t\u00fcleyerek \u0130ngiltere\u2019ye T\u00fcrkiye\u2019den ar\u0131 ve bal ticaretini engellemek oldu\u011funu ileri s\u00fcrd\u00fc.<\/p>\n<p>Haberde s\u00f6z\u00fc edilen ar\u0131n\u0131n bal ar\u0131s\u0131 de\u011fil halk aras\u0131nda yaban ar\u0131s\u0131 diye tabir edilen ar\u0131 oldu\u011funu, bu ar\u0131n\u0131n G\u00fcney \u0130ngiltere b\u00f6lgesinde de \u00e7ok\u00e7a ya\u015fad\u0131\u011f\u0131n\u0131 belirten Ayd\u0131n Ar\u0131c\u0131lar Birli\u011fi Ba\u015fkan\u0131 Ayhan \u00d6zdemir, \u201cT\u00fcrk ar\u0131c\u0131lar\u0131 olarak bu t\u00fcr haberlerdeki ama\u00e7lar\u0131n bilim d\u00fcnyas\u0131n\u0131n verdi\u011fi bilgiler \u0131\u015f\u0131\u011f\u0131nda de\u011fil T\u00fcrk isminin k\u00f6t\u00fclenmesi \u00e7al\u0131\u015fmas\u0131 oldu\u011funa inan\u0131yoruz. Hedef T\u00fcrk ar\u0131s\u0131n\u0131n sanki hastal\u0131kl\u0131 bir ar\u0131 gibi g\u00f6sterilerek \u0130ngiltere\u2019ye T\u00fcrkiye\u2019den bal ve ar\u0131 \u00fcr\u00fcnleri ticaretinin \u00f6n\u00fcn\u00fcn kesilmek istenmesidir\u201d diye konu\u015ftu.<\/p>\n<p>Konuyla ilgili a\u00e7\u0131klama yapan Ayd\u0131n Ar\u0131 Yeti\u015ftiricileri Birli\u011fi Ba\u015fkan\u0131 Ayhan \u00d6zdemir, \u201cSon g\u00fcnlerde \u0130ngiltere bas\u0131n\u0131nda yer alan \u2018T\u00fcrk ar\u0131s\u0131 alarm\u0131\u2019 \u015feklindeki haberlerde s\u00f6z\u00fc edilen ar\u0131 \u00fclkemizde ya\u015fayan ve ar\u0131c\u0131l\u0131kta kulland\u0131\u011f\u0131m\u0131z ar\u0131 t\u00fcr\u00fc de\u011fildir. \u0130ngiltere\u2019de  T\u00fcrk ar\u0131s\u0131 diye lanse edilen ar\u0131 t\u00fcr\u00fc Osmia Avosetta\u2019d\u0131r. \u00dclkemizde de ya\u015fayan bir ar\u0131 t\u00fcr\u00fcd\u00fcr, halk aras\u0131nda yaban ar\u0131s\u0131 veya duvar ar\u0131s\u0131 diye bilinir. Osmia t\u00fcrlerinin G\u00fcney \u0130ngiltere b\u00f6lgesinde yo\u011fun ya\u015fad\u0131\u011f\u0131 de\u011fi\u015fik kaynaklarda yer almakla beraber yaln\u0131z ya\u015fad\u0131\u011f\u0131 ve bal ve ar\u0131 \u00fcr\u00fcnleri \u00fcretiminde kullan\u0131lmad\u0131\u011f\u0131 belirtilmektedir. Halbuki \u00fclkemizde ar\u0131c\u0131l\u0131kta kulland\u0131\u011f\u0131m\u0131z ar\u0131 t\u00fcr\u00fc Apis Mellifera (Bal ta\u015f\u0131yan ar\u0131)\u2019d\u0131r. Osmia t\u00fcr\u00fc ar\u0131lar yaln\u0131z ya\u015farken, Apis Mellifera yaln\u0131z ya\u015fayamaz \u00f6l\u00fcrler. Koloniler halinde ya\u015famak zorundad\u0131rlar. Osmia t\u00fcrleri petek \u00fcretmezler yavrular\u0131n\u0131 \u00e7i\u00e7ek yapraklar\u0131 i\u00e7inde b\u00fcy\u00fct\u00fcrler. Apis Mellifera t\u00fcr\u00fc petek \u00fcretip bal ve polenlerini peteklere depo eder yavrular\u0131n\u0131 petek g\u00f6zlerinde geli\u015ftirirler. Osmia t\u00fcr\u00fc ar\u0131lar tek birey ya\u015farlar. Apis Mellifera t\u00fcr\u00fc ar\u0131 kolonilerinde 80 bine yak\u0131n birey vard\u0131r\u201d diyerek tek ba\u015f\u0131na ya\u015fayan bahse konu ar\u0131n\u0131n bal ar\u0131s\u0131 olmad\u0131\u011f\u0131n\u0131 s\u00f6yledi.<\/p>\n<p>\u0130ngiltere\u2019de ana g\u00fcndem haline gelen bu ar\u0131lar\u0131n vir\u00fcs ta\u015f\u0131d\u0131klar\u0131 y\u00f6n\u00fcndeki iddialar\u0131n nedeninin de tamamen maksatl\u0131 oldu\u011funu ileri s\u00fcren Ba\u015fkan \u00d6zdemir, \u201cBizler T\u00fcrk ar\u0131c\u0131lar\u0131 olarak bu t\u00fcr haberlerdeki ama\u00e7lar\u0131n bilim d\u00fcnyas\u0131n\u0131n verdi\u011fi bilgiler \u0131\u015f\u0131\u011f\u0131nda de\u011fil T\u00fcrk isminin k\u00f6t\u00fclenmesi i\u00e7in oldu\u011funa inan\u0131yoruz. S\u00f6z konusu haberde \u0130ngiliz ailesinin T\u00fcrkiye\u2019ye tatile gitti\u011fi belirtilip sanki bu ar\u0131lar insanlar\u0131n malzemelerine istila ettiklerini ve insanlara zarar verdi\u011fi \u015feklinde g\u00f6sterilmi\u015ftir. Yani \u0130ngiltere kamuoyuna T\u00fcrkiye\u2019ye giderseniz bu t\u00fcr olaylar ba\u015f\u0131n\u0131za gelebilir mesaj\u0131 verilmektedir. Di\u011fer taraftan T\u00fcrk ar\u0131s\u0131n\u0131n sanki hastal\u0131kl\u0131 bir ar\u0131 gibi g\u00f6sterilerek \u0130ngiltere\u2019ye T\u00fcrkiye\u2019den bal ve ar\u0131 \u00fcr\u00fcnleri ticaretinin \u00f6n\u00fc kesilmek istenmektedir. S\u00f6z konusu haberde \u0130ngiltere Tar\u0131m Bakanl\u0131\u011f\u0131n\u0131n g\u00f6r\u00fc\u015f\u00fc bulunmaktad\u0131r. \u00dclkemizin yetkili kurumlar\u0131 Bakanl\u0131k, \u00dcniversite ve T\u00fcrkiye Ar\u0131 Yeti\u015ftiricileri Birli\u011fi Ba\u015fkanl\u0131\u011f\u0131 \u0130ngiltere \u00fclkesinin yetkilileri ile diyaloga ge\u00e7ip do\u011frusunu deklare etmelilerdir\u201d diye konu\u015ftu.<\/p>\n","protected":false},"excerpt":{"rendered":"<p>AYDIN ARI YET\u0130\u015eT\u0130R\u0130C\u0130LER\u0130 B\u0130RL\u0130\u011e\u0130 BA\u015eKANI AYHAN \u00d6ZDEM\u0130R<\/p>\n","protected":false},"author":1,"featured_media":189084,"comment_status":"closed","ping_status":"open","sticky":false,"template":"","format":"standard","meta":{"jetpack_post_was_ever_published":false,"_jetpack_newsletter_access":"","_jetpack_dont_email_post_to_subs":false,"_jetpack_newsletter_tier_id":0,"_jetpack_memberships_contains_paywalled_content":false,"_jetpack_memberships_contains_paid_content":false,"footnotes":"","jetpack_publicize_message":"","jetpack_publicize_feature_enabled":true,"jetpack_social_post_already_shared":true,"jetpack_social_options":{"image_generator_settings":{"template":"highway","default_image_id":0,"font":"","enabled":false},"version":2}},"categories":[1],"tags":[3349,3125,426,216,668,11591,9013],"class_list":["post-189083","post","type-post","status-publish","format-standard","has-post-thumbnail","hentry","category-genel","tag-aciklama","tag-ari","tag-aydin","tag-baskani","tag-birligi","tag-ozdemirden","tag-yetistiricileri"],"jetpack_publicize_connections":[],"jetpack_featured_media_url":"https:\/\/i0.wp.com\/www.tvturk.com\/wp-content\/uploads\/2019\/08\/aydin-ari-yetistiricileri-birligi-baskani-ozdemirden-aciklama_fd23373.jpg?fit=1000%2C668","jetpack_sharing_enabled":true,"jetpack_shortlink":"https:\/\/wp.me\/paKIfm-NbJ","_links":{"self":[{"href":"http:\/\/www.tvturk.com\/index.php\/wp-json\/wp\/v2\/posts\/189083","targetHints":{"allow":["GET"]}}],"collection":[{"href":"http:\/\/www.tvturk.com\/index.php\/wp-json\/wp\/v2\/posts"}],"about":[{"href":"http:\/\/www.tvturk.com\/index.php\/wp-json\/wp\/v2\/types\/post"}],"author":[{"embeddable":true,"href":"http:\/\/www.tvturk.com\/index.php\/wp-json\/wp\/v2\/users\/1"}],"replies":[{"embeddable":true,"href":"http:\/\/www.tvturk.com\/index.php\/wp-json\/wp\/v2\/comments?post=189083"}],"version-history":[{"count":0,"href":"http:\/\/www.tvturk.com\/index.php\/wp-json\/wp\/v2\/posts\/189083\/revisions"}],"wp:featuredmedia":[{"embeddable":true,"href":"http:\/\/www.tvturk.com\/index.php\/wp-json\/wp\/v2\/media\/189084"}],"wp:attachment":[{"href":"http:\/\/www.tvturk.com\/index.php\/wp-json\/wp\/v2\/media?parent=189083"}],"wp:term":[{"taxonomy":"category","embeddable":true,"href":"http:\/\/www.tvturk.com\/index.php\/wp-json\/wp\/v2\/categories?post=189083"},{"taxonomy":"post_tag","embeddable":true,"href":"http:\/\/www.tvturk.com\/index.php\/wp-json\/wp\/v2\/tags?post=189083"}],"curies":[{"name":"wp","href":"https:\/\/api.w.org\/{rel}","templated":true}]}}