{"id":189101,"date":"2019-08-01T16:17:34","date_gmt":"2019-08-01T13:17:34","guid":{"rendered":"http:\/\/www.tvturk.com\/index.php\/denizlispor-prensipte-anlastigi-sako-transferinden-vazgecti\/"},"modified":"2019-08-01T16:17:34","modified_gmt":"2019-08-01T13:17:34","slug":"denizlispor-prensipte-anlastigi-sako-transferinden-vazgecti","status":"publish","type":"post","link":"http:\/\/www.tvturk.com\/index.php\/denizlispor-prensipte-anlastigi-sako-transferinden-vazgecti\/","title":{"rendered":"Denizlispor prensipte anla\u015ft\u0131\u011f\u0131 Sako transferinden vazge\u00e7ti"},"content":{"rendered":"<p>Yukatel Denizlispor prensipte anla\u015ft\u0131\u011f\u0131 \u0130ngiltere Premier Lig tak\u0131mlar\u0131ndan Crystal Palace\u2019de forma giyen futbolcu Bakary Sako transferinden vazge\u00e7ti\u011fini duyurdu.<\/p>\n<p>S\u00fcper Lig ekiplerinden Denizlispor ge\u00e7ti\u011fimiz hafta Bakary Sako ile transfer konusunda anla\u015ft\u0131\u011f\u0131n\u0131 duyurup, futbolcuyu Denizli\u2019ye getirerek sa\u011fl\u0131k kontrol\u00fcnden ge\u00e7irdi. Ancak bug\u00fcn kul\u00fcpten yap\u0131lan resmi a\u00e7\u0131klamada transferden mali konular nedeniyle vazge\u00e7ildi\u011fi belirtilerek \u015fu ifadelere yer verildi:<\/p>\n<p>\u201cBakary Sako ile kul\u00fcb\u00fcm\u00fcz aras\u0131nda, ge\u00e7ti\u011fimiz hafta anla\u015fmas\u0131na var\u0131lm\u0131\u015f ve bu bilgi Kul\u00fcb\u00fcm\u00fczden yap\u0131lan resmi a\u00e7\u0131klama ile duyurulmu\u015ftu. Futbolcu Denizli\u2019ye gelmi\u015f ancak Denizli\u2019de hem futbolcu hem de menajeri ile yap\u0131lan g\u00f6r\u00fc\u015fmelerde mali konularda uzla\u015fma sa\u011flanamad\u0131\u011f\u0131ndan transferden vazge\u00e7ilmi\u015ftir.\u201d<\/p>\n","protected":false},"excerpt":{"rendered":"<p>YUKATEL DEN\u0130ZL\u0130SPOR PRENS\u0130PTE ANLA\u015eTI\u011eI \u0130NG\u0130LTERE PREM\u0130ER L\u0130G TAKIMLARINDAN CRYSTAL PALACE&#8217;DE FORMA G\u0130YEN FUTBOLCU BAKARY SAKO TRANSFER\u0130NDEN VAZGE\u00c7T\u0130\u011e\u0130N\u0130 DUYURDU.<\/p>\n","protected":false},"author":1,"featured_media":189102,"comment_status":"closed","ping_status":"open","sticky":false,"template":"","format":"standard","meta":{"jetpack_post_was_ever_published":false,"_jetpack_newsletter_access":"","_jetpack_dont_email_post_to_subs":false,"_jetpack_newsletter_tier_id":0,"_jetpack_memberships_contains_paywalled_content":false,"_jetpack_memberships_contains_paid_content":false,"footnotes":"","jetpack_publicize_message":"","jetpack_publicize_feature_enabled":true,"jetpack_social_post_already_shared":true,"jetpack_social_options":{"image_generator_settings":{"template":"highway","default_image_id":0,"font":"","enabled":false},"version":2}},"categories":[657],"tags":[40990,6694,21018,47172,47173,21038],"class_list":["post-189101","post","type-post","status-publish","format-standard","has-post-thumbnail","hentry","category-spor","tag-anlastigi","tag-denizlispor","tag-prensipte","tag-sako","tag-transferinden","tag-vazgecti"],"jetpack_publicize_connections":[],"jetpack_featured_media_url":"https:\/\/i0.wp.com\/www.tvturk.com\/wp-content\/uploads\/2019\/08\/denizlispor-prensipte-anlastigi-sako-transferinden-vazgecti_3a3d6ab.jpg?fit=680%2C381","jetpack_sharing_enabled":true,"jetpack_shortlink":"https:\/\/wp.me\/paKIfm-Nc1","_links":{"self":[{"href":"http:\/\/www.tvturk.com\/index.php\/wp-json\/wp\/v2\/posts\/189101","targetHints":{"allow":["GET"]}}],"collection":[{"href":"http:\/\/www.tvturk.com\/index.php\/wp-json\/wp\/v2\/posts"}],"about":[{"href":"http:\/\/www.tvturk.com\/index.php\/wp-json\/wp\/v2\/types\/post"}],"author":[{"embeddable":true,"href":"http:\/\/www.tvturk.com\/index.php\/wp-json\/wp\/v2\/users\/1"}],"replies":[{"embeddable":true,"href":"http:\/\/www.tvturk.com\/index.php\/wp-json\/wp\/v2\/comments?post=189101"}],"version-history":[{"count":0,"href":"http:\/\/www.tvturk.com\/index.php\/wp-json\/wp\/v2\/posts\/189101\/revisions"}],"wp:featuredmedia":[{"embeddable":true,"href":"http:\/\/www.tvturk.com\/index.php\/wp-json\/wp\/v2\/media\/189102"}],"wp:attachment":[{"href":"http:\/\/www.tvturk.com\/index.php\/wp-json\/wp\/v2\/media?parent=189101"}],"wp:term":[{"taxonomy":"category","embeddable":true,"href":"http:\/\/www.tvturk.com\/index.php\/wp-json\/wp\/v2\/categories?post=189101"},{"taxonomy":"post_tag","embeddable":true,"href":"http:\/\/www.tvturk.com\/index.php\/wp-json\/wp\/v2\/tags?post=189101"}],"curies":[{"name":"wp","href":"https:\/\/api.w.org\/{rel}","templated":true}]}}