{"id":189105,"date":"2019-08-01T16:17:53","date_gmt":"2019-08-01T13:17:53","guid":{"rendered":"http:\/\/www.tvturk.com\/index.php\/uluslararasi-universite-degerlendirme-sonuclari-aciklandi\/"},"modified":"2019-08-01T16:17:53","modified_gmt":"2019-08-01T13:17:53","slug":"uluslararasi-universite-degerlendirme-sonuclari-aciklandi","status":"publish","type":"post","link":"http:\/\/www.tvturk.com\/index.php\/uluslararasi-universite-degerlendirme-sonuclari-aciklandi\/","title":{"rendered":"\u2018Uluslararas\u0131 \u00dcniversite De\u011ferlendirme Sonu\u00e7lar\u0131\u2019 a\u00e7\u0131kland\u0131"},"content":{"rendered":"<p>Uluslararas\u0131 \u00fcniversite s\u0131ralamalar\u0131n\u0131n dikkate al\u0131nan en \u00f6nemli referanslar\u0131ndan biri olan, Fransa merkezli &#8220;Eduniversal Best Ranking Top 2019&#8221; de\u011ferlendirme sonu\u00e7lar\u0131 a\u00e7\u0131kland\u0131.<\/p>\n<p>Girne Amerikan \u00dcniversitesi (GA\u00dc), \u00f6zellikle sa\u011fl\u0131k y\u00f6netimi alan\u0131nda T\u00fcrkiye\u2019deki en ba\u015far\u0131l\u0131 \u00fcniversiteler kategorisinde  yer alan tek isim oldu. D\u00fcnya s\u0131ralamas\u0131nda ise 95\u2019inci s\u0131raya yerle\u015fti. Di\u011fer yandan; Ortado\u011fu ve Orta Asya\u2019daki \u2019Ekonomi Y\u00fcksek E\u011fitimi\u2019 dal\u0131nda da T\u00fcrkiye\u2019nin en iyi 5 \u00fcniversitesi aras\u0131na girme ba\u015far\u0131s\u0131n\u0131 g\u00f6sterdi.<\/p>\n<p>\u0130lk 100\u2019de 2 T\u00fcrk \u00fcniversitesi<\/p>\n<p>Akademik platform ve \u00e7evrelerin g\u00f6r\u00fc\u015fleri, fak\u00fclte-\u00f6\u011frenci oran\u0131, sekt\u00f6rler ve i\u015fveren g\u00f6r\u00fc\u015fleri, &#8220;uluslararas\u0131 \u00f6\u011frenci-personel&#8221; oranlar\u0131 gibi veriler baz al\u0131narak yap\u0131lan de\u011ferlendirmeler sonucunda; Girne Amerikan \u00dcniversitesi, &#8220;Construction Management&#8221; alan\u0131nda dereceye girerek 100\u2019l\u00fck s\u0131ralamada 79\u2019uncu olan Ankara \u00dcniversitesi\u2019ni de geri de b\u0131rakarak 78\u2019inci oldu.<\/p>\n<p>\u201cOtuz be\u015finci y\u0131lda b\u00fcy\u00fck ba\u015far\u0131lar elde ettik\u201d<\/p>\n<p>Elde edilen uluslararas\u0131 ba\u015far\u0131l\u0131 sonu\u00e7lar\u0131n ard\u0131ndan Girne Amerikan \u00dcniversitesi Kurucu Rekt\u00f6r\u00fc Serhat Akp\u0131nar, bir yaz\u0131l\u0131 a\u00e7\u0131klama yapt\u0131. Akp\u0131nar, bu ba\u015far\u0131da eme\u011fi ve katk\u0131s\u0131 bulunan akademik- idari kadro ile \u00f6\u011frencileri kutlayarak; &#8220;Bu s\u0131ralaman\u0131n \u00e7ok \u00f6nemli sonu\u00e7lar\u0131 vard\u0131r. Bizim a\u00e7\u0131m\u0131zdan, maruz kald\u0131\u011f\u0131m\u0131z t\u00fcm y\u0131pratma gayretlerine kar\u015f\u0131n, GA\u00dc\u2019n\u00fcn kararl\u0131l\u0131k ile sergiledi\u011fi, kurumsal ve akademik niteli\u011findeki o geri d\u00f6n\u00fc\u015f\u00fc olmayacak \u2019ulusal ve uluslararas\u0131 ya\u015fam ve bilim \u00fcss\u00fc\u2019 hedefinin,  ne pahas\u0131na olursa olsun ger\u00e7ekle\u015ftirilece\u011fidir. \u00d6nce, 35. y\u0131l\u0131m\u0131z\u0131 g\u00fcven ve ba\u015far\u0131 ile idrak edip, sonra ellinci y\u0131l\u0131m\u0131za ko\u015faca\u011f\u0131z. Bu ve benzer ba\u015far\u0131 \u00f6rnekleri, bizim ilk g\u00fcnden beri \u00f6zg\u00fcn \u00f6yk\u00fcm\u00fczd\u00fcr\u201d de\u011ferlendirmesini yapt\u0131.<\/p>\n","protected":false},"excerpt":{"rendered":"<p>ULUSLARARASI \u00dcN\u0130VERS\u0130TE SIRALAMALARININ D\u0130KKATE ALINAN EN \u00d6NEML\u0130 REFERANSLARINDAN B\u0130R\u0130 OLAN, FRANSA MERKEZL\u0130 &#8220;EDUN\u0130VERSAL BEST RANK\u0130NG TOP 2019&#8221; DE\u011eERLEND\u0130RME SONU\u00c7LARI A\u00c7IKLANDI.<\/p>\n","protected":false},"author":1,"featured_media":189106,"comment_status":"closed","ping_status":"open","sticky":false,"template":"","format":"standard","meta":{"jetpack_post_was_ever_published":false,"_jetpack_newsletter_access":"","_jetpack_dont_email_post_to_subs":false,"_jetpack_newsletter_tier_id":0,"_jetpack_memberships_contains_paywalled_content":false,"_jetpack_memberships_contains_paid_content":false,"footnotes":"","jetpack_publicize_message":"","jetpack_publicize_feature_enabled":true,"jetpack_social_post_already_shared":true,"jetpack_social_options":{"image_generator_settings":{"template":"highway","default_image_id":0,"font":"","enabled":false},"version":2}},"categories":[1],"tags":[4839,2397,3764,5810,1281],"class_list":["post-189105","post","type-post","status-publish","format-standard","has-post-thumbnail","hentry","category-genel","tag-uluslararasi","tag-aciklandi","tag-degerlendirme","tag-sonuclari","tag-universite"],"jetpack_publicize_connections":[],"jetpack_featured_media_url":"https:\/\/i0.wp.com\/www.tvturk.com\/wp-content\/uploads\/2019\/08\/uluslararasi-universite-degerlendirme-sonuclari-aciklandi_6f5f9aa.jpg?fit=1000%2C800","jetpack_sharing_enabled":true,"jetpack_shortlink":"https:\/\/wp.me\/paKIfm-Nc5","_links":{"self":[{"href":"http:\/\/www.tvturk.com\/index.php\/wp-json\/wp\/v2\/posts\/189105","targetHints":{"allow":["GET"]}}],"collection":[{"href":"http:\/\/www.tvturk.com\/index.php\/wp-json\/wp\/v2\/posts"}],"about":[{"href":"http:\/\/www.tvturk.com\/index.php\/wp-json\/wp\/v2\/types\/post"}],"author":[{"embeddable":true,"href":"http:\/\/www.tvturk.com\/index.php\/wp-json\/wp\/v2\/users\/1"}],"replies":[{"embeddable":true,"href":"http:\/\/www.tvturk.com\/index.php\/wp-json\/wp\/v2\/comments?post=189105"}],"version-history":[{"count":0,"href":"http:\/\/www.tvturk.com\/index.php\/wp-json\/wp\/v2\/posts\/189105\/revisions"}],"wp:featuredmedia":[{"embeddable":true,"href":"http:\/\/www.tvturk.com\/index.php\/wp-json\/wp\/v2\/media\/189106"}],"wp:attachment":[{"href":"http:\/\/www.tvturk.com\/index.php\/wp-json\/wp\/v2\/media?parent=189105"}],"wp:term":[{"taxonomy":"category","embeddable":true,"href":"http:\/\/www.tvturk.com\/index.php\/wp-json\/wp\/v2\/categories?post=189105"},{"taxonomy":"post_tag","embeddable":true,"href":"http:\/\/www.tvturk.com\/index.php\/wp-json\/wp\/v2\/tags?post=189105"}],"curies":[{"name":"wp","href":"https:\/\/api.w.org\/{rel}","templated":true}]}}