{"id":189109,"date":"2019-08-01T16:31:56","date_gmt":"2019-08-01T13:31:56","guid":{"rendered":"http:\/\/www.tvturk.com\/index.php\/binali-yildirim-malatya-valiligini-ziyaret-etti\/"},"modified":"2019-08-01T16:31:56","modified_gmt":"2019-08-01T13:31:56","slug":"binali-yildirim-malatya-valiligini-ziyaret-etti","status":"publish","type":"post","link":"http:\/\/www.tvturk.com\/index.php\/binali-yildirim-malatya-valiligini-ziyaret-etti\/","title":{"rendered":"Binali Y\u0131ld\u0131r\u0131m Malatya Valili\u011fini ziyaret etti"},"content":{"rendered":"<p>Gen\u00e7lerle bulu\u015fmak \u00fczere Malatya\u2019ya gelen AK Parti \u0130zmir Milletvekili Binali Y\u0131ld\u0131r\u0131m, Malatya Valili\u011fini ziyaret etti.<\/p>\n<p>Sosyal medya \u00fczerinden gen\u00e7lerin \u00e7ay davetine kar\u015f\u0131l\u0131k vererek Malatya\u2019ya gelen AK Parti \u0130zmir Milletvekili Binali Y\u0131ld\u0131r\u0131m, Valilik ziyaretinde \u015feref defterini imzalad\u0131ktan sonra Malatya Valisi Ayd\u0131n Baru\u015f\u2019tan brifing ald\u0131.<\/p>\n<p>Y\u0131ld\u0131r\u0131m\u2019a Valilik ziyaretinde AK Parti Malatya milletvekilleri B\u00fclent T\u00fcfenkci, Ahmet \u00c7ak\u0131r, Hakan Kahtal\u0131, B\u00fcy\u00fck\u015fehir Belediye Ba\u015fkan\u0131 Selahattin G\u00fcrkan, il\u00e7e belediye ba\u015fkanlar\u0131 ve \u00e7ok say\u0131da partili e\u015flik etti.<\/p>\n<p>Malatya\u2019da ziyaretlerini s\u00fcrd\u00fcrecek olan Y\u0131ld\u0131r\u0131m, ak\u015fam saat 19.00\u2019da gen\u00e7lerle \u00c7\u0131nar Park\u2019ta bir araya gelecek.<\/p>\n","protected":false},"excerpt":{"rendered":"<p>GEN\u00c7LERLE BULU\u015eMAK \u00dcZERE MALATYA\u2019YA GELEN AK PART\u0130 \u0130ZM\u0130R M\u0130LLETVEK\u0130L\u0130 B\u0130NAL\u0130 YILDIRIM, MALATYA VAL\u0130L\u0130\u011e\u0130N\u0130 Z\u0130YARET ETT\u0130<\/p>\n","protected":false},"author":1,"featured_media":189110,"comment_status":"closed","ping_status":"open","sticky":false,"template":"","format":"standard","meta":{"jetpack_post_was_ever_published":false,"_jetpack_newsletter_access":"","_jetpack_dont_email_post_to_subs":false,"_jetpack_newsletter_tier_id":0,"_jetpack_memberships_contains_paywalled_content":false,"_jetpack_memberships_contains_paid_content":false,"footnotes":"","jetpack_publicize_message":"","jetpack_publicize_feature_enabled":true,"jetpack_social_post_already_shared":true,"jetpack_social_options":{"image_generator_settings":{"template":"highway","default_image_id":0,"font":"","enabled":false},"version":2}},"categories":[1],"tags":[3333,207,1751,14034,376,150],"class_list":["post-189109","post","type-post","status-publish","format-standard","has-post-thumbnail","hentry","category-genel","tag-binali","tag-etti","tag-malatya","tag-valiligini","tag-yildirim","tag-ziyaret"],"jetpack_publicize_connections":[],"jetpack_featured_media_url":"https:\/\/i0.wp.com\/www.tvturk.com\/wp-content\/uploads\/2019\/08\/binali-yildirim-malatya-valiligini-ziyaret-etti_4df596d.jpg?fit=1000%2C666","jetpack_sharing_enabled":true,"jetpack_shortlink":"https:\/\/wp.me\/paKIfm-Nc9","_links":{"self":[{"href":"http:\/\/www.tvturk.com\/index.php\/wp-json\/wp\/v2\/posts\/189109","targetHints":{"allow":["GET"]}}],"collection":[{"href":"http:\/\/www.tvturk.com\/index.php\/wp-json\/wp\/v2\/posts"}],"about":[{"href":"http:\/\/www.tvturk.com\/index.php\/wp-json\/wp\/v2\/types\/post"}],"author":[{"embeddable":true,"href":"http:\/\/www.tvturk.com\/index.php\/wp-json\/wp\/v2\/users\/1"}],"replies":[{"embeddable":true,"href":"http:\/\/www.tvturk.com\/index.php\/wp-json\/wp\/v2\/comments?post=189109"}],"version-history":[{"count":0,"href":"http:\/\/www.tvturk.com\/index.php\/wp-json\/wp\/v2\/posts\/189109\/revisions"}],"wp:featuredmedia":[{"embeddable":true,"href":"http:\/\/www.tvturk.com\/index.php\/wp-json\/wp\/v2\/media\/189110"}],"wp:attachment":[{"href":"http:\/\/www.tvturk.com\/index.php\/wp-json\/wp\/v2\/media?parent=189109"}],"wp:term":[{"taxonomy":"category","embeddable":true,"href":"http:\/\/www.tvturk.com\/index.php\/wp-json\/wp\/v2\/categories?post=189109"},{"taxonomy":"post_tag","embeddable":true,"href":"http:\/\/www.tvturk.com\/index.php\/wp-json\/wp\/v2\/tags?post=189109"}],"curies":[{"name":"wp","href":"https:\/\/api.w.org\/{rel}","templated":true}]}}