{"id":189113,"date":"2019-08-01T16:32:06","date_gmt":"2019-08-01T13:32:06","guid":{"rendered":"http:\/\/www.tvturk.com\/index.php\/ordulu-sehit-ailesinden-anayasa-mahkemesinin-kararina-sert-tepki\/"},"modified":"2019-08-01T16:32:06","modified_gmt":"2019-08-01T13:32:06","slug":"ordulu-sehit-ailesinden-anayasa-mahkemesinin-kararina-sert-tepki","status":"publish","type":"post","link":"http:\/\/www.tvturk.com\/index.php\/ordulu-sehit-ailesinden-anayasa-mahkemesinin-kararina-sert-tepki\/","title":{"rendered":"Ordulu \u015fehit ailesinden Anayasa Mahkemesinin karar\u0131na sert tepki"},"content":{"rendered":"<p>Ordulu \u015fehit ailesi, Anayasa Mahkemesinin (AYM) \u201cBar\u0131\u015f \u0130\u00e7in Akademisyenler \u0130nisiyatifi\u201d metnine imza atan 10 akademisyenle ilgili ald\u0131\u011f\u0131 \u201chak ihlali\u201d karar\u0131na tepki g\u00f6stererek, karar hakk\u0131nda su\u00e7 duyurusunda bulunacaklar\u0131n\u0131 s\u00f6yledi.<\/p>\n<p>AYM\u2019nin, s\u00f6zde \u201cBar\u0131\u015f Bildirisi\u201d ad\u0131 alt\u0131nda ter\u00f6r propagandas\u0131 yapan ve T\u00fcrk askerine iftira atan akademisyenlerle ilgili \u2018hak ihlali\u2019 karar\u0131na tepkiler g\u00fcn ge\u00e7tik\u00e7e b\u00fcy\u00fcyor. T\u00fcrkiye\u2019nin d\u00f6rt bir yan\u0131ndan \u015fehit aileleri, \u015fehit yak\u0131nlar, dernekler ve vak\u0131flar karara tepki g\u00f6stererek, yap\u0131lan yanl\u0131\u015f\u0131n d\u00fczeltilmesi i\u00e7in \u00e7aba g\u00f6steriyor.<\/p>\n<p>\u201cBu karar, \u015fehitlerimizi haks\u0131z duruma d\u00fc\u015f\u00fcr\u00fcyor\u201d<\/p>\n<p>\u015e\u0131rnak\u2019\u0131n Cizre il\u00e7esinde \u00c7evik Kuvvet \u015eube M\u00fcd\u00fcrl\u00fc\u011f\u00fcne 2016 y\u0131l\u0131n\u0131n A\u011fustos ay\u0131nda yap\u0131lan sald\u0131r\u0131da \u015fehit d\u00fc\u015fen Harun Maytalman\u2019\u0131n ailesi de, Anayasa Mahkemesinin vermi\u015f oldu\u011fu karara tepki g\u00f6sterdi. \u015eehit babas\u0131 Cemal Maytalman, karara tepkili olduklar\u0131n\u0131 ve bu konuda savc\u0131l\u0131\u011fa su\u00e7 duyurusunda bulunacaklar\u0131n\u0131 da belirterek, \u201cBu Anayasa Mahkemesinin verdi\u011fi karara \u015fehit ailesi olarak tepkiliyiz. Bu karar\u0131 onaylam\u0131yoruz. Benim \u00e7ocu\u011fum vatan-bayrak i\u00e7in \u015fehit oldu. Bu karar \u015fehitlerimizi haks\u0131z duruma d\u00fc\u015f\u00fcr\u00fcyor, aile olarak biz de \u00e7ok \u00fcz\u00fcl\u00fcyoruz. Bu karar\u0131n pe\u015finde duraca\u011f\u0131z, gerekirse mahkemeye ba\u015fvuraca\u011f\u0131z, su\u00e7 duyurusunda bulunaca\u011f\u0131z. Onaylam\u0131yoruz, yanl\u0131\u015f bir karar, hakk\u0131m\u0131z\u0131 arayaca\u011f\u0131z\u201d dedi.<\/p>\n<p>\u201cBu kararda d\u0131\u015f g\u00fc\u00e7lerin parma\u011f\u0131 oldu\u011funu d\u00fc\u015f\u00fcn\u00fcyorum\u201d<\/p>\n<p>Baba Cemal Maytalman, verilen karar\u0131n kendilerini \u00fczd\u00fc\u011f\u00fcn\u00fc de belirterek, \u201cBu kararda d\u0131\u015f g\u00fc\u00e7lerin parma\u011f\u0131 oldu\u011funu d\u00fc\u015f\u00fcn\u00fcyorum. \u015eehit ailesi olarak Cumhurba\u015fkan\u0131m\u0131z\u0131n konuyla ilgilenmesini istiyoruz. Askerimiz, polisimiz ve \u00e7ocuklar\u0131m\u0131z vatan i\u00e7in can\u0131n\u0131-kan\u0131n\u0131 veriyor. Verilen karar\u0131n \u00e7ocuklar\u0131m\u0131z\u0131 haks\u0131z duruma d\u00fc\u015f\u00fcrd\u00fc\u011f\u00fcn\u00fc d\u00fc\u015f\u00fcn\u00fcyoruz, di\u011fer taraf\u0131 da hakl\u0131 duruma d\u00fc\u015f\u00fcrm\u00fc\u015ft\u00fcr\u201d \u015feklinde konu\u015ftu.<\/p>\n<p>\u201cEvlatlar\u0131m\u0131z vatan u\u011fruna can\u0131n\u0131 verdi ama haks\u0131z de\u011fillerdi\u201d<\/p>\n<p>Anne Sevgi Maytalman ise o\u011flunun \u015fehit oldu\u011funda 26 ya\u015f\u0131nda oldu\u011funu hat\u0131rlatarak, \u201c3 y\u0131ll\u0131k polisti. Biz onu b\u00fcy\u00fctt\u00fck, polis oldu ama 2016 y\u0131l\u0131nda \u015fehit oldu. Ac\u0131s\u0131 halen bug\u00fcnk\u00fc gibi i\u00e7imizde duruyor. \u00d6lene kadar da bizde duracak. Verilen karara da tepkili ve kar\u015f\u0131y\u0131z. Cezalar\u0131n\u0131 \u00e7eksinler. Evlatlar\u0131m\u0131z vatan u\u011fruna can\u0131n\u0131 verdi ama haks\u0131z de\u011fillerdi\u201d ifadelerine yer verdi.<\/p>\n<p>\u201cKarar verenlerin elini vicdan\u0131na koymas\u0131 laz\u0131m\u201d<\/p>\n<p>\u015eehit polis Harun Maytalman\u2019\u0131n kay\u0131n pederi \u015eenel P\u00fcr\u00e7ek de, \u201c\u00dclkede hukuk ger\u00e7ekten b\u00f6yle bir karar\u0131 verirken, biz onlar\u0131n kar\u015f\u0131s\u0131nda kendimizi vatan\u0131m\u0131za ve milletimize ba\u011fl\u0131 olan bir durumda hareket ederken, \u00e7ocuklar\u0131m\u0131z\u0131 polis ve asker yaparken, vatan\u0131n\u0131, bayra\u011f\u0131n\u0131, bu \u00fclkenin o akademisyenlerin de, Anayasa Mahkemesinin de \u00fclkenin t\u00fcm kurumlar\u0131n\u0131 ve \u00fclkeyi koruyan evlatlar\u0131m\u0131z yeti\u015ftirirken, b\u00f6yle bir karar\u0131 vermeleri ger\u00e7ekten nas\u0131l hareket ettiler. Bu karara \u00e7ok tepki g\u00f6steriyoruz, vermelerini ger\u00e7ekten esefle k\u0131n\u0131yorum. \u0130nsan\u0131n elini vicdan\u0131na koymas\u0131 laz\u0131m. Bu \u00fclke i\u00e7in insanlar can\u0131n\u0131 vermi\u015f, bunlar oturduklar\u0131 yerden keyfe hizmet akademisyen diye, profes\u00f6r diye birilerinin karar\u0131n\u0131 ve itiraz\u0131n\u0131 onaylama \u00e7al\u0131\u015f\u0131yor. Bunlar i\u00e7in Anayasa Mahkemesine bir su\u00e7 duyurusunda da ben bulunaca\u011f\u0131m. Bizim de itiraz\u0131m\u0131z var. Biz art\u0131k yerel mahkemelere daha \u00e7ok g\u00fcveniyoruz. Devletimizin yan\u0131nday\u0131z ve olmaya da devam edece\u011fiz ama \u015fu karar\u0131n g\u00f6zden ge\u00e7irilmesi laz\u0131m, aksi halde biz de itiraz edece\u011fiz\u201d \u015feklinde konu\u015ftu.<\/p>\n","protected":false},"excerpt":{"rendered":"<p>ORDULU \u015eEH\u0130T A\u0130LES\u0130, ANAYASA MAHKEMES\u0130N\u0130N (AYM) \u201cBARI\u015e \u0130\u00c7\u0130N AKADEM\u0130SYENLER \u0130N\u0130S\u0130YAT\u0130F\u0130\u201d METN\u0130NE \u0130MZA ATAN 10 AKADEM\u0130SYENLE \u0130LG\u0130L\u0130 ALDI\u011eI \u201cHAK \u0130HLAL\u0130\u201d KARARINA TEPK\u0130 G\u00d6STERD\u0130.<\/p>\n","protected":false},"author":1,"featured_media":189114,"comment_status":"closed","ping_status":"open","sticky":false,"template":"","format":"standard","meta":{"jetpack_post_was_ever_published":false,"_jetpack_newsletter_access":"","_jetpack_dont_email_post_to_subs":false,"_jetpack_newsletter_tier_id":0,"_jetpack_memberships_contains_paywalled_content":false,"_jetpack_memberships_contains_paid_content":false,"footnotes":"","jetpack_publicize_message":"","jetpack_publicize_feature_enabled":true,"jetpack_social_post_already_shared":true,"jetpack_social_options":{"image_generator_settings":{"template":"highway","default_image_id":0,"font":"","enabled":false},"version":2}},"categories":[1],"tags":[15506,11792,12513,46733,26095,237,3503,961],"class_list":["post-189113","post","type-post","status-publish","format-standard","has-post-thumbnail","hentry","category-genel","tag-ailesinden","tag-anayasa","tag-kararina","tag-mahkemesinin","tag-ordulu","tag-sehit","tag-sert","tag-tepki"],"jetpack_publicize_connections":[],"jetpack_featured_media_url":"https:\/\/i0.wp.com\/www.tvturk.com\/wp-content\/uploads\/2019\/08\/ordulu-sehit-ailesinden-anayasa-mahkemesinin-kararina-sert-tepki_0132373.jpg?fit=1000%2C662","jetpack_sharing_enabled":true,"jetpack_shortlink":"https:\/\/wp.me\/paKIfm-Ncd","_links":{"self":[{"href":"http:\/\/www.tvturk.com\/index.php\/wp-json\/wp\/v2\/posts\/189113","targetHints":{"allow":["GET"]}}],"collection":[{"href":"http:\/\/www.tvturk.com\/index.php\/wp-json\/wp\/v2\/posts"}],"about":[{"href":"http:\/\/www.tvturk.com\/index.php\/wp-json\/wp\/v2\/types\/post"}],"author":[{"embeddable":true,"href":"http:\/\/www.tvturk.com\/index.php\/wp-json\/wp\/v2\/users\/1"}],"replies":[{"embeddable":true,"href":"http:\/\/www.tvturk.com\/index.php\/wp-json\/wp\/v2\/comments?post=189113"}],"version-history":[{"count":0,"href":"http:\/\/www.tvturk.com\/index.php\/wp-json\/wp\/v2\/posts\/189113\/revisions"}],"wp:featuredmedia":[{"embeddable":true,"href":"http:\/\/www.tvturk.com\/index.php\/wp-json\/wp\/v2\/media\/189114"}],"wp:attachment":[{"href":"http:\/\/www.tvturk.com\/index.php\/wp-json\/wp\/v2\/media?parent=189113"}],"wp:term":[{"taxonomy":"category","embeddable":true,"href":"http:\/\/www.tvturk.com\/index.php\/wp-json\/wp\/v2\/categories?post=189113"},{"taxonomy":"post_tag","embeddable":true,"href":"http:\/\/www.tvturk.com\/index.php\/wp-json\/wp\/v2\/tags?post=189113"}],"curies":[{"name":"wp","href":"https:\/\/api.w.org\/{rel}","templated":true}]}}