{"id":189115,"date":"2019-08-01T16:32:29","date_gmt":"2019-08-01T13:32:29","guid":{"rendered":"http:\/\/www.tvturk.com\/index.php\/izmir-teknoloji-ussunde-calismalar-hizlandi\/"},"modified":"2019-08-01T16:32:29","modified_gmt":"2019-08-01T13:32:29","slug":"izmir-teknoloji-ussunde-calismalar-hizlandi","status":"publish","type":"post","link":"http:\/\/www.tvturk.com\/index.php\/izmir-teknoloji-ussunde-calismalar-hizlandi\/","title":{"rendered":"\u0130zmir Teknoloji \u00dcss\u00fc\u2019nde \u00e7al\u0131\u015fmalar h\u0131zland\u0131"},"content":{"rendered":"<p>AK Parti Genel Ba\u015fkan Yard\u0131mc\u0131s\u0131 ve \u0130zmir Milletvekili Hamza Da\u011f, \u0130zmir Urla\u2019da kurulmas\u0131 planlanan \u0130zmir Teknoloji \u00dcss\u00fc\u2019ne ili\u015fkin m\u00fcjde vererek, \u201cUrla\u2019da kurulacak teknoloji \u00fcss\u00fc \u00fclkemizin bili\u015fim ve teknoloji alan\u0131nda geli\u015fimine \u00f6nc\u00fcl\u00fck edecek. \u0130zmir yaz\u0131l\u0131m\u0131n merkezi olacak\u201d diye konu\u015ftu.<\/p>\n<p>AK Parti Genel Ba\u015fkan Yard\u0131mc\u0131s\u0131 ve \u0130zmir Milletvekili Hamza Da\u011f, \u0130zmir Y\u00fcksek Teknoloji \u00dcniversitesi Rekt\u00f6r\u00fc Prof. Dr. Yusuf Baran ile birlikte Sanayi ve Teknoloji Bakan\u0131 Mustafa Varank\u2019\u0131 ziyaret etti. Sanayi ve Teknoloji Bakanl\u0131\u011f\u0131 AR-GE Te\u015fvikleri Genel M\u00fcd\u00fcr\u00fc Bilal Macit\u2019in de kat\u0131ld\u0131\u011f\u0131 g\u00f6r\u00fc\u015fmenin ard\u0131ndan a\u00e7\u0131klama yapan Da\u011f, Urla\u2019da kurulmas\u0131 planlanan \u0130zmir Teknoloji \u00dcss\u00fc\u2019ne ili\u015fkin m\u00fcjde verdi. \u0130zmir Teknoloji \u00dcss\u00fc ile ilgili \u00e7al\u0131\u015fmalar\u0131n h\u0131zlanaca\u011f\u0131n\u0131 ifade eden Da\u011f \u201cUrla\u2019da kurulacak teknoloji \u00fcss\u00fc \u00fclkemizin bili\u015fim ve teknoloji alan\u0131nda geli\u015fimine \u00f6nc\u00fcl\u00fck edecek. \u0130zmir yaz\u0131l\u0131m\u0131n merkezi olacak\u201d dedi.<\/p>\n<p>\u201c\u0130stihdam imkan\u0131 sa\u011flayacak\u201d<\/p>\n<p>Ge\u00e7en y\u0131l haziran ay\u0131nda ge\u00e7mi\u015f d\u00f6nem Ba\u015fbakan\u0131 Binali Y\u0131ld\u0131r\u0131m ve ge\u00e7mi\u015f d\u00f6nem Bilim, Sanayi ve Teknoloji Bakan\u0131 Faruk \u00d6zl\u00fc\u2019n\u00fcn imza t\u00f6renini ger\u00e7ekle\u015ftirdi\u011fi \u0130zmir Teknoloji \u00dcss\u00fc\u2019ne ili\u015fkin, Sanayi ve Teknoloji Bakan\u0131 Mustafa Varank ile bir araya gelen Da\u011f, \u201cAK Parti her zaman AR-GE \u00e7al\u0131\u015fmalar\u0131na b\u00fcy\u00fck \u00f6nem vermi\u015ftir. \u0130ktidara geldi\u011fimiz g\u00fcnden itibaren AR-GE yat\u0131r\u0131mlar\u0131na ayr\u0131lan b\u00fct\u00e7e s\u00fcrekli olarak art\u0131\u015f g\u00f6stermi\u015ftir. Son 10 y\u0131la bakt\u0131\u011f\u0131m\u0131zda AR-GE \u00e7al\u0131\u015fmalar\u0131na aktar\u0131lan miktar\u0131n milli gelire oran\u0131 yar\u0131 yar\u0131ya artm\u0131\u015ft\u0131r. Bu alandaki \u00e7al\u0131\u015fmalar ve yat\u0131r\u0131mlar devam etmektedir. Sanayi ve Teknoloji Bakanl\u0131\u011f\u0131m\u0131z\u0131n \u00f6nc\u00fcl\u00fc\u011f\u00fcnde Urla\u2019da kurulacak \u0130zmir Teknoloji \u00dcss\u00fc ile birlikte \u0130zmir, teknolojide \u00f6nc\u00fc bir \u015fehir haline gelecektir. \u0130zmir Teknoloji \u00dcss\u00fc, i\u015f adamlar\u0131m\u0131z\u0131n ve sanayicilerimizin uzun s\u00fcredir bekledi\u011fi bir ara\u015ft\u0131rma geli\u015ftirme merkezi olacakt\u0131r. 560 bin metrekare kapal\u0131 alanda planlanan \u00fcs, y\u00fczlerce firmaya ev sahipli\u011fi yaparak gen\u00e7 ve inovatif beyinlere de b\u00fcy\u00fck bir istihdam imkan\u0131 sa\u011flayacakt\u0131r. \u0130zmir, konumu, birikimi ve altyap\u0131s\u0131yla b\u00f6ylesine kapsaml\u0131 ve b\u00fcy\u00fck bir merkez i\u00e7in bi\u00e7ilmi\u015f kaftand\u0131r. Teknoloji \u00fcss\u00fcm\u00fcz\u00fcn en k\u0131sa zamanda hayata ge\u00e7mesine ili\u015fkin \u00e7al\u0131\u015fmalar h\u0131z kazanm\u0131\u015ft\u0131r\u201d ifadelerini kulland\u0131.<\/p>\n<p>\u201c\u0130zmir teknolojik geli\u015fmede \u00f6nc\u00fc olacak\u201d<\/p>\n<p>Projenin kamu-\u00fcniversite i\u015f birli\u011fi ile faaliyete ge\u00e7ece\u011fini vurgulayan Da\u011f a\u00e7\u0131klamas\u0131n\u0131 \u015fu ifadelerle noktalad\u0131: \u201cD\u00fcnyada teknoloji, s\u00fcreklilik kazanan bir geli\u015fim g\u00f6stermektedir. \u00d6zellikle 20. y\u00fczy\u0131l\u0131n sonunda dijital teknolojide ba\u015flayan at\u0131l\u0131mlar 21. y\u00fczy\u0131lda g\u00fc\u00e7l\u00fc bir ivme kazanm\u0131\u015f ve art\u0131k d\u00fcnya, g\u00fcn\u00fcm\u00fcz yaz\u0131l\u0131m teknolojisiyle birlikte bir dijital d\u00f6neme girmi\u015f bulunmaktad\u0131r. Biz de bu ba\u011flamda Sanayi ve Teknoloji Bakanl\u0131\u011f\u0131, T\u00fcrk Patent ve Marka Kurumu, T\u00dcB\u0130TAK ve \u0130zmir Y\u00fcksek Teknoloji Enstit\u00fcs\u00fc birlikteli\u011fiyle hayata ge\u00e7ecek olan \u0130zmir Teknoloji \u00dcss\u00fc\u2019n\u00fcn sunaca\u011f\u0131 katk\u0131yla, bu dijitalle\u015fen ve yaz\u0131l\u0131m\u0131 merkeze alan sistem i\u00e7erisindeki konumumuzu daha da g\u00fc\u00e7lendirece\u011fiz. Kurumlar\u0131m\u0131z\u0131n g\u00fc\u00e7l\u00fc i\u015fbirli\u011fiyle ortaya \u00e7\u0131kan teknoloji merkezi, Bakanl\u0131\u011f\u0131m\u0131z\u0131n yerli ve yabanc\u0131 yat\u0131r\u0131mc\u0131lara sunaca\u011f\u0131 katk\u0131lar ile nitelikli i\u015f g\u00fcc\u00fc potansiyelini harekete ge\u00e7irecek ve \u00fclkemize \u00f6nemli bir katma de\u011fer sa\u011flayacakt\u0131r. \u0130zmir Teknoloji \u00dcss\u00fc\u2019nde ara\u015ft\u0131rma geli\u015ftirme faaliyetlerini s\u00fcrd\u00fcrmek isteyen bir\u00e7ok firmaya \u00e7e\u015fitli destek ve te\u015fvik imkanlar\u0131 sunulacakt\u0131r. Bu kapsaml\u0131 merkezde kimya ve malzeme, bilgisayar ve elektronik, elektrikli te\u00e7hizat, sa\u011fl\u0131k bilimleri ve yaz\u0131l\u0131m sekt\u00f6rlerinden firmalar konumlanacak ve bu noktada \u0130zmir yaz\u0131l\u0131m\u0131n merkezi olacak ve \u00fclkemizde bili\u015fim ve teknoloji sekt\u00f6r\u00fcn\u00fcn geli\u015fimine \u00f6nc\u00fcl\u00fck edecektir.\u201d<\/p>\n","protected":false},"excerpt":{"rendered":"<p>AK PART\u0130 GENEL BA\u015eKAN YARDIMCISI VE \u0130ZM\u0130R M\u0130LLETVEK\u0130L\u0130 HAMZA DA\u011e, \u0130ZM\u0130R Y\u00dcKSEK TEKNOLOJ\u0130 \u00dcN\u0130VERS\u0130TES\u0130 REKT\u00d6R\u00dc PROF. DR. YUSUF BARAN \u0130LE B\u0130RL\u0130KTE SANAY\u0130 VE TEKNOLOJ\u0130 BAKANI MUSTAFA VARANK\u2019I Z\u0130YARET ETT\u0130.<\/p>\n","protected":false},"author":1,"featured_media":189116,"comment_status":"closed","ping_status":"open","sticky":false,"template":"","format":"standard","meta":{"jetpack_post_was_ever_published":false,"_jetpack_newsletter_access":"","_jetpack_dont_email_post_to_subs":false,"_jetpack_newsletter_tier_id":0,"_jetpack_memberships_contains_paywalled_content":false,"_jetpack_memberships_contains_paid_content":false,"footnotes":"","jetpack_publicize_message":"","jetpack_publicize_feature_enabled":true,"jetpack_social_post_already_shared":true,"jetpack_social_options":{"image_generator_settings":{"template":"highway","default_image_id":0,"font":"","enabled":false},"version":2}},"categories":[24],"tags":[676,35877,2702,341,24671],"class_list":["post-189115","post","type-post","status-publish","format-standard","has-post-thumbnail","hentry","category-teknoloji","tag-calismalar","tag-hizlandi","tag-izmir","tag-teknoloji","tag-ussunde"],"jetpack_publicize_connections":[],"jetpack_featured_media_url":"https:\/\/i0.wp.com\/www.tvturk.com\/wp-content\/uploads\/2019\/08\/izmir-teknoloji-ussunde-calismalar-hizlandi_09724f0.jpg?fit=1000%2C727","jetpack_sharing_enabled":true,"jetpack_shortlink":"https:\/\/wp.me\/paKIfm-Ncf","_links":{"self":[{"href":"http:\/\/www.tvturk.com\/index.php\/wp-json\/wp\/v2\/posts\/189115","targetHints":{"allow":["GET"]}}],"collection":[{"href":"http:\/\/www.tvturk.com\/index.php\/wp-json\/wp\/v2\/posts"}],"about":[{"href":"http:\/\/www.tvturk.com\/index.php\/wp-json\/wp\/v2\/types\/post"}],"author":[{"embeddable":true,"href":"http:\/\/www.tvturk.com\/index.php\/wp-json\/wp\/v2\/users\/1"}],"replies":[{"embeddable":true,"href":"http:\/\/www.tvturk.com\/index.php\/wp-json\/wp\/v2\/comments?post=189115"}],"version-history":[{"count":0,"href":"http:\/\/www.tvturk.com\/index.php\/wp-json\/wp\/v2\/posts\/189115\/revisions"}],"wp:featuredmedia":[{"embeddable":true,"href":"http:\/\/www.tvturk.com\/index.php\/wp-json\/wp\/v2\/media\/189116"}],"wp:attachment":[{"href":"http:\/\/www.tvturk.com\/index.php\/wp-json\/wp\/v2\/media?parent=189115"}],"wp:term":[{"taxonomy":"category","embeddable":true,"href":"http:\/\/www.tvturk.com\/index.php\/wp-json\/wp\/v2\/categories?post=189115"},{"taxonomy":"post_tag","embeddable":true,"href":"http:\/\/www.tvturk.com\/index.php\/wp-json\/wp\/v2\/tags?post=189115"}],"curies":[{"name":"wp","href":"https:\/\/api.w.org\/{rel}","templated":true}]}}