{"id":189127,"date":"2019-08-01T16:47:10","date_gmt":"2019-08-01T13:47:10","guid":{"rendered":"http:\/\/www.tvturk.com\/index.php\/tumbuldekte-termal-turizm-hamlesi\/"},"modified":"2019-08-01T16:47:10","modified_gmt":"2019-08-01T13:47:10","slug":"tumbuldekte-termal-turizm-hamlesi","status":"publish","type":"post","link":"http:\/\/www.tvturk.com\/index.php\/tumbuldekte-termal-turizm-hamlesi\/","title":{"rendered":"T\u00fcmb\u00fcldek\u2019te termal turizm hamlesi"},"content":{"rendered":"<p>Bursa\u2019n\u0131n sa\u011fl\u0131k turizmindeki potansiyelini yerinde incelemek \u00fczere Mustafakemalpa\u015fa\u2019ya gelen Uluslararas\u0131 Sa\u011fl\u0131k Hizmetleri A.\u015e. (USHA\u015e) Genel M\u00fcd\u00fcr\u00fc Mehmet Ali K\u0131l\u0131\u00e7kaya, T\u00fcmb\u00fcldek kapl\u0131calar\u0131n\u0131 ziyaret etti.<\/p>\n<p>AK Parti Bursa Milletvekili Mustafa Esgin, Mustafakemalpa\u015fa Belediye Ba\u015fkan\u0131 Mehmet Kanar ve Sa\u011fl\u0131k Bakanl\u0131\u011f\u0131 b\u00fcnyesinde Sa\u011fl\u0131k Hizmetleri A.\u015e. Genel M\u00fcd\u00fcr\u00fc Mehmet Ali K\u0131l\u0131\u00e7kaya T\u00fcmb\u00fcldek\u2019te bir dizi ziyarette bulundu.  Ziyarette T\u00fcmb\u00fcldek\u2019in T\u00fcrkiye\u2019nin termal turizm alan\u0131nda c\u00e2zibe merkezlerinden biri h\u00e2line gelmesi yolunda haz\u0131rlanan projeler \u00fczerine isti\u015f\u00e2re ve de\u011ferlendirmelerde bulunuldu.<\/p>\n<p>T\u00fcrkiye\u2019de sunulan hizmetlerin tan\u0131t\u0131m\u0131n\u0131 yapmak, kamu ve \u00f6zel sekt\u00f6r\u00fcn sa\u011fl\u0131k turizmine y\u00f6nelik faaliyetlerini desteklemek maksad\u0131yla kurulan USHA\u015e, Bursa\u2019daki sa\u011fl\u0131k turizmi \u00e7al\u0131\u015fmalar\u0131n\u0131 mercek alt\u0131na ald\u0131. Bursa\u2019ya gelen USHA\u015e Genel M\u00fcd\u00fcr\u00fc Mehmet Ali K\u0131l\u0131\u00e7kaya\u2019ya,  T\u00fcmb\u00fcldek\u2019te incelemelerde bulundu. \u015eifal\u0131 su kaynaklar\u0131n\u0131n daha etkin kullan\u0131m\u0131 ile birlikte T\u00fcmb\u00fcldek\u2019in termal turizm alan\u0131nda cazibe merkezlerinden biri h\u00e2line gelmesi i\u00e7in yap\u0131lan toplant\u0131da mevcut termal kaynaklar, termal kaynaklar\u0131n sa\u011fl\u0131k turizmine entegrasyonu gibi konular masaya yat\u0131r\u0131ld\u0131.<\/p>\n<p>Toplant\u0131da konu\u015fan Belediye Ba\u015fkan\u0131 Mehmet Kanar, \u00d6z kaynaklar\u0131yla b\u00fcy\u00fcyen ve kalk\u0131nan bir Mustafakemalpa\u015fa i\u00e7in durmadan \u00e7al\u0131\u015ft\u0131klar\u0131n\u0131 ifade ederek termal kaynaklar\u0131n sa\u011fl\u0131k turizminde aktif olarak kullan\u0131lmas\u0131na y\u00f6nelik  faaliyetlerin yap\u0131lan toplant\u0131 ile birlikte h\u0131z kazand\u0131\u011f\u0131n\u0131 belirtti.<\/p>\n<p>USHA\u015e Genel M\u00fcd\u00fcr\u00fc Mehmet Ali K\u0131l\u0131\u00e7kaya\u2019n\u0131n ziyaretini de\u011ferlendiren AK Parti Bursa Milletvekili Esgin, art\u0131k harekete ge\u00e7me zaman\u0131n\u0131n geldi\u011fini vurgulayarak, T\u00fcmb\u00fcldek\u2019in tarih\u00ee bir termal de\u011fer oldu\u011funu turizm potansiyeliyle de d\u00fcnyaya \u00f6rnek olaca\u011f\u0131n\u0131 s\u00f6yledi.<\/p>\n<p>T\u00fcmb\u00fcldek kapl\u0131calar\u0131n\u0131n termal turizm bak\u0131ndan T\u00fcrkiye\u2019nin parlayan y\u0131ld\u0131z\u0131 olabilece\u011fine i\u015faret eden USHA\u015e Genel M\u00fcd\u00fcr\u00fc Mehmet Ali K\u0131l\u0131\u00e7kaya, T\u00fcmb\u00fcldek\u2019e daha nitelikli sa\u011fl\u0131k turistleri getirebilmek i\u00e7in bir\u00e7ok yetkiye sahip olduklar\u0131n\u0131 belirterek, \u201cNas\u0131l daha iyi \u015fekilde tan\u0131tabiliriz bunlar\u0131 de\u011ferlendiriyoruz. \u0130l\u00e7eye \u00f6nemli hizmetler kazand\u0131rmak istiyoruz\u201d diye konu\u015ftu.<\/p>\n","protected":false},"excerpt":{"rendered":"<p>ULUSLARARASI SA\u011eLIK H\u0130ZMETLER\u0130 A.\u015e. (USHA\u015e) GENEL M\u00dcD\u00dcR\u00dc MEHMET AL\u0130 KILI\u00c7KAYA, T\u00dcMB\u00dcLDEK KAPLICALARINI Z\u0130YARET ETT\u0130.<\/p>\n","protected":false},"author":1,"featured_media":189128,"comment_status":"closed","ping_status":"open","sticky":false,"template":"","format":"standard","meta":{"jetpack_post_was_ever_published":false,"_jetpack_newsletter_access":"","_jetpack_dont_email_post_to_subs":false,"_jetpack_newsletter_tier_id":0,"_jetpack_memberships_contains_paywalled_content":false,"_jetpack_memberships_contains_paid_content":false,"footnotes":"","jetpack_publicize_message":"","jetpack_publicize_feature_enabled":true,"jetpack_social_post_already_shared":true,"jetpack_social_options":{"image_generator_settings":{"template":"highway","default_image_id":0,"font":"","enabled":false},"version":2}},"categories":[1],"tags":[39,9047,47181,2184],"class_list":["post-189127","post","type-post","status-publish","format-standard","has-post-thumbnail","hentry","category-genel","tag-hamlesi","tag-termal","tag-tumbuldekte","tag-turizm"],"jetpack_publicize_connections":[],"jetpack_featured_media_url":"https:\/\/i0.wp.com\/www.tvturk.com\/wp-content\/uploads\/2019\/08\/tumbuldekte-termal-turizm-hamlesi_20ee66a.jpg?fit=960%2C640","jetpack_sharing_enabled":true,"jetpack_shortlink":"https:\/\/wp.me\/paKIfm-Ncr","_links":{"self":[{"href":"http:\/\/www.tvturk.com\/index.php\/wp-json\/wp\/v2\/posts\/189127","targetHints":{"allow":["GET"]}}],"collection":[{"href":"http:\/\/www.tvturk.com\/index.php\/wp-json\/wp\/v2\/posts"}],"about":[{"href":"http:\/\/www.tvturk.com\/index.php\/wp-json\/wp\/v2\/types\/post"}],"author":[{"embeddable":true,"href":"http:\/\/www.tvturk.com\/index.php\/wp-json\/wp\/v2\/users\/1"}],"replies":[{"embeddable":true,"href":"http:\/\/www.tvturk.com\/index.php\/wp-json\/wp\/v2\/comments?post=189127"}],"version-history":[{"count":0,"href":"http:\/\/www.tvturk.com\/index.php\/wp-json\/wp\/v2\/posts\/189127\/revisions"}],"wp:featuredmedia":[{"embeddable":true,"href":"http:\/\/www.tvturk.com\/index.php\/wp-json\/wp\/v2\/media\/189128"}],"wp:attachment":[{"href":"http:\/\/www.tvturk.com\/index.php\/wp-json\/wp\/v2\/media?parent=189127"}],"wp:term":[{"taxonomy":"category","embeddable":true,"href":"http:\/\/www.tvturk.com\/index.php\/wp-json\/wp\/v2\/categories?post=189127"},{"taxonomy":"post_tag","embeddable":true,"href":"http:\/\/www.tvturk.com\/index.php\/wp-json\/wp\/v2\/tags?post=189127"}],"curies":[{"name":"wp","href":"https:\/\/api.w.org\/{rel}","templated":true}]}}