{"id":189129,"date":"2019-08-01T17:01:33","date_gmt":"2019-08-01T14:01:33","guid":{"rendered":"http:\/\/www.tvturk.com\/index.php\/kibrisin-fethinin-448inci-yili-kktcde-torenlerle-kutlaniyor\/"},"modified":"2019-08-01T17:01:33","modified_gmt":"2019-08-01T14:01:33","slug":"kibrisin-fethinin-448inci-yili-kktcde-torenlerle-kutlaniyor","status":"publish","type":"post","link":"http:\/\/www.tvturk.com\/index.php\/kibrisin-fethinin-448inci-yili-kktcde-torenlerle-kutlaniyor\/","title":{"rendered":"K\u0131br\u0131s\u2019\u0131n Fethi\u2019nin 448\u2019inci y\u0131l\u0131 KKTC\u2019de t\u00f6renlerle kutlan\u0131yor"},"content":{"rendered":"<p>K\u0131br\u0131s\u2019\u0131n Osmanl\u0131lar taraf\u0131ndan fethinin 448\u2019inci y\u0131l\u0131, T\u00fcrk Mukavemet Te\u015fkilat\u0131\u2019n\u0131n 61\u2019inci ve G\u00fcvenlik Kuvvetleri Komutanl\u0131\u011f\u0131\u2019n\u0131n 43\u2019\u00fcnc\u00fc kurulu\u015f y\u0131l d\u00f6n\u00fcm\u00fc olan 1 A\u011fustos Toplumsal Direni\u015f Bayram\u0131 Kuzey K\u0131br\u0131s T\u00fcrk Cumhuriyeti\u2019nde (KKTC) t\u00f6renlerle kutlan\u0131yor.<\/p>\n<p>K\u0131br\u0131s\u2019\u0131n Fethi\u2019nin 448\u2019inci, T\u00fcrk Mukavemet Te\u015fkilat\u0131\u2019n\u0131n 61\u2019inci ve G\u00fcvenlik Kuvvetleri Komutanl\u0131\u011f\u0131\u2019n\u0131n 43\u2019\u00fcnc\u00fc kurulu\u015f y\u0131l d\u00f6n\u00fcm\u00fc KKTC genelinde t\u00f6renlerle kutlan\u0131yor. T\u00f6ren Atat\u00fcrk An\u0131t\u0131\u2019na \u00e7elenklerin protokol s\u0131ras\u0131na g\u00f6re sunulmas\u0131yla ba\u015flad\u0131. Sayg\u0131 duru\u015funun ard\u0131ndan \u0130stiklal Mar\u015f\u0131 ile bayraklar g\u00f6ndere \u00e7ekildi. G\u00fcvenlik Kuvvetleri Komutan\u0131 Tu\u011fgeneral Tevfik Algan, an\u0131t \u00f6zel defterini imzalad\u0131. Kurmay Binba\u015f\u0131 Hayati Kabak da g\u00fcn\u00fcn anlam ve \u00f6nemini belirten konu\u015fmay\u0131 yapt\u0131. T\u00f6renlere, G\u00fcvenlik Kuvvetleri Komutan\u0131 Tu\u011fgeneral Tevfik Algan, Cumhuriyet Meclisi Ba\u015fkan Yard\u0131mc\u0131s\u0131 Zorlu T\u00f6re, G\u00fcvenlik Kuvvetleri Komutan\u0131 Yard\u0131mc\u0131s\u0131 Tu\u011fgeneral Cemal Volkan, G\u00fcvenlik Kuvvetleri Kurmay Ba\u015fkan\u0131 Tank Albay Osman Aky\u0131ld\u0131z, Polis Genel M\u00fcd\u00fcr\u00fc S\u00fcleyman Manavo\u011flu, Mukavemet Te\u015fkilat\u0131 (TMT) M\u00fccahitler Derne\u011fi Ba\u015fkan\u0131 Y\u0131lmaz Bora, askeri ve polis yetkilileri, dernek, kurum ve kurulu\u015flar\u0131ndan temsilciler ve vatanda\u015flar kat\u0131ld\u0131.<\/p>\n<p>1 A\u011fustos\u2019un \u201cBar\u0131\u015f ve \u00f6zg\u00fcrl\u00fck i\u00e7in hayat pahas\u0131na m\u00fccadele etme\u201d olarak \u00f6zetlenebilece\u011fini ifade eden Kurmay Binba\u015f\u0131 Hayati Kabak, bu g\u00fcn\u00fc daha iyi anlayabilmek ve hat\u0131rlamak i\u00e7in K\u0131br\u0131s\u2019\u0131n Osmanl\u0131lar taraf\u0131ndan fethedildi\u011fi 1571, T\u00fcrk Mukavemet Te\u015fkilat\u0131\u2019n\u0131n kuruldu\u011fu 1958, G\u00fcvenlik Kuvvetleri Komutanl\u0131\u011f\u0131\u2019n\u0131n te\u015fkil edildi\u011fi 1976\u2019da ise 1 A\u011fustoslara nas\u0131l, hangi \u015fartlar alt\u0131nda gelindi\u011finin incelenmesi gerekti\u011fini kaydetti.<\/p>\n<p>\u201c1 A\u011fustos 1571\u2019de 80 bin \u015fehit verilerek kazan\u0131lan zafer\u201d<\/p>\n<p>Kabak, K\u0131br\u0131s\u2019\u0131n al\u0131nmas\u0131n\u0131n d\u00f6nemin en ileri ya\u015fam ko\u015fullar\u0131n\u0131 sa\u011flayan Osmanl\u0131 \u0130mparatorlu\u011fu\u2019nun T\u00fcrk g\u00fcvenli\u011fini ve T\u00fcrk bar\u0131\u015f\u0131n\u0131 t\u00fcm Do\u011fu Akdeniz\u2019de tesis edilebilmesi i\u00e7in elzem oldu\u011funa dikkat \u00e7ekerek, nitekim K\u0131br\u0131s\u2019ta bar\u0131\u015f ve adaletin 1 A\u011fustos 1571\u2019de 80 bin \u015fehit verilerek kazan\u0131lan bir zafer oldu\u011funu s\u00f6yledi.<\/p>\n<p>Osmanl\u0131 \u0130mparatorlu\u011fu\u2019nun sa\u011flad\u0131\u011f\u0131 g\u00fcvenlik ortam\u0131n\u0131n o d\u00f6nemin ko\u015fullar\u0131nda sadece adada de\u011fil, t\u00fcm b\u00f6lgede halklar\u0131n huzur ve \u00f6zg\u00fcrl\u00fck i\u00e7erisinde ya\u015fay\u0131\u015f\u0131n\u0131 307 y\u0131l boyunca temin etti\u011fine i\u015faret eden Kabak, ancak 1878\u2019de Osmanl\u0131 \u0130mparatorlu\u011fu\u2019nun adan\u0131n y\u00f6netimini ge\u00e7ici olarak \u0130ngiltere\u2019ye devretmek zorunda kald\u0131\u011f\u0131n\u0131 an\u0131msatt\u0131.<\/p>\n<p>Bu s\u00fcre i\u00e7inde K\u0131br\u0131s\u2019ta ya\u015fananlara ve K\u0131br\u0131sl\u0131 T\u00fcrklerin verdi\u011fi m\u00fccadeleye de\u011finen Kabak, K\u0131br\u0131sl\u0131 T\u00fcrklerin EOKA ter\u00f6r \u00f6rg\u00fct\u00fcn\u00fcn olu\u015fturdu\u011fu tehdit ortam\u0131nda yok edilme tehlikesiyle kar\u015f\u0131 kar\u015f\u0131ya kalarak, 1 A\u011fustos 1958\u2019de TMT\u2019yi kurdu\u011funu anlatt\u0131. TMT\u2019nin, 1963\u2019te Rum sald\u0131r\u0131lar\u0131 yeniden ba\u015flad\u0131\u011f\u0131nda halk\u0131n g\u00fc\u00e7l\u00fc durmas\u0131n\u0131 sa\u011flayan bir unsur vazifesi g\u00f6rd\u00fc\u011f\u00fcne i\u015faret eden Kabak, \u201cBug\u00fcn G\u00fcvenlik Kuvvetleri Komutanl\u0131\u011f\u0131m\u0131z 1571, 1958, 1974\u2019te bu topraklarda hayatlar\u0131 pahas\u0131na vatan yapan bar\u0131\u015f ve \u00f6zg\u00fcrl\u00fck i\u00e7in kan ve ter ak\u0131tarak gelece\u011fi in\u015fa eden atalar\u0131m\u0131z\u0131n emanetini manevi bir g\u00fc\u00e7 olarak onurla ta\u015f\u0131maktad\u0131r\u201d dedi.<\/p>\n<p>\u201cGKK milletimizden ald\u0131\u011f\u0131 g\u00fc\u00e7le \u00e7a\u011fda\u015f silah, ara\u00e7 ve te\u00e7hizatlara sahip, y\u00fcksek e\u011fitim ve haz\u0131rl\u0131k seviyesinde bir askeri g\u00fc\u00e7 olarak KKTC\u2019yi kan\u0131n\u0131n son damlas\u0131na kadar savunmaya devam edecektir\u201d diyen Kabak, t\u00fcm \u015fehitleri, ebediyete intikal etmi\u015f m\u00fccahit ve m\u00fccahideleri \u015f\u00fckranla and\u0131.<\/p>\n<p>Algan an\u0131t \u00f6zel defterlerini imzalad\u0131<\/p>\n<p>G\u00fcvenlik Kuvvetleri Komutan\u0131 Tu\u011fgeneral Tevfik Algan, her iki t\u00f6rende de an\u0131t \u00f6zel defterini imzalad\u0131. Tu\u011fgeneral Algan, Atat\u00fcrk An\u0131t\u0131\u2019ndaki An\u0131t \u00d6zel Defteri\u2019ne \u015funlar\u0131 yazd\u0131:<\/p>\n<p>\u201cAziz Atat\u00fcrk, K\u0131br\u0131s\u2019\u0131n Fethi\u2019nin 448\u2019inci, T\u00fcrk Mukavemet Te\u015fkilat\u0131\u2019n\u0131n 61\u2019inci ve G\u00fcvenlik Kuvvetleri Komutanl\u0131\u011f\u0131\u2019n\u0131n 43\u2019\u00fcnc\u00fc kurulu\u015f y\u0131l d\u00f6n\u00fcm\u00fcnde huzurunuzda bulunman\u0131n gururunu ya\u015f\u0131yoruz. M\u00fccahit K\u0131br\u0131s T\u00fcrk halk\u0131, temellerini, ilke ve ink\u0131laplar\u0131n \u00fczerine kurdu\u011fu Kuzey K\u0131br\u0131s T\u00fcrk Cumhuriyetini g\u00f6stermi\u015f oldu\u011fun muas\u0131r medeniyetler seviyesine ula\u015ft\u0131rmak i\u00e7in her ge\u00e7en g\u00fcn daha fazla \u00e7al\u0131\u015fmaktad\u0131r. Bizler de G\u00fcvenlik Kuvvetleri Komutanl\u0131\u011f\u0131 olarak y\u00fcksek disiplin, moral ve \u00fcst\u00fcn donan\u0131m ile \u00e7al\u0131\u015farak, Kuzey K\u0131br\u0131s\u2019ta K\u0131br\u0131s T\u00fcrk Bar\u0131\u015f Kuvvetleri Komutanl\u0131\u011f\u0131 ile bar\u0131\u015f\u0131n ve huzurun teminat\u0131 olmaya devam etme azim ve kararl\u0131l\u0131\u011f\u0131nday\u0131z. Bu duygu ve d\u00fc\u015f\u00fcnce ile manevi huzurunuzda e\u011filiyoruz. Ruhunuz \u015fad olsun.\u201d<\/p>\n<p>Tu\u011fgeneral Algan, \u015eehitler An\u0131t\u0131 \u00d6zel Defteri\u2019ne ise \u015funlar\u0131 yazd\u0131:<\/p>\n<p>\u201cK\u0131br\u0131s\u2019\u0131n Fethi\u2019nin 448\u2019inci, T\u00fcrk Mukavemet Te\u015fkilat\u0131\u2019n\u0131n 61\u2019inci ve G\u00fcvenlik Kuvvetleri Komutanl\u0131\u011f\u0131\u2019n\u0131n 43\u2019\u00fcnc\u00fc kurulu\u015f y\u0131l d\u00f6n\u00fcmlerinde bir kez daha manevi huzurunuzda olman\u0131n mutlulu\u011funu ya\u015f\u0131yoruz. M\u00fcbarek kanlar\u0131n\u0131zla sulanan bu kutsal topraklarda istikbale g\u00fcvenle bakabiliyorsak, bunu sizlere bor\u00e7lu oldu\u011fumuzun bilinci ve idraki i\u00e7erisindeyiz. G\u00fcvenlik Kuvvetleri Komutanl\u0131\u011f\u0131 olarak onurlu ve zorlu bir m\u00fccadele sonucunda kurulan Cumhuriyetimizi d\u00fcnya var olduk\u00e7a ya\u015fatacak ve u\u011fruna can verdi\u011finiz \u015fanl\u0131 bayra\u011f\u0131m\u0131z\u0131 vatan\u0131n her kar\u0131\u015f topra\u011f\u0131nda dalgaland\u0131raca\u011f\u0131z. Bu duygu ve d\u00fc\u015f\u00fcncelerle hepinizi minnet ve \u015f\u00fckranla an\u0131yor, manevi huzurunuzda sayg\u0131yla e\u011filiyoruz. Ruhlar\u0131n\u0131z \u015fad olsun.\u201d<\/p>\n","protected":false},"excerpt":{"rendered":"<p>KIBRIS&#8217;IN OSMANLILAR TARAFINDAN FETH\u0130N\u0130N 448&#8217;\u0130NC\u0130 YILI VE TOPLUMSAL D\u0130REN\u0130\u015e BAYRAMI, KUZEY KIBRIS T\u00dcRK CUMHUR\u0130YET\u0130&#8217;NDE (KKTC) T\u00d6RENLERLE KUTLANIYOR.<\/p>\n","protected":false},"author":1,"featured_media":189130,"comment_status":"closed","ping_status":"open","sticky":false,"template":"","format":"standard","meta":{"jetpack_post_was_ever_published":false,"_jetpack_newsletter_access":"","_jetpack_dont_email_post_to_subs":false,"_jetpack_newsletter_tier_id":0,"_jetpack_memberships_contains_paywalled_content":false,"_jetpack_memberships_contains_paid_content":false,"footnotes":"","jetpack_publicize_message":"","jetpack_publicize_feature_enabled":true,"jetpack_social_post_already_shared":true,"jetpack_social_options":{"image_generator_settings":{"template":"highway","default_image_id":0,"font":"","enabled":false},"version":2}},"categories":[10],"tags":[47182,19752,20254,4716,19205,39079,2128],"class_list":["post-189129","post","type-post","status-publish","format-standard","has-post-thumbnail","hentry","category-dunya","tag-448inci","tag-fethinin","tag-kibrisin","tag-kktcde","tag-kutlaniyor","tag-torenlerle","tag-yili"],"jetpack_publicize_connections":[],"jetpack_featured_media_url":"https:\/\/i0.wp.com\/www.tvturk.com\/wp-content\/uploads\/2019\/08\/kibrisin-fethinin-448inci-yili-kktcde-torenlerle-kutlaniyor_7349035.jpg?fit=600%2C400","jetpack_sharing_enabled":true,"jetpack_shortlink":"https:\/\/wp.me\/paKIfm-Nct","_links":{"self":[{"href":"http:\/\/www.tvturk.com\/index.php\/wp-json\/wp\/v2\/posts\/189129","targetHints":{"allow":["GET"]}}],"collection":[{"href":"http:\/\/www.tvturk.com\/index.php\/wp-json\/wp\/v2\/posts"}],"about":[{"href":"http:\/\/www.tvturk.com\/index.php\/wp-json\/wp\/v2\/types\/post"}],"author":[{"embeddable":true,"href":"http:\/\/www.tvturk.com\/index.php\/wp-json\/wp\/v2\/users\/1"}],"replies":[{"embeddable":true,"href":"http:\/\/www.tvturk.com\/index.php\/wp-json\/wp\/v2\/comments?post=189129"}],"version-history":[{"count":0,"href":"http:\/\/www.tvturk.com\/index.php\/wp-json\/wp\/v2\/posts\/189129\/revisions"}],"wp:featuredmedia":[{"embeddable":true,"href":"http:\/\/www.tvturk.com\/index.php\/wp-json\/wp\/v2\/media\/189130"}],"wp:attachment":[{"href":"http:\/\/www.tvturk.com\/index.php\/wp-json\/wp\/v2\/media?parent=189129"}],"wp:term":[{"taxonomy":"category","embeddable":true,"href":"http:\/\/www.tvturk.com\/index.php\/wp-json\/wp\/v2\/categories?post=189129"},{"taxonomy":"post_tag","embeddable":true,"href":"http:\/\/www.tvturk.com\/index.php\/wp-json\/wp\/v2\/tags?post=189129"}],"curies":[{"name":"wp","href":"https:\/\/api.w.org\/{rel}","templated":true}]}}