{"id":189157,"date":"2019-08-01T17:32:40","date_gmt":"2019-08-01T14:32:40","guid":{"rendered":"http:\/\/www.tvturk.com\/index.php\/antalyaspor-akaryakit-istasyonu-kiralama-ihalesi-yapildi\/"},"modified":"2019-08-01T17:32:40","modified_gmt":"2019-08-01T14:32:40","slug":"antalyaspor-akaryakit-istasyonu-kiralama-ihalesi-yapildi","status":"publish","type":"post","link":"http:\/\/www.tvturk.com\/index.php\/antalyaspor-akaryakit-istasyonu-kiralama-ihalesi-yapildi\/","title":{"rendered":"Antalyaspor Akaryak\u0131t \u0130stasyonu kiralama ihalesi yap\u0131ld\u0131"},"content":{"rendered":"<p>Antalyaspor Kul\u00fcb\u00fc Derne\u011fi\u2019nin sahibi oldu\u011fu akaryak\u0131t istasyonunun kiralama ihalesi, Hasan Suba\u015f\u0131 Tesisleri\u2019nde ger\u00e7ekle\u015ftirildi. \u0130hale sonucunda Antalyaspor, 5 y\u0131l i\u00e7in 9 milyon 966 bin lira ve ek olarak petrol ve market sat\u0131\u015f\u0131ndan belirli oranlarda ciro \u00fczerinden gelir ile istasyonu kiralad\u0131.<\/p>\n<p>Antalyaspor Hasan Suba\u015f\u0131 Tesisleri\u2019nde ger\u00e7ekle\u015ftirilen ihaleyi Antalyaspor Kul\u00fcb\u00fc Derne\u011fi 2. Ba\u015fkan\u0131 Mustafa Y\u0131lmaz y\u00f6netti. \u0130haleye, y\u00f6netim kurulu \u00fcyeleri Emin Hesap\u00e7\u0131o\u011flu, Erhan Erdem ve Aziz \u00c7etin ile kul\u00fcp profesyonelleri kat\u0131ld\u0131. \u0130haleye T\u00fcrkiye\u2019nin bir akaryak\u0131t firmas\u0131 teklif verdi.<\/p>\n<p>5 y\u0131l i\u00e7in 9 milyon 966 bin TL<\/p>\n<p>Noter ve bas\u0131n huzurunda kapal\u0131 zarf usul\u00fc ger\u00e7ekle\u015ftirilen ihaleye kat\u0131lan tek firma, 5 y\u0131l i\u00e7in pe\u015fin \u00f6denmek \u00fczere 6 milyon TL\u2019lik teklif sundu. \u0130hale komisyonu ba\u015fkan\u0131 Mustafa Y\u0131lmaz\u2019\u0131n her ne kadar tek firma olsa da art\u0131r\u0131m talebi \u00fczerine teklifi 7 milyon TL\u2019ye \u00e7\u0131karan firma yetkilileri, yeni bir art\u0131r\u0131m talebi \u00fczerine rakam\u0131 9 milyon TL olarak revize etti. Komisyon Ba\u015fkan\u0131 Y\u0131lmaz\u2019\u0131n Antalyaspor\u2019un kurulu\u015f y\u0131l\u0131n\u0131 temsil eden 1966\u2019ya dikkat \u00e7ekip rakam\u0131n 9 milyon 966 bin TL olmas\u0131 iste\u011fini de yerine getiren firma, bu sonu\u00e7la ihaleyi kazanm\u0131\u015f oldu.<\/p>\n<p>Cirodan pay<\/p>\n<p>\u0130hale Komisyonu Ba\u015fkan\u0131 Mustafa Y\u0131lmaz\u2019\u0131n 5 y\u0131l i\u00e7in pe\u015fin \u00f6denecek bu rakam\u0131n d\u0131\u015f\u0131nda, g\u00fcnl\u00fck 20 bin litrenin \u00fczerindeki petrol sat\u0131\u015f\u0131n\u0131n y\u00fczde 2\u2019si, g\u00fcnde 8 bin liral\u0131k market cirosunun \u00fczerindeki cironun da enflasyon oran\u0131nda y\u00fczde 5\u2019i kadar Antalyaspor\u2019a gelir sa\u011flanmas\u0131 talebi de Opet Petrol firma temsilcileri taraf\u0131ndan kabul edildi.<\/p>\n<p>\u201cGelirler artacak\u201d<\/p>\n<p>Mustafa Y\u0131lmaz, ihalenin Antalyaspor i\u00e7in hay\u0131rl\u0131 olmas\u0131n\u0131 dileyerek, \u201cAntalyaspor\u2019umuz bu ihale ile kal\u0131c\u0131 bir gelir elde etmi\u015ftir. Bu ihale, sadece belirlenen alanlar\u0131n kiralanmas\u0131 i\u00e7in yap\u0131lm\u0131\u015ft\u0131r. Alandaki di\u011fer i\u015fletmelerin kiralama ihalesi de \u00f6n\u00fcm\u00fczdeki g\u00fcnlerde ayr\u0131ca yap\u0131lacak, Antalyaspor\u2019umuzun gelirleri b\u00f6ylece daha da artacakt\u0131r. Antalyasporlular\u0131n da kul\u00fcb\u00fcm\u00fcz\u00fcn gelirinin artmas\u0131 amac\u0131yla, ad\u0131 Antalyaspor Petrol \u0130stasyonu olacak olan istasyondan al\u0131\u015fveri\u015f yapmalar\u0131n\u0131 ayr\u0131ca rica ediyoruz\u201d dedi.<\/p>\n","protected":false},"excerpt":{"rendered":"<p>NTALYASPOR HASAN SUBA\u015eI TES\u0130SLER\u0130\u2019NDE GER\u00c7EKLE\u015eT\u0130R\u0130LEN \u0130HALEY\u0130 ANTALYASPOR KUL\u00dcB\u00dc DERNE\u011e\u0130 2. BA\u015eKANI MUSTAFA YILMAZ Y\u00d6NETT\u0130. \u0130HALEYE, Y\u00d6NET\u0130M KURULU \u00dcYELER\u0130 EM\u0130N HESAP\u00c7IO\u011eLU, ERHAN ERDEM VE AZ\u0130Z \u00c7ET\u0130N \u0130LE KUL\u00dcP PROFESYONELLER\u0130 KATILDI.<\/p>\n","protected":false},"author":1,"featured_media":189158,"comment_status":"closed","ping_status":"open","sticky":false,"template":"","format":"standard","meta":{"jetpack_post_was_ever_published":false,"_jetpack_newsletter_access":"","_jetpack_dont_email_post_to_subs":false,"_jetpack_newsletter_tier_id":0,"_jetpack_memberships_contains_paywalled_content":false,"_jetpack_memberships_contains_paid_content":false,"footnotes":"","jetpack_publicize_message":"","jetpack_publicize_feature_enabled":true,"jetpack_social_post_already_shared":true,"jetpack_social_options":{"image_generator_settings":{"template":"highway","default_image_id":0,"font":"","enabled":false},"version":2}},"categories":[657],"tags":[2423,5058,3186,9498,2171,117],"class_list":["post-189157","post","type-post","status-publish","format-standard","has-post-thumbnail","hentry","category-spor","tag-akaryakit","tag-antalyaspor","tag-ihalesi","tag-istasyonu","tag-kiralama","tag-yapildi"],"jetpack_publicize_connections":[],"jetpack_featured_media_url":"https:\/\/i0.wp.com\/www.tvturk.com\/wp-content\/uploads\/2019\/08\/antalyaspor-akaryakit-istasyonu-kiralama-ihalesi-yapildi_aa2750c.jpg?fit=1000%2C562","jetpack_sharing_enabled":true,"jetpack_shortlink":"https:\/\/wp.me\/paKIfm-NcV","_links":{"self":[{"href":"http:\/\/www.tvturk.com\/index.php\/wp-json\/wp\/v2\/posts\/189157","targetHints":{"allow":["GET"]}}],"collection":[{"href":"http:\/\/www.tvturk.com\/index.php\/wp-json\/wp\/v2\/posts"}],"about":[{"href":"http:\/\/www.tvturk.com\/index.php\/wp-json\/wp\/v2\/types\/post"}],"author":[{"embeddable":true,"href":"http:\/\/www.tvturk.com\/index.php\/wp-json\/wp\/v2\/users\/1"}],"replies":[{"embeddable":true,"href":"http:\/\/www.tvturk.com\/index.php\/wp-json\/wp\/v2\/comments?post=189157"}],"version-history":[{"count":0,"href":"http:\/\/www.tvturk.com\/index.php\/wp-json\/wp\/v2\/posts\/189157\/revisions"}],"wp:featuredmedia":[{"embeddable":true,"href":"http:\/\/www.tvturk.com\/index.php\/wp-json\/wp\/v2\/media\/189158"}],"wp:attachment":[{"href":"http:\/\/www.tvturk.com\/index.php\/wp-json\/wp\/v2\/media?parent=189157"}],"wp:term":[{"taxonomy":"category","embeddable":true,"href":"http:\/\/www.tvturk.com\/index.php\/wp-json\/wp\/v2\/categories?post=189157"},{"taxonomy":"post_tag","embeddable":true,"href":"http:\/\/www.tvturk.com\/index.php\/wp-json\/wp\/v2\/tags?post=189157"}],"curies":[{"name":"wp","href":"https:\/\/api.w.org\/{rel}","templated":true}]}}