{"id":189187,"date":"2019-08-01T19:01:55","date_gmt":"2019-08-01T16:01:55","guid":{"rendered":"http:\/\/www.tvturk.com\/index.php\/istiklal-caddesinde-gokten-sacilan-paralar-izdihama-neden-oldu\/"},"modified":"2019-08-01T19:01:55","modified_gmt":"2019-08-01T16:01:55","slug":"istiklal-caddesinde-gokten-sacilan-paralar-izdihama-neden-oldu","status":"publish","type":"post","link":"http:\/\/www.tvturk.com\/index.php\/istiklal-caddesinde-gokten-sacilan-paralar-izdihama-neden-oldu\/","title":{"rendered":"\u0130stiklal Caddesi\u2019nde g\u00f6kten sa\u00e7\u0131lan paralar izdihama neden oldu"},"content":{"rendered":"<p>\u0130stiklal Caddesi\u2019nde bir binan\u0131n tepesinden para sa\u00e7\u0131ld\u0131, vatanda\u015flar paralar\u0131 almak i\u00e7in birbirleriyle yar\u0131\u015ft\u0131.<\/p>\n<p>Beyo\u011flu Taksim\u2019de bulunan ve \u0130stanbul\u2019un en i\u015flek caddelerinden biri olan \u0130stiklal Caddesi, bu ak\u015fam saatlerinde ilgin\u00e7 bir g\u00f6r\u00fcnt\u00fcye sahne oldu. Vatanda\u015flar her \u015feyden habersiz bir \u015fekilde sokakta y\u00fcr\u00fcrken bir anda yukar\u0131dan para sa\u00e7\u0131ld\u0131\u011f\u0131n\u0131 g\u00f6rd\u00fc. Havada u\u00e7u\u015fan paralar\u0131 g\u00f6ren vatanda\u015flar b\u00fcy\u00fck \u015fa\u015fk\u0131nl\u0131k ya\u015fad\u0131. Turistlerin de b\u00fcy\u00fck ilgiyle izledi\u011fi g\u00f6steride vatanda\u015flar yere d\u00fc\u015fen paralar\u0131 toplamak i\u00e7in birbiriyle yar\u0131\u015ft\u0131. Daha sonra bunun \u00f6nceden d\u00fczenlenmi\u015f bir g\u00f6sterinin par\u00e7as\u0131 oldu\u011funu \u00f6\u011frenen vatanda\u015flar, g\u00f6steriyi d\u00fczenleyen \u0130brahim Y\u0131lmaz ve Yunus Emre Kara\u2019n\u0131n yan\u0131na giderek kendileriyle bol bol foto\u011fraf \u00e7ektirdi.<\/p>\n<p>\u201cG\u00f6ky\u00fcz\u00fcnden herkes i\u00e7in bir \u015feyler ya\u011fd\u0131rmaya \u00e7al\u0131\u015faca\u011f\u0131z\u201d<\/p>\n<p>\u0130yilik Hareketi\u2019nin kurucusu \u0130brahim Y\u0131lmaz, \u201c\u0130yilik Hareketi\u201dnin kurucusuyum. \u0130stanbul\u2019umuz, T\u00fcrkiye\u2019miz, insanlar\u0131m\u0131z i\u00e7in ne yapabiliriz diye d\u00fc\u015f\u00fcn\u00fcrken sihirbaz karde\u015fimle kar\u015f\u0131la\u015ft\u0131m. Ara\u015ft\u0131rmalar\u0131m sonucunda sihirbaz karde\u015fimi buldum. Onunla birlikte etkili bir g\u00f6steri yapaca\u011f\u0131z ve g\u00f6ky\u00fcz\u00fcnden herkes i\u00e7in bir \u015feyler ya\u011fd\u0131rmaya \u00e7al\u0131\u015faca\u011f\u0131z\u201d dedi.<\/p>\n<p>\u201cYapaca\u011f\u0131m\u0131z g\u00f6steri T\u00fcrkiye\u2019de bir ilk\u201d<\/p>\n<p>Sihirbaz Yunus Emre Kara, \u201c\u0130brahim Bey\u2019den bir mesaj ald\u0131m. Kendisine herkesten yo\u011fun bir \u015fekilde mesaj geliyormu\u015f. Bana nas\u0131l bir \u015fey yapabiliriz diye sordu. Ben de \u0130stanbul\u2019da, Taksim\u2019de bir g\u00f6steri d\u00fczenlemeyi d\u00fc\u015f\u00fcnd\u00fcm. Yapaca\u011f\u0131m\u0131z g\u00f6steri T\u00fcrkiye\u2019de bir ilk olacak\u201d dedi.<\/p>\n","protected":false},"excerpt":{"rendered":"<p>\u0130ST\u0130KLAL CADDES\u0130&#8217;NDE B\u0130R B\u0130NANIN TEPES\u0130NDEN PARA SA\u00c7ILDI, VATANDA\u015eLAR PARALARI ALMAK \u0130\u00c7\u0130N B\u0130RB\u0130RLER\u0130YLE YARI\u015eTI. DAHA SONRA BUNUN \u00d6NCEDEN D\u00dcZENLENM\u0130\u015e B\u0130R G\u00d6STER\u0130N\u0130N PAR\u00c7ASI OLDU\u011eUNU \u00d6\u011eRENEN VATANDA\u015eLAR, G\u00d6STER\u0130Y\u0130 D\u00dcZENLEYEN \u0130BRAH\u0130M YILMAZ VE YUNUS EMRE KARA\u2019NIN YANINA G\u0130DEREK KEND\u0130LER\u0130YLE BOL BOL FOTO\u011eRAF \u00c7EKT\u0130RD\u0130.<\/p>\n","protected":false},"author":1,"featured_media":189188,"comment_status":"closed","ping_status":"open","sticky":false,"template":"","format":"standard","meta":{"jetpack_post_was_ever_published":false,"_jetpack_newsletter_access":"","_jetpack_dont_email_post_to_subs":false,"_jetpack_newsletter_tier_id":0,"_jetpack_memberships_contains_paywalled_content":false,"_jetpack_memberships_contains_paid_content":false,"footnotes":"","jetpack_publicize_message":"","jetpack_publicize_feature_enabled":true,"jetpack_social_post_already_shared":true,"jetpack_social_options":{"image_generator_settings":{"template":"highway","default_image_id":0,"font":"","enabled":false},"version":2}},"categories":[1],"tags":[4162,33100,14044,46227,1130,77,47201,47200],"class_list":["post-189187","post","type-post","status-publish","format-standard","has-post-thumbnail","hentry","category-genel","tag-caddesinde","tag-gokten","tag-istiklal","tag-izdihama","tag-neden","tag-oldu","tag-paralar","tag-sacilan"],"jetpack_publicize_connections":[],"jetpack_featured_media_url":"https:\/\/i0.wp.com\/www.tvturk.com\/wp-content\/uploads\/2019\/08\/istiklal-caddesinde-gokten-sacilan-paralar-izdihama-neden-oldu_11883d2.jpg?fit=1000%2C750","jetpack_sharing_enabled":true,"jetpack_shortlink":"https:\/\/wp.me\/paKIfm-Ndp","_links":{"self":[{"href":"http:\/\/www.tvturk.com\/index.php\/wp-json\/wp\/v2\/posts\/189187","targetHints":{"allow":["GET"]}}],"collection":[{"href":"http:\/\/www.tvturk.com\/index.php\/wp-json\/wp\/v2\/posts"}],"about":[{"href":"http:\/\/www.tvturk.com\/index.php\/wp-json\/wp\/v2\/types\/post"}],"author":[{"embeddable":true,"href":"http:\/\/www.tvturk.com\/index.php\/wp-json\/wp\/v2\/users\/1"}],"replies":[{"embeddable":true,"href":"http:\/\/www.tvturk.com\/index.php\/wp-json\/wp\/v2\/comments?post=189187"}],"version-history":[{"count":0,"href":"http:\/\/www.tvturk.com\/index.php\/wp-json\/wp\/v2\/posts\/189187\/revisions"}],"wp:featuredmedia":[{"embeddable":true,"href":"http:\/\/www.tvturk.com\/index.php\/wp-json\/wp\/v2\/media\/189188"}],"wp:attachment":[{"href":"http:\/\/www.tvturk.com\/index.php\/wp-json\/wp\/v2\/media?parent=189187"}],"wp:term":[{"taxonomy":"category","embeddable":true,"href":"http:\/\/www.tvturk.com\/index.php\/wp-json\/wp\/v2\/categories?post=189187"},{"taxonomy":"post_tag","embeddable":true,"href":"http:\/\/www.tvturk.com\/index.php\/wp-json\/wp\/v2\/tags?post=189187"}],"curies":[{"name":"wp","href":"https:\/\/api.w.org\/{rel}","templated":true}]}}