{"id":189197,"date":"2019-08-01T20:31:56","date_gmt":"2019-08-01T17:31:56","guid":{"rendered":"http:\/\/www.tvturk.com\/index.php\/saglikcilarin-fazla-mesai-isyani\/"},"modified":"2019-08-01T20:31:56","modified_gmt":"2019-08-01T17:31:56","slug":"saglikcilarin-fazla-mesai-isyani","status":"publish","type":"post","link":"http:\/\/www.tvturk.com\/index.php\/saglikcilarin-fazla-mesai-isyani\/","title":{"rendered":"Sa\u011fl\u0131k\u00e7\u0131lar\u0131n fazla mesai isyan\u0131"},"content":{"rendered":"<p>Sa\u011fl\u0131k ve Sosyal Hizmet \u00c7al\u0131\u015fanlar\u0131 Sendikas\u0131n\u0131n (Sa\u011fl\u0131k-Sen) 6 bin 694 sa\u011fl\u0131k \u00e7al\u0131\u015fan\u0131na yapt\u0131\u011f\u0131 ankette, \u00e7al\u0131\u015fanlar\u0131n b\u00fcy\u00fck bir k\u0131sm\u0131 bo\u015fanmalar\u0131n\u0131n sebebi olarak \u00e7al\u0131\u015fma saatlerinin fazla olmas\u0131n\u0131 g\u00f6sterdi.<\/p>\n<p>Sa\u011fl\u0131k-Sen Bursa \u015eube Ba\u015fkan\u0131 G\u00f6khan Y\u00fcnk\u00fcl, sa\u011fl\u0131k \u00e7al\u0131\u015fanlar\u0131 aras\u0131nda personelin sivil hayat\u0131n\u0131 baz alacak \u015fekilde yap\u0131lan anket ile ilgili a\u00e7\u0131klama yapt\u0131. Yap\u0131lan yaz\u0131l\u0131 a\u00e7\u0131klamada; sa\u011fl\u0131k personellerinin fazla olan mesai saatlerinin evlilik hayatlar\u0131n\u0131 etkiledi\u011fi ve bo\u015fanmalar\u0131n b\u00fcy\u00fck bir oran\u0131n\u0131n \u00e7al\u0131\u015fma saatleri y\u00fcz\u00fcnden ger\u00e7ekle\u015fti\u011fi belirtildi.<\/p>\n<p>Y\u00fcnk\u00fcl yapt\u0131\u011f\u0131 a\u00e7\u0131klamada, \u201cSa\u011fl\u0131k-Sen Genel Merkezimiz taraf\u0131ndan 6 bin 694 sa\u011fl\u0131k \u00e7al\u0131\u015fan\u0131na yap\u0131lan anketten \u00e7arp\u0131c\u0131 sonu\u00e7lar \u00e7\u0131km\u0131\u015ft\u0131r. Y\u0131llard\u0131r Sa\u011fl\u0131k-Sen olarak ifade etti\u011fimiz sa\u011fl\u0131k \u00e7al\u0131\u015fanlar\u0131n\u0131n i\u015f y\u00fck\u00fcn\u00fcn her ge\u00e7en g\u00fcn artt\u0131\u011f\u0131, sa\u011fl\u0131k \u00e7al\u0131\u015fanlar\u0131n\u0131n aile ve sosyal hayatlar\u0131n\u0131n tamamen bitti\u011fini yapt\u0131\u011f\u0131m\u0131z son ankette g\u00f6stermektedir&#8221; dedi.<\/p>\n<p>Bo\u015fanmalarda mesle\u011fin etkisi b\u00fcy\u00fck<\/p>\n<p>Yap\u0131lan anket sonu\u00e7lar\u0131ndan sa\u011fl\u0131k \u00e7al\u0131\u015fanlar\u0131n\u0131n aile birli\u011finin bozulmas\u0131n\u0131n alt\u0131nda yatan sebeplerin ba\u015f\u0131nda mesle\u011fin etkisinin geldi\u011fine vurgu yapan Y\u00fcnk\u00fcl, &#8220;Yapt\u0131\u011f\u0131m\u0131z anket sonucunda bo\u015fanm\u0131\u015f olan sa\u011fl\u0131k \u00e7al\u0131\u015fanlar\u0131n\u0131n y\u00fczde 35,6\u2019s\u0131 bo\u015fanmas\u0131nda mesle\u011finin etkisinin oldu\u011funu d\u00fc\u015f\u00fcnmektedir. N\u00f6bet tutan sa\u011fl\u0131k \u00e7al\u0131\u015fanlar\u0131n\u0131n y\u00fczde 44,3\u2019\u00fc mesle\u011fini bo\u015fanma nedeni olarak g\u00f6rmektedir. Yine sa\u011fl\u0131k \u00e7al\u0131\u015fanlar\u0131 i\u00e7in \u00e7ocuk bak\u0131m\u0131yla ilgili en \u00e7ok ya\u015fad\u0131klar\u0131 s\u0131k\u0131nt\u0131y\u0131 bak\u0131c\u0131\/kre\u015f sorunu olu\u015fturmaktad\u0131r.  Ankete kat\u0131lan hem\u015fire ve ebelerin bo\u015fanma nedeni olarak n\u00f6betleri daha y\u00fcksek oranda belirttikleri de saptanan bir ger\u00e7eklik oldu. \u00d6zellikle Y\u00fcksek \u0130htisas E\u011fitim ve Ara\u015ft\u0131rma Hastanesi ile \u00c7ekirge Devlet Hastanesinde var olan fazla mesai s\u0131k\u0131nt\u0131s\u0131 yap\u0131lan ge\u00e7ici g\u00f6revlendirmeler ile tahamm\u00fcl s\u0131n\u0131rlar\u0131n\u0131 a\u015fm\u0131\u015ft\u0131r. Sa\u011fl\u0131k \u00e7al\u0131\u015fan\u0131 arkada\u015flar\u0131m\u0131z  ailelerine, \u00e7ocuklar\u0131na ve sosyal hayatlar\u0131na zaman ay\u0131ramamaktad\u0131r. Buda ister istemez arkada\u015flar\u0131m\u0131z\u0131n aile d\u00fczenlerini bozmakta ve evlerinde huzursuzluk ya\u015famalar\u0131na neden olmaktad\u0131r. Yapt\u0131\u011f\u0131m\u0131z anket \u00e7al\u0131\u015fmas\u0131 bunun en a\u00e7\u0131k g\u00f6stergesi olmu\u015ftur&#8221; dedi.<\/p>\n","protected":false},"excerpt":{"rendered":"<p>SA\u011eLIK VE SOSYAL H\u0130ZMET \u00c7ALI\u015eANLARI SEND\u0130KASININ(SA\u011eLIK-SEN) 6 B\u0130N 694 SA\u011eLIK \u00c7ALI\u015eANINA YAPTI\u011eI ANKETTE ORTAYA \u00c7IKAN SONU\u00c7LAR \u015eA\u015eIRTTI. ANKETTE \u00c7ALI\u015eANLARIN B\u00dcY\u00dcK B\u0130R KISMI BO\u015eANMALARININ SEBEB\u0130 OLARAK \u00c7ALI\u015eMA SAATLER\u0130N\u0130N FAZLA OLMASINI G\u00d6STERD\u0130.<\/p>\n","protected":false},"author":1,"featured_media":189198,"comment_status":"closed","ping_status":"open","sticky":false,"template":"","format":"standard","meta":{"jetpack_post_was_ever_published":false,"_jetpack_newsletter_access":"","_jetpack_dont_email_post_to_subs":false,"_jetpack_newsletter_tier_id":0,"_jetpack_memberships_contains_paywalled_content":false,"_jetpack_memberships_contains_paid_content":false,"footnotes":"","jetpack_publicize_message":"","jetpack_publicize_feature_enabled":true,"jetpack_social_post_already_shared":true,"jetpack_social_options":{"image_generator_settings":{"template":"highway","default_image_id":0,"font":"","enabled":false},"version":2}},"categories":[1],"tags":[2142,5643,5053,47203],"class_list":["post-189197","post","type-post","status-publish","format-standard","has-post-thumbnail","hentry","category-genel","tag-fazla","tag-isyani","tag-mesai","tag-saglikcilarin"],"jetpack_publicize_connections":[],"jetpack_featured_media_url":"https:\/\/i0.wp.com\/www.tvturk.com\/wp-content\/uploads\/2019\/08\/saglikcilarin-fazla-mesai-isyani_e29e6da.jpg?fit=720%2C432","jetpack_sharing_enabled":true,"jetpack_shortlink":"https:\/\/wp.me\/paKIfm-Ndz","_links":{"self":[{"href":"http:\/\/www.tvturk.com\/index.php\/wp-json\/wp\/v2\/posts\/189197","targetHints":{"allow":["GET"]}}],"collection":[{"href":"http:\/\/www.tvturk.com\/index.php\/wp-json\/wp\/v2\/posts"}],"about":[{"href":"http:\/\/www.tvturk.com\/index.php\/wp-json\/wp\/v2\/types\/post"}],"author":[{"embeddable":true,"href":"http:\/\/www.tvturk.com\/index.php\/wp-json\/wp\/v2\/users\/1"}],"replies":[{"embeddable":true,"href":"http:\/\/www.tvturk.com\/index.php\/wp-json\/wp\/v2\/comments?post=189197"}],"version-history":[{"count":0,"href":"http:\/\/www.tvturk.com\/index.php\/wp-json\/wp\/v2\/posts\/189197\/revisions"}],"wp:featuredmedia":[{"embeddable":true,"href":"http:\/\/www.tvturk.com\/index.php\/wp-json\/wp\/v2\/media\/189198"}],"wp:attachment":[{"href":"http:\/\/www.tvturk.com\/index.php\/wp-json\/wp\/v2\/media?parent=189197"}],"wp:term":[{"taxonomy":"category","embeddable":true,"href":"http:\/\/www.tvturk.com\/index.php\/wp-json\/wp\/v2\/categories?post=189197"},{"taxonomy":"post_tag","embeddable":true,"href":"http:\/\/www.tvturk.com\/index.php\/wp-json\/wp\/v2\/tags?post=189197"}],"curies":[{"name":"wp","href":"https:\/\/api.w.org\/{rel}","templated":true}]}}