{"id":189215,"date":"2019-08-02T00:32:29","date_gmt":"2019-08-01T21:32:29","guid":{"rendered":"http:\/\/www.tvturk.com\/index.php\/senol-gunes-alanyaspor-kampini-ziyaret-etti\/"},"modified":"2019-08-02T00:32:29","modified_gmt":"2019-08-01T21:32:29","slug":"senol-gunes-alanyaspor-kampini-ziyaret-etti","status":"publish","type":"post","link":"http:\/\/www.tvturk.com\/index.php\/senol-gunes-alanyaspor-kampini-ziyaret-etti\/","title":{"rendered":"\u015eenol G\u00fcne\u015f, Alanyaspor kamp\u0131n\u0131 ziyaret etti"},"content":{"rendered":"<p>A Milli Tak\u0131m Teknik Direkt\u00f6r\u00fc \u015eenol G\u00fcne\u015f, Avusturya\u2019da kamp yapan Alanyaspor\u2019u ziyaret etti.<\/p>\n<p>A Milli Tak\u0131m Teknik Direkt\u00f6r\u00fc \u015eenol G\u00fcne\u015f, Alanyaspor\u2019un Avusturya\u2019da kamp yapt\u0131\u011f\u0131 oteli ziyaret etti. Kul\u00fcp ba\u015fkan\u0131 Hasan \u00c7avu\u015fo\u011flu ve teknik direkt\u00f6r Erol Bulut ile g\u00f6r\u00fc\u015fen G\u00fcne\u015f, kamp \u00e7al\u0131\u015fmalar\u0131 ve milli futbolcularla ilgili bilgi ald\u0131.<\/p>\n<p>S\u00fcper Lig ekiplerinin sezon \u00f6ncesi oynad\u0131klar\u0131 haz\u0131rl\u0131k ma\u00e7lar\u0131n\u0131 ve yurt d\u0131\u015f\u0131nda forma giyen milli futbolcular\u0131 takip etmek i\u00e7in Avrupa\u2019da bulundu\u011funu belirten G\u00fcne\u015f, Avusturya\u2019da 4 kar\u015f\u0131la\u015fma izleyece\u011fini s\u00f6yledi. Kul\u00fcp ba\u015fkan\u0131 Hasan \u00c7avu\u015fo\u011flu ise A Milli Tak\u0131m Teknik Direkt\u00f6r\u00fc \u015eenol G\u00fcne\u015f\u2019in ziyaretinden duydu\u011fu memnuniyeti dile getirerek, &#8220;\u015eenol hocam\u0131z\u0131n ziyareti bizi \u00e7ok mutlu etti. Kendisiyle hem tak\u0131m\u0131m\u0131z\u0131n yeni sezon haz\u0131kl\u0131klar\u0131n\u0131, hem milli oyuncular\u0131m\u0131z\u0131n son durumunu, hem de milli tak\u0131m\u0131m\u0131z hakk\u0131nda g\u00f6r\u00fc\u015f al\u0131\u015f veri\u015finde bulunduk&#8221; dedi.<\/p>\n<p>G\u00fcne\u015f, yar\u0131n Alanyaspor\u2019un  Schalke 04 ile oynayaca\u011f\u0131 haz\u0131rl\u0131k ma\u00e7\u0131n\u0131 da izleyecek.<\/p>\n","protected":false},"excerpt":{"rendered":"<p>A M\u0130LL\u0130 TAKIM TEKN\u0130K D\u0130REKT\u00d6R\u00dc \u015eENOL G\u00dcNE\u015e, AVUSTURYA\u2019DA KAMP YAPAN ALANYASPOR\u2019U Z\u0130YARET ETT\u0130.<\/p>\n","protected":false},"author":1,"featured_media":189216,"comment_status":"closed","ping_status":"open","sticky":false,"template":"","format":"standard","meta":{"jetpack_post_was_ever_published":false,"_jetpack_newsletter_access":"","_jetpack_dont_email_post_to_subs":false,"_jetpack_newsletter_tier_id":0,"_jetpack_memberships_contains_paywalled_content":false,"_jetpack_memberships_contains_paid_content":false,"footnotes":"","jetpack_publicize_message":"","jetpack_publicize_feature_enabled":true,"jetpack_social_post_already_shared":true,"jetpack_social_options":{"image_generator_settings":{"template":"highway","default_image_id":0,"font":"","enabled":false},"version":2}},"categories":[657],"tags":[6138,207,1386,25261,7695,150],"class_list":["post-189215","post","type-post","status-publish","format-standard","has-post-thumbnail","hentry","category-spor","tag-alanyaspor","tag-etti","tag-gunes","tag-kampini","tag-senol","tag-ziyaret"],"jetpack_publicize_connections":[],"jetpack_featured_media_url":"https:\/\/i0.wp.com\/www.tvturk.com\/wp-content\/uploads\/2019\/08\/senol-gunes-alanyaspor-kampini-ziyaret-etti_93be8c7.jpg?fit=1000%2C637","jetpack_sharing_enabled":true,"jetpack_shortlink":"https:\/\/wp.me\/paKIfm-NdR","_links":{"self":[{"href":"http:\/\/www.tvturk.com\/index.php\/wp-json\/wp\/v2\/posts\/189215","targetHints":{"allow":["GET"]}}],"collection":[{"href":"http:\/\/www.tvturk.com\/index.php\/wp-json\/wp\/v2\/posts"}],"about":[{"href":"http:\/\/www.tvturk.com\/index.php\/wp-json\/wp\/v2\/types\/post"}],"author":[{"embeddable":true,"href":"http:\/\/www.tvturk.com\/index.php\/wp-json\/wp\/v2\/users\/1"}],"replies":[{"embeddable":true,"href":"http:\/\/www.tvturk.com\/index.php\/wp-json\/wp\/v2\/comments?post=189215"}],"version-history":[{"count":0,"href":"http:\/\/www.tvturk.com\/index.php\/wp-json\/wp\/v2\/posts\/189215\/revisions"}],"wp:featuredmedia":[{"embeddable":true,"href":"http:\/\/www.tvturk.com\/index.php\/wp-json\/wp\/v2\/media\/189216"}],"wp:attachment":[{"href":"http:\/\/www.tvturk.com\/index.php\/wp-json\/wp\/v2\/media?parent=189215"}],"wp:term":[{"taxonomy":"category","embeddable":true,"href":"http:\/\/www.tvturk.com\/index.php\/wp-json\/wp\/v2\/categories?post=189215"},{"taxonomy":"post_tag","embeddable":true,"href":"http:\/\/www.tvturk.com\/index.php\/wp-json\/wp\/v2\/tags?post=189215"}],"curies":[{"name":"wp","href":"https:\/\/api.w.org\/{rel}","templated":true}]}}