{"id":189217,"date":"2019-08-02T01:16:13","date_gmt":"2019-08-01T22:16:13","guid":{"rendered":"http:\/\/www.tvturk.com\/index.php\/eskisehirspor-kulubu-baskani-osman-tas-istifa-etti\/"},"modified":"2019-08-02T01:16:13","modified_gmt":"2019-08-01T22:16:13","slug":"eskisehirspor-kulubu-baskani-osman-tas-istifa-etti","status":"publish","type":"post","link":"http:\/\/www.tvturk.com\/index.php\/eskisehirspor-kulubu-baskani-osman-tas-istifa-etti\/","title":{"rendered":"Eski\u015fehirspor Kul\u00fcb\u00fc Ba\u015fkan\u0131 Osman Ta\u015f istifa etti"},"content":{"rendered":"<p>Spor Toto 1. Lig ekiplerinden Eski\u015fehirspor\u2019da Ba\u015fkan Osman Ta\u015f istifa etti.<\/p>\n<p>Eski\u015fehirspor Ba\u015fkan\u0131 Osman Ta\u015f, kul\u00fcb\u00fcn resmi internet sitesinden istifa etti\u011fini duyurdu. Y\u00f6netim Kurulu Ba\u015fkanl\u0131\u011f\u0131 g\u00f6revini b\u0131rakt\u0131\u011f\u0131n\u0131 aktaran Ta\u015f, &#8220;2018 y\u0131l\u0131n\u0131n temmuz ay\u0131nda sevdal\u0131s\u0131 oldu\u011fum Eski\u015fehirspor kul\u00fcb\u00fcne destek olmak amac\u0131yla VIP kombine almaya geldi\u011fimde kul\u00fcb\u00fcn zor \u015fartlar\u0131n\u0131 g\u00f6rd\u00fcm ve \u00f6ncelikle bir loca ald\u0131m. Daha sonra Esstore ma\u011fazas\u0131n\u0131n s\u00f6zle\u015fmesinin bitti\u011fi s\u00f6ylendi. Bunun \u00fczerine Esstore i\u015fletme hakk\u0131n\u0131 5 y\u0131ll\u0131\u011f\u0131na devrald\u0131m. Kul\u00fcpteki s\u0131k\u0131nt\u0131lar\u0131n devam etmesi \u00fczerine 18 Ocak 2019 g\u00fcn\u00fc yap\u0131lan genel kurulda 2. ba\u015fkan olarak y\u00f6netimde yer ald\u0131m. T\u00fcm vecibeleri mi eksiksiz yerine getirdim. Ligde kalmam\u0131z kesinle\u015ftikten sonra al\u0131nan karar ile yap\u0131lan 30 May\u0131s 2019 tarihli kongrede ba\u015fkanl\u0131\u011f\u0131mda olu\u015fan y\u00f6netim kurulu ile birlikte g\u00f6reve geldik. G\u00f6reve gelir gelmez personele birer maa\u015f, futbolcular\u0131m\u0131za da ge\u00e7mi\u015f d\u00f6nem alacaklar\u0131 nedeniyle k\u0131smi \u00f6demeler yapt\u0131k. Taraftar\u0131 oldu\u011fum bu b\u00fcy\u00fck camian\u0131n ge\u00e7mi\u015f y\u00f6netimleri taraf\u0131ndan verilen ama yerine getirilmeyen daire s\u00f6z\u00fcn\u00fc bizzat yerine getirerek rahmetli Ediz Bahtiyaro\u011flu\u2019nun ailesine kendi evimi devir ettim. Ben ve y\u00f6netici arkada\u015flar\u0131m h\u0131zla i\u015fe koyulup puan silme cezas\u0131 gerektiren dosyalarla ve kul\u00fcp lisans\u0131 i\u015fleri ile u\u011fra\u015f\u0131rken Pinto dan kaynakl\u0131 kesinle\u015fmi\u015f eksi 6 puan cezas\u0131 kar\u015f\u0131m\u0131za \u00e7\u0131kt\u0131. \u0130yi niyetle \u00e7al\u0131\u015fmalar\u0131m\u0131z\u0131 s\u00fcrd\u00fcrmemize ra\u011fmen \u015fehrin b\u00fcy\u00fck k\u0131sm\u0131n\u0131n destek olmad\u0131\u011f\u0131na hep birlikte \u015fahit olduk. Yinede var g\u00fcc\u00fcm\u00fczle \u00e7al\u0131\u015fmaya devam ederek tak\u0131m\u0131 Polonya ve Afyon kamplar\u0131na g\u00f6nderdik. Benim \u015fahsen ilk g\u00fcnden bu yana Esstore\u2019un devri, loca, vecibelerim ve son aylarda kul\u00fcbe yapt\u0131\u011f\u0131m \u00f6demeler ile bug\u00fcne kadar Eski\u015fehirspor i\u00e7in yapt\u0131\u011f\u0131m harcamalar ve yat\u0131r\u0131mlar toplamda 9,5 milyon TL tutmaktad\u0131r. Buna ra\u011fmen maalesef ba\u015fkaca hi\u00e7bir ciddi destek alamad\u0131k.&#8221; ifadesini kulland\u0131.<\/p>\n<p>Ta\u015f, a\u00e7\u0131klamas\u0131na \u015f\u00f6yle devam etti:<\/p>\n<p>&#8220;Kombine sat\u0131\u015flar\u0131 ve yap\u0131lan kampanyalar\u0131n sonucu da yeterli olmad\u0131. Biz g\u00f6reve geldikten sonra bir\u00e7ok kap\u0131y\u0131 \u00e7almam\u0131za ra\u011fmen tek bir loca sat\u0131\u015f\u0131 dahi olmad\u0131, bir\u00e7ok randevu talebinde bulundum fakat geri d\u00f6n\u00fc\u015f alamad\u0131m. \u0130yi niyetli b\u00fct\u00fcn \u00e7abalar\u0131m kar\u015f\u0131l\u0131ks\u0131z kald\u0131. Bu s\u00fcre\u00e7te i\u015fimden ve ailemden uzak kalarak b\u00fct\u00fcn zaman\u0131m\u0131 Eski\u015fehirspor armas\u0131n\u0131n ya\u015famas\u0131 i\u00e7in harcad\u0131m. Her zaman s\u00f6yledi\u011fim gibi \u00f6nemli olan Eski\u015fehirspor\u2019un menfaatleridir. Bug\u00fcn y\u00f6netim kurulundaki arkada\u015flar ile g\u00fcn boyu yapt\u0131\u011f\u0131m\u0131z toplant\u0131lar neticesinde hem Eski\u015fehirspor\u2019un \u00f6n\u00fcn\u00fc a\u00e7mak hem de kendi i\u015flerimi toparlamak ad\u0131na \u2019Y\u00f6netim Kurulu Ba\u015fkanl\u0131\u011f\u0131\u2019 g\u00f6revimden ayr\u0131larak yine y\u00f6netim kurulu i\u00e7erisinde yeni bir g\u00f6revlendirme yapma karar\u0131 ald\u0131k. Detaylar\u0131 daha sonra payla\u015f\u0131lacakt\u0131r. Umar\u0131m bu karar Osman Ta\u015f ismi \u00fczerinden yap\u0131lan spek\u00fclasyon ve dedikodular sonucunda do\u011fan ilgisizli\u011fi ortadan kald\u0131r\u0131r. Belki bu sayede Eski\u015fehirspor\u2019un hak etti\u011fi yerlere gelmesi i\u00e7in \u015fehrin dinamikleri ve taraftarlar\u0131m\u0131z harekete ge\u00e7er, birlik beraberlik sa\u011flan\u0131r. Her \u015feye ra\u011fmen Eskisehirspor sevdam ve davam kesinlikle bitmeyecektir. Bug\u00fcne kadar bana inanan ve destek olan t\u00fcm Eski\u015fehirsporlulara \u00e7ok te\u015fekk\u00fcr ederim. Bundan sonra da sokaklarda, Esstore da, trib\u00fcnlerde bir arada olaca\u011f\u0131m\u0131z\u0131 belirtmek isterim. Ya\u015fas\u0131n Eski\u015fehirspor. Sevgi ve Sayg\u0131lar\u0131mla.&#8221;<\/p>\n","protected":false},"excerpt":{"rendered":"<p>ESK\u0130\u015eEH\u0130RSPOR KUL\u00dcB\u00dc BA\u015eKANI OSMAN TA\u015e<\/p>\n","protected":false},"author":1,"featured_media":189218,"comment_status":"closed","ping_status":"open","sticky":false,"template":"","format":"standard","meta":{"jetpack_post_was_ever_published":false,"_jetpack_newsletter_access":"","_jetpack_dont_email_post_to_subs":false,"_jetpack_newsletter_tier_id":0,"_jetpack_memberships_contains_paywalled_content":false,"_jetpack_memberships_contains_paid_content":false,"footnotes":"","jetpack_publicize_message":"","jetpack_publicize_feature_enabled":true,"jetpack_social_post_already_shared":true,"jetpack_social_options":{"image_generator_settings":{"template":"highway","default_image_id":0,"font":"","enabled":false},"version":2}},"categories":[657],"tags":[216,7638,207,31,4029,3356,5641],"class_list":["post-189217","post","type-post","status-publish","format-standard","has-post-thumbnail","hentry","category-spor","tag-baskani","tag-eskisehirspor","tag-etti","tag-istifa","tag-kulubu","tag-osman","tag-tas"],"jetpack_publicize_connections":[],"jetpack_featured_media_url":"https:\/\/i0.wp.com\/www.tvturk.com\/wp-content\/uploads\/2019\/08\/eskisehirspor-kulubu-baskani-osman-tas-istifa-etti_a1f2b5e.jpg?fit=1000%2C666","jetpack_sharing_enabled":true,"jetpack_shortlink":"https:\/\/wp.me\/paKIfm-NdT","_links":{"self":[{"href":"http:\/\/www.tvturk.com\/index.php\/wp-json\/wp\/v2\/posts\/189217","targetHints":{"allow":["GET"]}}],"collection":[{"href":"http:\/\/www.tvturk.com\/index.php\/wp-json\/wp\/v2\/posts"}],"about":[{"href":"http:\/\/www.tvturk.com\/index.php\/wp-json\/wp\/v2\/types\/post"}],"author":[{"embeddable":true,"href":"http:\/\/www.tvturk.com\/index.php\/wp-json\/wp\/v2\/users\/1"}],"replies":[{"embeddable":true,"href":"http:\/\/www.tvturk.com\/index.php\/wp-json\/wp\/v2\/comments?post=189217"}],"version-history":[{"count":0,"href":"http:\/\/www.tvturk.com\/index.php\/wp-json\/wp\/v2\/posts\/189217\/revisions"}],"wp:featuredmedia":[{"embeddable":true,"href":"http:\/\/www.tvturk.com\/index.php\/wp-json\/wp\/v2\/media\/189218"}],"wp:attachment":[{"href":"http:\/\/www.tvturk.com\/index.php\/wp-json\/wp\/v2\/media?parent=189217"}],"wp:term":[{"taxonomy":"category","embeddable":true,"href":"http:\/\/www.tvturk.com\/index.php\/wp-json\/wp\/v2\/categories?post=189217"},{"taxonomy":"post_tag","embeddable":true,"href":"http:\/\/www.tvturk.com\/index.php\/wp-json\/wp\/v2\/tags?post=189217"}],"curies":[{"name":"wp","href":"https:\/\/api.w.org\/{rel}","templated":true}]}}