{"id":189219,"date":"2019-08-02T01:31:26","date_gmt":"2019-08-01T22:31:26","guid":{"rendered":"http:\/\/www.tvturk.com\/index.php\/binali-yildirim-malatyali-genclerle-bulustu\/"},"modified":"2019-08-02T01:31:26","modified_gmt":"2019-08-01T22:31:26","slug":"binali-yildirim-malatyali-genclerle-bulustu","status":"publish","type":"post","link":"http:\/\/www.tvturk.com\/index.php\/binali-yildirim-malatyali-genclerle-bulustu\/","title":{"rendered":"Binali Y\u0131ld\u0131r\u0131m Malatyal\u0131 gen\u00e7lerle bulu\u015ftu"},"content":{"rendered":"<p>Son  Ba\u015fbakan ve AK Parti \u0130zmir Milletvekili Binali Y\u0131ld\u0131r\u0131m, Malatya\u2019da gen\u00e7lerle bir araya geldi. Gen\u00e7lerin yo\u011fun ilgi g\u00f6sterdi\u011fi programda Y\u0131ld\u0131r\u0131m, \u00f6nce t\u00fcrk\u00fc s\u00f6yledi sonra da anlatt\u0131\u011f\u0131 f\u0131krayla herkesi kahkahaya bo\u011fdu.  Program\u0131n sonunda yap\u0131lan telefon g\u00f6r\u00fc\u015fmesinde de Cumhurba\u015fkan\u0131 Recep Tayyip Erdo\u011fan gen\u00e7lere selamlama konu\u015fmas\u0131 yapt\u0131.<\/p>\n<p>Battalgazi Belediyesi Orduzu Galip Demirel \u00c7\u0131nar Park Sosyal Tesislerinde yap\u0131lan program mini bir konserle ba\u015flad\u0131. Binali Y\u0131ld\u0131r\u0131m, koro taraf\u0131ndan seslendirilen \u201cUzun \u0130nce Bir Yolday\u0131m\u201d t\u00fcrk\u00fcs\u00fcne e\u015flik etti.<\/p>\n<p>Daha sonra bir konu\u015fma yapan Y\u0131ld\u0131r\u0131m, konu\u015fmas\u0131na f\u0131kra anlatarak ba\u015flad\u0131. Anlatt\u0131\u011f\u0131 f\u0131krayla herkesi kahkahaya bo\u011fan Y\u0131ld\u0131r\u0131m, gen\u00e7lerle bir araya gelmekten mutluluk duydu\u011funu belirtti.<\/p>\n<p>Malatya denilince akla kay\u0131s\u0131 ve d\u00f6rt d\u00f6rtl\u00fck insanlar geldi\u011fini ifade eden Y\u0131ld\u0131r\u0131m, sosyal medyan\u0131n g\u00fcc\u00fcnden bahsetti.<\/p>\n<p>Y\u0131ld\u0131r\u0131m, \u201cMalum biz bir se\u00e7im tecr\u00fcbesi ya\u015fad\u0131k. O zaman ben gen\u00e7leri \u2019kankam\u2019 olarak ilan etmi\u015ftim. Se\u00e7im bitti ama \u2018kankal\u0131k\u2019 devam ediyor. Evelallah kankalar\u0131mla her zaman her yerde bulu\u015fmak i\u00e7in haz\u0131r ve naz\u0131r\u0131m. Bug\u00fcn buraday\u0131z, ba\u015fka bir g\u00fcn in\u015fallah ba\u015fka yerde olaca\u011f\u0131z ama hep beraber olaca\u011f\u0131z. Bir olaca\u011f\u0131z, diri olaca\u011f\u0131z, karde\u015f olaca\u011f\u0131z, birlikte T\u00fcrkiye olaca\u011f\u0131z\u201d dedi.<\/p>\n<p>Y\u0131ld\u0131r\u0131m, konu\u015fmas\u0131n\u0131n ard\u0131ndan alanda bulunan gen\u00e7lerin de iste\u011fiyle Cumhurba\u015fkan\u0131 Recep Tayyip Erdo\u011fan\u2019\u0131 telefonla arad\u0131.<\/p>\n<p>Telefondan alanda bulunanlara seslenen Erdo\u011fan, t\u00fcm vatanda\u015flar\u0131 en kalbi duygularla selamlad\u0131\u011f\u0131n\u0131 s\u00f6yledi.<\/p>\n<p>Bayramdan sonra Malatya\u2019y\u0131 ziyaret etmek istedi\u011fini ifade eden Erdo\u011fan gen\u00e7lere \u201c\u00e7ok \u00e7al\u0131\u015f\u0131n\u201d mesaj\u0131 verdi.<\/p>\n<p>Erdo\u011fan\u2019\u0131n konu\u015fmas\u0131yla son bulan programa AK Parti Genel Ba\u015fkan Yard\u0131mc\u0131lar\u0131 Hamza Da\u011f, \u00c7i\u011fdem Karaaslan, AK Parti milletvekilleri Ahmet B\u00fcy\u00fckg\u00fcm\u00fc\u015f, Mehmet Fatih Toprak, Ahmet M\u00fccahit Ar\u0131n\u00e7, Alpay \u00d6zalan, Zeynep Y\u0131ld\u0131z, M\u00fcsl\u00fcm Y\u00fcksel, Semiha Ekinci, Tolga A\u011far, Elaz\u0131\u011f Belediye Ba\u015fkan\u0131 \u015eahin \u015eerifo\u011fullar\u0131, AK Parti Malatya Milletvekilleri \u00d6znur \u00c7al\u0131k, B\u00fclent T\u00fcfenkci, Hakan Kahtal\u0131, Ahmet \u00c7ak\u0131r, Malatya B\u00fcy\u00fck\u015fehir Belediye Ba\u015fkan\u0131 Selahattin G\u00fcrkan, il\u00e7e belediye ba\u015fkanlar\u0131 ve \u00e7ok say\u0131da vatanda\u015f kat\u0131ld\u0131.<\/p>\n","protected":false},"excerpt":{"rendered":"<p>SON  BA\u015eBAKAN VE AK PART\u0130 \u0130ZM\u0130R M\u0130LLETVEK\u0130L\u0130 B\u0130NAL\u0130 YILDIRIM, MALATYA&#8217;DA GEN\u00c7LERLE B\u0130R ARAYA GELD\u0130. GEN\u00c7LER\u0130N YO\u011eUN \u0130LG\u0130 G\u00d6STERD\u0130\u011e\u0130 PROGRAMDA YILDIRIM, \u00d6NCE T\u00dcRK\u00dc S\u00d6YLED\u0130 SONRA DA ANLATTI\u011eI FIKRAYLA HERKES\u0130 KAHKAHAYA BO\u011eDU.  PROGRAMIN SONUNDA YAPILAN TELEFON G\u00d6R\u00dc\u015eMES\u0130NDE DE CUMHURBA\u015eKANI RECEP TAYY\u0130P ERDO\u011eAN GEN\u00c7LERE SELAMLAMA KONU\u015eMASI YAPTI.<\/p>\n","protected":false},"author":1,"featured_media":189220,"comment_status":"closed","ping_status":"open","sticky":false,"template":"","format":"standard","meta":{"jetpack_post_was_ever_published":false,"_jetpack_newsletter_access":"","_jetpack_dont_email_post_to_subs":false,"_jetpack_newsletter_tier_id":0,"_jetpack_memberships_contains_paywalled_content":false,"_jetpack_memberships_contains_paid_content":false,"footnotes":"","jetpack_publicize_message":"","jetpack_publicize_feature_enabled":true,"jetpack_social_post_already_shared":true,"jetpack_social_options":{"image_generator_settings":{"template":"highway","default_image_id":0,"font":"","enabled":false},"version":2}},"categories":[1],"tags":[3333,389,3517,1746,376],"class_list":["post-189219","post","type-post","status-publish","format-standard","has-post-thumbnail","hentry","category-genel","tag-binali","tag-bulustu","tag-genclerle","tag-malatyali","tag-yildirim"],"jetpack_publicize_connections":[],"jetpack_featured_media_url":"https:\/\/i0.wp.com\/www.tvturk.com\/wp-content\/uploads\/2019\/08\/binali-yildirim-malatyali-genclerle-bulustu_957f297.jpg?fit=1000%2C666","jetpack_sharing_enabled":true,"jetpack_shortlink":"https:\/\/wp.me\/paKIfm-NdV","_links":{"self":[{"href":"http:\/\/www.tvturk.com\/index.php\/wp-json\/wp\/v2\/posts\/189219","targetHints":{"allow":["GET"]}}],"collection":[{"href":"http:\/\/www.tvturk.com\/index.php\/wp-json\/wp\/v2\/posts"}],"about":[{"href":"http:\/\/www.tvturk.com\/index.php\/wp-json\/wp\/v2\/types\/post"}],"author":[{"embeddable":true,"href":"http:\/\/www.tvturk.com\/index.php\/wp-json\/wp\/v2\/users\/1"}],"replies":[{"embeddable":true,"href":"http:\/\/www.tvturk.com\/index.php\/wp-json\/wp\/v2\/comments?post=189219"}],"version-history":[{"count":0,"href":"http:\/\/www.tvturk.com\/index.php\/wp-json\/wp\/v2\/posts\/189219\/revisions"}],"wp:featuredmedia":[{"embeddable":true,"href":"http:\/\/www.tvturk.com\/index.php\/wp-json\/wp\/v2\/media\/189220"}],"wp:attachment":[{"href":"http:\/\/www.tvturk.com\/index.php\/wp-json\/wp\/v2\/media?parent=189219"}],"wp:term":[{"taxonomy":"category","embeddable":true,"href":"http:\/\/www.tvturk.com\/index.php\/wp-json\/wp\/v2\/categories?post=189219"},{"taxonomy":"post_tag","embeddable":true,"href":"http:\/\/www.tvturk.com\/index.php\/wp-json\/wp\/v2\/tags?post=189219"}],"curies":[{"name":"wp","href":"https:\/\/api.w.org\/{rel}","templated":true}]}}