{"id":189227,"date":"2019-08-02T09:16:13","date_gmt":"2019-08-02T06:16:13","guid":{"rendered":"http:\/\/www.tvturk.com\/index.php\/jandarma-uzman-cavus-karahan-son-yolculuguna-ugurlandi\/"},"modified":"2019-08-02T09:16:13","modified_gmt":"2019-08-02T06:16:13","slug":"jandarma-uzman-cavus-karahan-son-yolculuguna-ugurlandi","status":"publish","type":"post","link":"http:\/\/www.tvturk.com\/index.php\/jandarma-uzman-cavus-karahan-son-yolculuguna-ugurlandi\/","title":{"rendered":"Jandarma Uzman \u00c7avu\u015f Karahan, son yolculu\u011funa u\u011furland\u0131"},"content":{"rendered":"<p>Erzincan\u2019da trafik kazas\u0131nda hayat\u0131n\u0131 kaybeden 2 \u00e7ocuk babas\u0131 Jandarma Uzman \u00c7avu\u015f Habil Karahan (23), d\u00fczenlenen t\u00f6renle son yolculu\u011funa u\u011furland\u0131.<\/p>\n<p>Erzincan- Sivas karayolunun Kantarlar mevkisinde d\u00fcn gece saat 23.40 s\u0131ralar\u0131nda otomobilin yoldan \u00e7\u0131karak duvara \u00e7arpmas\u0131 sonucu meydana gelen trafik kazas\u0131nda hayat\u0131n\u0131 kaybeden Refahiye Jandarma Tabur Komutanl\u0131\u011f\u0131nda g\u00f6revli Jandarma Uzman \u00c7avu\u015f Habil Karahan, Tercan il\u00e7esinde topra\u011fa verildi.<\/p>\n<p>\u0130l\u00e7e meydan\u0131nda ikindi namaz\u0131n\u0131 m\u00fcteakip k\u0131l\u0131nan cenaze namaz\u0131na \u00e7ok say\u0131da cemaatin yan\u0131 s\u0131ra milletvekili Burhan \u00c7ak\u0131r, Tercan Kaymakam\u0131 K\u00fcr\u015fad Karaca, Refahiye Kaymakam\u0131 Hatice Bayar \u00d6zdemir, Erzurum Jandarma B\u00f6lge Komutan\u0131 T\u00fcmgeneral Ahmet Hac\u0131o\u011flu, Erzincan \u0130l Jandarma Komutan\u0131 Jandarma K\u0131demli Albay Hasan Aksoylu, Tercan Belediye Ba\u015fkan\u0131 Lokman G\u00fcltekin ve Jandarma Uzman \u00c7avu\u015f Habil Karahan\u2019\u0131n yak\u0131nlar\u0131 kat\u0131ld\u0131.<\/p>\n<p>T\u00fcrk bayra\u011f\u0131na sar\u0131l\u0131 Karahan\u2019\u0131n naa\u015f\u0131 meslekta\u015flar\u0131nca omuzlarda ta\u015f\u0131narak k\u00f6y mezarl\u0131\u011f\u0131nda topra\u011fa verildi.<\/p>\n","protected":false},"excerpt":{"rendered":"<p>ERZ\u0130NCAN\u2019DA TRAF\u0130K KAZASINDA HAYATINI KAYBEDEN 2 \u00c7OCUK BABASI JANDARMA UZMAN \u00c7AVU\u015e HAB\u0130L KARAHAN (23), D\u00dcZENLENEN T\u00d6RENLE SON YOLCULU\u011eUNA U\u011eURLANDI<\/p>\n","protected":false},"author":1,"featured_media":189228,"comment_status":"closed","ping_status":"open","sticky":false,"template":"","format":"standard","meta":{"jetpack_post_was_ever_published":false,"_jetpack_newsletter_access":"","_jetpack_dont_email_post_to_subs":false,"_jetpack_newsletter_tier_id":0,"_jetpack_memberships_contains_paywalled_content":false,"_jetpack_memberships_contains_paid_content":false,"footnotes":"","jetpack_publicize_message":"","jetpack_publicize_feature_enabled":true,"jetpack_social_post_already_shared":true,"jetpack_social_options":{"image_generator_settings":{"template":"highway","default_image_id":0,"font":"","enabled":false},"version":2}},"categories":[1],"tags":[2569,942,26619,1240,2516,2568,2515],"class_list":["post-189227","post","type-post","status-publish","format-standard","has-post-thumbnail","hentry","category-genel","tag-cavus","tag-jandarma","tag-karahan","tag-son","tag-ugurlandi","tag-uzman","tag-yolculuguna"],"jetpack_publicize_connections":[],"jetpack_featured_media_url":"https:\/\/i0.wp.com\/www.tvturk.com\/wp-content\/uploads\/2019\/08\/jandarma-uzman-cavus-karahan-son-yolculuguna-ugurlandi_d76e1ce.jpg?fit=1000%2C666","jetpack_sharing_enabled":true,"jetpack_shortlink":"https:\/\/wp.me\/paKIfm-Ne3","_links":{"self":[{"href":"http:\/\/www.tvturk.com\/index.php\/wp-json\/wp\/v2\/posts\/189227","targetHints":{"allow":["GET"]}}],"collection":[{"href":"http:\/\/www.tvturk.com\/index.php\/wp-json\/wp\/v2\/posts"}],"about":[{"href":"http:\/\/www.tvturk.com\/index.php\/wp-json\/wp\/v2\/types\/post"}],"author":[{"embeddable":true,"href":"http:\/\/www.tvturk.com\/index.php\/wp-json\/wp\/v2\/users\/1"}],"replies":[{"embeddable":true,"href":"http:\/\/www.tvturk.com\/index.php\/wp-json\/wp\/v2\/comments?post=189227"}],"version-history":[{"count":0,"href":"http:\/\/www.tvturk.com\/index.php\/wp-json\/wp\/v2\/posts\/189227\/revisions"}],"wp:featuredmedia":[{"embeddable":true,"href":"http:\/\/www.tvturk.com\/index.php\/wp-json\/wp\/v2\/media\/189228"}],"wp:attachment":[{"href":"http:\/\/www.tvturk.com\/index.php\/wp-json\/wp\/v2\/media?parent=189227"}],"wp:term":[{"taxonomy":"category","embeddable":true,"href":"http:\/\/www.tvturk.com\/index.php\/wp-json\/wp\/v2\/categories?post=189227"},{"taxonomy":"post_tag","embeddable":true,"href":"http:\/\/www.tvturk.com\/index.php\/wp-json\/wp\/v2\/tags?post=189227"}],"curies":[{"name":"wp","href":"https:\/\/api.w.org\/{rel}","templated":true}]}}