{"id":189243,"date":"2019-08-02T09:46:14","date_gmt":"2019-08-02T06:46:14","guid":{"rendered":"http:\/\/www.tvturk.com\/index.php\/pakistanda-develer-kurban-icin-gorucuye-cikti\/"},"modified":"2019-08-02T09:46:14","modified_gmt":"2019-08-02T06:46:14","slug":"pakistanda-develer-kurban-icin-gorucuye-cikti","status":"publish","type":"post","link":"http:\/\/www.tvturk.com\/index.php\/pakistanda-develer-kurban-icin-gorucuye-cikti\/","title":{"rendered":"Pakistan\u2019da develer kurban i\u00e7in g\u00f6r\u00fcc\u00fcye \u00e7\u0131kt\u0131"},"content":{"rendered":"<p>\u0130slam \u00fclkelerinde yakla\u015fan Kurban Bayram\u0131 \u00f6ncesi hayvan pazarlar\u0131 kurulurken, Pakistan\u2019da da kurbanl\u0131k develer g\u00f6r\u00fcc\u00fcye \u00e7\u0131kt\u0131.<\/p>\n<p>Kurban Bayram\u0131\u2019na say\u0131l\u0131 g\u00fcnler kala d\u00fcnyan\u0131n d\u00f6rt bir yan\u0131nda M\u00fcsl\u00fcmanlar\u0131 haz\u0131rl\u0131k tela\u015f\u0131 sard\u0131. Baz\u0131 \u00fclkelerde koyun, ko\u00e7 ve b\u00fcy\u00fckba\u015f hayvanlar kurban pazarlar\u0131nda yerini al\u0131rken, Arap yar\u0131madas\u0131 ve Kuzey Afrika \u00fclkelerinde ise develer g\u00f6r\u00fcc\u00fcye \u00e7\u0131kt\u0131. Pakistan\u2019da da kurban pazarlar\u0131nda develer g\u00f6r\u00fclmeye ba\u015fland\u0131. Develer, Pakistan\u2019da kurban i\u00e7in s\u0131kl\u0131kla tercih ediliyor.<\/p>\n","protected":false},"excerpt":{"rendered":"<p>PAK\u0130STAN&#8217;DA DA KURBANLIK DEVELER G\u00d6R\u00dcC\u00dcYE \u00c7IKTI.<\/p>\n","protected":false},"author":1,"featured_media":189244,"comment_status":"closed","ping_status":"open","sticky":false,"template":"","format":"standard","meta":{"jetpack_post_was_ever_published":false,"_jetpack_newsletter_access":"","_jetpack_dont_email_post_to_subs":false,"_jetpack_newsletter_tier_id":0,"_jetpack_memberships_contains_paywalled_content":false,"_jetpack_memberships_contains_paid_content":false,"footnotes":"","jetpack_publicize_message":"","jetpack_publicize_feature_enabled":true,"jetpack_social_post_already_shared":true,"jetpack_social_options":{"image_generator_settings":{"template":"highway","default_image_id":0,"font":"","enabled":false},"version":2}},"categories":[10],"tags":[1202,15131,2232,44,20956,5759],"class_list":["post-189243","post","type-post","status-publish","format-standard","has-post-thumbnail","hentry","category-dunya","tag-cikti","tag-develer","tag-gorucuye","tag-icin","tag-kurban","tag-pakistanda"],"jetpack_publicize_connections":[],"jetpack_featured_media_url":"https:\/\/i0.wp.com\/www.tvturk.com\/wp-content\/uploads\/2019\/08\/pakistanda-develer-kurban-icin-gorucuye-cikti_003ef13.jpg?fit=1000%2C696","jetpack_sharing_enabled":true,"jetpack_shortlink":"https:\/\/wp.me\/paKIfm-Nej","_links":{"self":[{"href":"http:\/\/www.tvturk.com\/index.php\/wp-json\/wp\/v2\/posts\/189243","targetHints":{"allow":["GET"]}}],"collection":[{"href":"http:\/\/www.tvturk.com\/index.php\/wp-json\/wp\/v2\/posts"}],"about":[{"href":"http:\/\/www.tvturk.com\/index.php\/wp-json\/wp\/v2\/types\/post"}],"author":[{"embeddable":true,"href":"http:\/\/www.tvturk.com\/index.php\/wp-json\/wp\/v2\/users\/1"}],"replies":[{"embeddable":true,"href":"http:\/\/www.tvturk.com\/index.php\/wp-json\/wp\/v2\/comments?post=189243"}],"version-history":[{"count":0,"href":"http:\/\/www.tvturk.com\/index.php\/wp-json\/wp\/v2\/posts\/189243\/revisions"}],"wp:featuredmedia":[{"embeddable":true,"href":"http:\/\/www.tvturk.com\/index.php\/wp-json\/wp\/v2\/media\/189244"}],"wp:attachment":[{"href":"http:\/\/www.tvturk.com\/index.php\/wp-json\/wp\/v2\/media?parent=189243"}],"wp:term":[{"taxonomy":"category","embeddable":true,"href":"http:\/\/www.tvturk.com\/index.php\/wp-json\/wp\/v2\/categories?post=189243"},{"taxonomy":"post_tag","embeddable":true,"href":"http:\/\/www.tvturk.com\/index.php\/wp-json\/wp\/v2\/tags?post=189243"}],"curies":[{"name":"wp","href":"https:\/\/api.w.org\/{rel}","templated":true}]}}