{"id":189249,"date":"2019-08-02T09:46:34","date_gmt":"2019-08-02T06:46:34","guid":{"rendered":"http:\/\/www.tvturk.com\/index.php\/kadin-muhtardan-fidan-festivali\/"},"modified":"2019-08-02T09:46:34","modified_gmt":"2019-08-02T06:46:34","slug":"kadin-muhtardan-fidan-festivali","status":"publish","type":"post","link":"http:\/\/www.tvturk.com\/index.php\/kadin-muhtardan-fidan-festivali\/","title":{"rendered":"Kad\u0131n muhtardan fidan festivali"},"content":{"rendered":"<p>Hatay\u2019\u0131n Samanda\u011f il\u00e7esinin ilk kad\u0131n muhtar\u0131n\u0131n b\u00f6lgede yeti\u015ftirilen zeytin ve narenciye fidanlar\u0131n\u0131n tan\u0131t\u0131m\u0131 i\u00e7in d\u00fczenledi\u011fi Kara\u00e7ay Fidan ve Gen\u00e7lik Festivali ba\u015flad\u0131.<\/p>\n<p>Tomruksuyu Muhtar\u0131 Feray \u0130ncir, Samanda\u011f Belediyesinin de destek verdi\u011fi Kara\u00e7ay Fidan ve Gen\u00e7lik Festivali\u2019nde b\u00f6lgede yeti\u015ftirilen fidanlar\u0131n tan\u0131t\u0131m\u0131n\u0131 ger\u00e7ekle\u015ftireceklerini s\u00f6yledi. \u0130ncir, \u201c\u0130l\u00e7emizde ilki ya\u015fatt\u0131m, ilk kad\u0131n muhtar olarak se\u00e7ildim. Bununla gurur duyuyor, halk\u0131m\u0131za buradan te\u015fekk\u00fcrlerimi sunuyorum. \u0130lk kad\u0131n muhtar olarak bir ilki ya\u015fatmak i\u00e7in fidan festivali yapmay\u0131 d\u00fc\u015f\u00fcnd\u00fck. 1. Kara\u00e7ay Fidan ve Gen\u00e7lik Festivali\u2019ni d\u00fczenliyoruz. Umar\u0131m fidanlar\u0131m\u0131z\u0131 pazara \u00e7\u0131kart\u0131r\u0131z. Amac\u0131m\u0131z fidanlar\u0131m\u0131z\u0131 t\u00fcm T\u00fcrkiye\u2019ye tan\u0131tmak. Bu fidana ne kadar emek harcad\u0131\u011f\u0131m\u0131z\u0131, kad\u0131nlar\u0131m\u0131z\u0131n ne kadar emek verdi\u011fi, nas\u0131l ge\u00e7imlerini sa\u011flad\u0131klar\u0131n\u0131 g\u00f6stermek amac\u0131m\u0131z. T\u00fcm T\u00fcrkiye\u2019ye ve d\u00fcnyaya fidan\u0131n Hatay\u2019da yeti\u015fti\u011fini g\u00f6stermek amac\u0131yla bu festivali d\u00fczenliyoruz. Umar\u0131m en iyi \u015fekilde sonu\u00e7lan\u0131r ve halk\u0131m\u0131z, esnaf\u0131m\u0131z, \u00e7ift\u00e7imiz, herkes bu festivalden yararlan\u0131r\u201d dedi.<\/p>\n<p>\u0130lki ger\u00e7ekle\u015fen festivalde tan\u0131nm\u0131\u015f m\u00fczik gruplar\u0131 da sahne alacak.<\/p>\n","protected":false},"excerpt":{"rendered":"<p>HATAY\u2019IN SAMANDA\u011e \u0130L\u00c7ES\u0130N\u0130N \u0130LK KADIN MUHTARI, MAHALLE TAR\u0130H\u0130N\u0130N DE \u0130LK FEST\u0130VAL\u0130N\u0130 GER\u00c7EKLE\u015eT\u0130RD\u0130.<\/p>\n","protected":false},"author":1,"featured_media":189250,"comment_status":"closed","ping_status":"open","sticky":false,"template":"","format":"standard","meta":{"jetpack_post_was_ever_published":false,"_jetpack_newsletter_access":"","_jetpack_dont_email_post_to_subs":false,"_jetpack_newsletter_tier_id":0,"_jetpack_memberships_contains_paywalled_content":false,"_jetpack_memberships_contains_paid_content":false,"footnotes":"","jetpack_publicize_message":"","jetpack_publicize_feature_enabled":true,"jetpack_social_post_already_shared":true,"jetpack_social_options":{"image_generator_settings":{"template":"highway","default_image_id":0,"font":"","enabled":false},"version":2}},"categories":[1],"tags":[3400,701,108,8207],"class_list":["post-189249","post","type-post","status-publish","format-standard","has-post-thumbnail","hentry","category-genel","tag-festivali","tag-fidan","tag-kadin","tag-muhtardan"],"jetpack_publicize_connections":[],"jetpack_featured_media_url":"https:\/\/i0.wp.com\/www.tvturk.com\/wp-content\/uploads\/2019\/08\/kadin-muhtardan-fidan-festivali_2fb3c2f.jpg?fit=1000%2C562","jetpack_sharing_enabled":true,"jetpack_shortlink":"https:\/\/wp.me\/paKIfm-Nep","_links":{"self":[{"href":"http:\/\/www.tvturk.com\/index.php\/wp-json\/wp\/v2\/posts\/189249","targetHints":{"allow":["GET"]}}],"collection":[{"href":"http:\/\/www.tvturk.com\/index.php\/wp-json\/wp\/v2\/posts"}],"about":[{"href":"http:\/\/www.tvturk.com\/index.php\/wp-json\/wp\/v2\/types\/post"}],"author":[{"embeddable":true,"href":"http:\/\/www.tvturk.com\/index.php\/wp-json\/wp\/v2\/users\/1"}],"replies":[{"embeddable":true,"href":"http:\/\/www.tvturk.com\/index.php\/wp-json\/wp\/v2\/comments?post=189249"}],"version-history":[{"count":0,"href":"http:\/\/www.tvturk.com\/index.php\/wp-json\/wp\/v2\/posts\/189249\/revisions"}],"wp:featuredmedia":[{"embeddable":true,"href":"http:\/\/www.tvturk.com\/index.php\/wp-json\/wp\/v2\/media\/189250"}],"wp:attachment":[{"href":"http:\/\/www.tvturk.com\/index.php\/wp-json\/wp\/v2\/media?parent=189249"}],"wp:term":[{"taxonomy":"category","embeddable":true,"href":"http:\/\/www.tvturk.com\/index.php\/wp-json\/wp\/v2\/categories?post=189249"},{"taxonomy":"post_tag","embeddable":true,"href":"http:\/\/www.tvturk.com\/index.php\/wp-json\/wp\/v2\/tags?post=189249"}],"curies":[{"name":"wp","href":"https:\/\/api.w.org\/{rel}","templated":true}]}}