{"id":189257,"date":"2019-08-02T10:01:54","date_gmt":"2019-08-02T07:01:54","guid":{"rendered":"http:\/\/www.tvturk.com\/index.php\/yillardir-gidilemeyen-yaylalarda-silah-sesi-yerini-koyun-kuzu-seslerine-birakti\/"},"modified":"2019-08-02T10:01:54","modified_gmt":"2019-08-02T07:01:54","slug":"yillardir-gidilemeyen-yaylalarda-silah-sesi-yerini-koyun-kuzu-seslerine-birakti","status":"publish","type":"post","link":"http:\/\/www.tvturk.com\/index.php\/yillardir-gidilemeyen-yaylalarda-silah-sesi-yerini-koyun-kuzu-seslerine-birakti\/","title":{"rendered":"Y\u0131llard\u0131r gidilemeyen yaylalarda silah sesi yerini koyun kuzu seslerine b\u0131rakt\u0131"},"content":{"rendered":"<p>\u015e\u0131rnak\u2019\u0131n Beyt\u00fc\u015f\u015febap il\u00e7esinde bulunan 2 bin 900 rak\u0131ml\u0131 Kato Da\u011f\u0131nda, T\u00fcrk Silahl\u0131 Kuvvetleri (TSK) taraf\u0131ndan s\u00fcrd\u00fcr\u00fclen ba\u015far\u0131l\u0131 operasyonlar\u0131n ard\u0131ndan ter\u00f6r\u00fcn tamamen temizlenmesi ile olu\u015fan huzurla birlikte y\u0131llar sonra silah sesleri yerine koyun ve kuzu sesleri yank\u0131lanmaya ba\u015flad\u0131. Ter\u00f6ristlerin \u2019ikinci Kandil\u2019 olarak de\u011ferlendirdikleri Kato Da\u011f\u0131nda g\u00fcvenlik kuvvetleri taraf\u0131ndan yap\u0131lan operasyonlarla sa\u011flanan huzurun ard\u0131ndan g\u00f6\u00e7erler y\u0131llar sonra b\u00f6lgedeki yaylalarda kamp kurdu.<\/p>\n<p>Beyt\u00fc\u015f\u015febap il\u00e7esinde bulunan Kato Da\u011f\u0131 zirvesine g\u00f6\u00e7erler yerle\u015fti. \u015eehit T\u00fcmgeneral Aydo\u011fan Ayd\u0131n \u00f6nderli\u011finde 2017\u2019de Kato Da\u011f\u0131na yap\u0131lan geni\u015f \u00e7apl\u0131 operasyon sayesinde b\u00f6lge huzura kavu\u015fmu\u015f ve g\u00fcvenlik kuvvetleri Kato Da\u011f\u0131n\u0131n tam zirvesinde \u00fcs b\u00f6lgesi in\u015fa etmi\u015fti. Ter\u00f6ristlerin \u2019ikinci Kandil ve girilemez\u2019 dedikleri b\u00f6lgeler, g\u00fcvenlik kuvvetleri taraf\u0131ndan temizlendikten sonra g\u00f6\u00e7erler y\u0131llard\u0131r gidemedikleri yaylalara ak\u0131n etmeye ba\u015flad\u0131. Huzur ve g\u00fcvenli\u011fin sa\u011fland\u0131\u011f\u0131 Ak\u00e7ayol k\u00f6y\u00fcndeki Hale Yaylas\u0131 art\u0131k g\u00f6\u00e7erlerin mekan\u0131 oldu. 3 bin rak\u0131ml\u0131 yaylada 4 ay boyunca kalan g\u00f6\u00e7erler peynir, yo\u011furt ve s\u00fct \u00fcretimiyle \u00fclke ekonomisine b\u00fcy\u00fck \u00f6l\u00e7\u00fcde katk\u0131 sa\u011fl\u0131yor. Ak\u00e7ayol k\u00f6y\u00fcnden atlarla ve motorlarla Kato Da\u011f\u0131 zirvesine \u00e7\u0131kan g\u00f6\u00e7erler burada hayvanlar\u0131n\u0131 besliyor. Muhte\u015fem do\u011fas\u0131 ve havas\u0131yla ba\u015f d\u00f6nd\u00fcren yaylalarda art\u0131k huzur hakim.<\/p>\n<p>&#8220;Ter\u00f6ristler K\u00fcrtler i\u00e7in sava\u015fm\u0131yor&#8221;<\/p>\n<p>Faysal G\u00f6k isimli g\u00f6\u00e7er, il\u00e7edeki en g\u00fczel yaylalardan biri olan Hale Yaylas\u0131nda art\u0131k huzurun hakim oldu\u011funu s\u00f6yledi. G\u00f6k, &#8220;Allah devletimize zeval vermesin, Mehmet\u00e7i\u011fimiz sayesinde art\u0131k yaylalar\u0131m\u0131za geri d\u00f6nd\u00fck. Y\u0131llard\u0131r b\u00f6lgemizde ter\u00f6ristlerin varl\u0131\u011f\u0131ndan dolay\u0131 buralara gelemiyorduk. \u00dc\u00e7 k\u00f6y bo\u015faltt\u0131k ter\u00f6ristlerin eylemleri y\u00fcz\u00fcnden, \u015fimdi Ak\u00e7ayol k\u00f6y\u00fcndeyiz. \u00c7ok \u015f\u00fck\u00fcr Rabbime eskisi gibi de\u011fil, Kato Da\u011f\u0131n\u0131n tam zirvesine \u00e7\u0131k\u0131p hayvanlar\u0131m\u0131z\u0131 otlatabiliyoruz. Herkes bunu bilsin ki ter\u00f6ristler K\u00fcrtler i\u00e7in sava\u015fm\u0131yor. E\u011fer K\u00fcrtler i\u00e7in sava\u015fm\u0131\u015f olsalard\u0131 bizi neden 3 k\u00f6y\u00fc bo\u015faltmak zorunda b\u0131rakt\u0131lar. \u00c7ok \u015fehit verdik. Allah\u2019a \u00e7ok \u015f\u00fck\u00fcr \u015fimdi b\u00f6lgemiz \u00e7ok huzurlu her yere gidebiliyoruz. K\u00fcrt T\u00fcrk karde\u015ftir bunu b\u00f6lmek isteyenler kalle\u015ftir. Bizler tek bayrak, tek devlet, tek millet, tek vatan diyoruz. Bizim sadece yollar\u0131m\u0131z biraz s\u0131k\u0131nt\u0131l\u0131 yoksa ba\u015fka hi\u00e7bir sorunumuz yok \u015f\u00fck\u00fcrler olsun&#8221; dedi.<\/p>\n<p>Yaylalar art\u0131k serbest<\/p>\n<p>Beyt\u00fc\u015f\u015febap il\u00e7esinde bulunan ve ad\u0131n\u0131 t\u00fcm d\u00fcnyaya duyuran Fara\u015fin, Marinus, Meydan ve son olarak Hale Yaylas\u0131 ter\u00f6ristlerden temizlendikten sonra buralar y\u0131llar sonra g\u00f6\u00e7erlere a\u00e7\u0131ld\u0131. \u0130l\u00e7enin her taraf\u0131na gidebilen do\u011fa severler ve foto\u011fraf\u00e7\u0131lar ilk defa ke\u015ffedilen alanlar\u0131 foto\u011fraflad\u0131. Kato Rafting ve Do\u011fa Sporlar\u0131 Kul\u00fcb\u00fc \u00fcyeleri il\u00e7ede bulunan Hale Yaylas\u0131na \u00e7\u0131karak kamp kurdu. Burada g\u00f6\u00e7erlerle beraber iki g\u00fcn boyunca kalan heyet daha sonra tekrar il\u00e7e merkezine geri d\u00f6nd\u00fc. Dernek \u00fcyeleri do\u011fa severleri il\u00e7elerine davet etti.<\/p>\n","protected":false},"excerpt":{"rendered":"<p>YAKALANAN HUZURUN ARDINDAN G\u00d6\u00c7ERLER YILLAR SONRA B\u00d6LGEDEK\u0130 YAYLALARDA KAMP KURDU.<\/p>\n","protected":false},"author":1,"featured_media":189258,"comment_status":"closed","ping_status":"open","sticky":false,"template":"","format":"standard","meta":{"jetpack_post_was_ever_published":false,"_jetpack_newsletter_access":"","_jetpack_dont_email_post_to_subs":false,"_jetpack_newsletter_tier_id":0,"_jetpack_memberships_contains_paywalled_content":false,"_jetpack_memberships_contains_paid_content":false,"footnotes":"","jetpack_publicize_message":"","jetpack_publicize_feature_enabled":true,"jetpack_social_post_already_shared":true,"jetpack_social_options":{"image_generator_settings":{"template":"highway","default_image_id":0,"font":"","enabled":false},"version":2}},"categories":[1],"tags":[4570,47220,6373,16578,7616,15036,1907,36438,1469,6280],"class_list":["post-189257","post","type-post","status-publish","format-standard","has-post-thumbnail","hentry","category-genel","tag-birakti","tag-gidilemeyen","tag-koyun","tag-kuzu","tag-sesi","tag-seslerine","tag-silah","tag-yaylalarda","tag-yerini","tag-yillardir"],"jetpack_publicize_connections":[],"jetpack_featured_media_url":"https:\/\/i0.wp.com\/www.tvturk.com\/wp-content\/uploads\/2019\/08\/yillardir-gidilemeyen-yaylalarda-silah-sesi-yerini-koyun-kuzu-seslerine-birakti_04d189d.jpg?fit=1000%2C562","jetpack_sharing_enabled":true,"jetpack_shortlink":"https:\/\/wp.me\/paKIfm-Nex","_links":{"self":[{"href":"http:\/\/www.tvturk.com\/index.php\/wp-json\/wp\/v2\/posts\/189257","targetHints":{"allow":["GET"]}}],"collection":[{"href":"http:\/\/www.tvturk.com\/index.php\/wp-json\/wp\/v2\/posts"}],"about":[{"href":"http:\/\/www.tvturk.com\/index.php\/wp-json\/wp\/v2\/types\/post"}],"author":[{"embeddable":true,"href":"http:\/\/www.tvturk.com\/index.php\/wp-json\/wp\/v2\/users\/1"}],"replies":[{"embeddable":true,"href":"http:\/\/www.tvturk.com\/index.php\/wp-json\/wp\/v2\/comments?post=189257"}],"version-history":[{"count":0,"href":"http:\/\/www.tvturk.com\/index.php\/wp-json\/wp\/v2\/posts\/189257\/revisions"}],"wp:featuredmedia":[{"embeddable":true,"href":"http:\/\/www.tvturk.com\/index.php\/wp-json\/wp\/v2\/media\/189258"}],"wp:attachment":[{"href":"http:\/\/www.tvturk.com\/index.php\/wp-json\/wp\/v2\/media?parent=189257"}],"wp:term":[{"taxonomy":"category","embeddable":true,"href":"http:\/\/www.tvturk.com\/index.php\/wp-json\/wp\/v2\/categories?post=189257"},{"taxonomy":"post_tag","embeddable":true,"href":"http:\/\/www.tvturk.com\/index.php\/wp-json\/wp\/v2\/tags?post=189257"}],"curies":[{"name":"wp","href":"https:\/\/api.w.org\/{rel}","templated":true}]}}