{"id":189263,"date":"2019-08-02T10:02:28","date_gmt":"2019-08-02T07:02:28","guid":{"rendered":"http:\/\/www.tvturk.com\/index.php\/bu-minibus-kitap-sevgisi-asilayacak\/"},"modified":"2019-08-02T10:02:28","modified_gmt":"2019-08-02T07:02:28","slug":"bu-minibus-kitap-sevgisi-asilayacak","status":"publish","type":"post","link":"http:\/\/www.tvturk.com\/index.php\/bu-minibus-kitap-sevgisi-asilayacak\/","title":{"rendered":"Bu minib\u00fcs, kitap sevgisi a\u015f\u0131layacak"},"content":{"rendered":"<p>Ordu\u2019nun Kabata\u015f il\u00e7esinde minib\u00fcsten d\u00f6n\u00fc\u015ft\u00fcr\u00fclerek hayata ge\u00e7irilen mobil k\u00fct\u00fcphane arac\u0131, il\u00e7eleri gezerek \u00e7ocuklara kitap sevgisini a\u015f\u0131layacak.<\/p>\n<p>Ordu\u2019nun Kabata\u015f il\u00e7esine ba\u011fl\u0131 Alankent Mahallesi\u2019nde \u00f6rnek bir uygulama hayata ge\u00e7iriliyor. Alankent E\u011fitim K\u00fclt\u00fcr Kalk\u0131nma ve Dayan\u0131\u015fma Derne\u011fi taraf\u0131ndan uygulamaya ge\u00e7irilen proje ile sat\u0131n al\u0131nan bir minib\u00fcs, mobil k\u00fct\u00fcphaneye d\u00f6n\u00fc\u015ft\u00fcr\u00fcld\u00fc. B\u00fcy\u00fck k\u0131sm\u0131 tamamlanan ve sadece i\u00e7 raflar\u0131n\u0131n montaj a\u015famas\u0131 kalan \u2018Kitab\u00fcs\u2019 ad\u0131ndaki mobil k\u00fct\u00fcphane, istek do\u011frultusunda di\u011fer il\u00e7elere de giderek, \u00f6\u011frencilere kitap okuma al\u0131\u015fkanl\u0131\u011f\u0131n\u0131 a\u015f\u0131layacak. Yakla\u015f\u0131k 40 bin liraya mal edilen ve yap\u0131m\u0131 2 ay s\u00fcren mobil k\u00fct\u00fcphane, insanlar\u0131n \u015fimdiden dikkatini \u00e7ekiyor.<\/p>\n<p>Alankent E\u011fitim K\u00fclt\u00fcr Kalk\u0131nma ve Dayan\u0131\u015fma Derne\u011fi Ba\u015fkan\u0131 B\u00fclent G\u00fcney, b\u00fct\u00fcn \u00f6\u011frencileri kitap ile bulu\u015fturmak ve okuma al\u0131\u015fkanl\u0131\u011f\u0131n\u0131 a\u015f\u0131lamak ad\u0131na b\u00f6yle projeyi hayata ge\u00e7irdiklerini belirterek, \u201cK\u00fct\u00fcphane ile ilgili daha \u00f6nce geni\u015f kapsaml\u0131 Z k\u00fct\u00fcphane ba\u015flam\u0131\u015ft\u0131. Biz bunu sonradan daha da geni\u015fletmek i\u00e7in dernek y\u00f6netimine sunduk, herkese ula\u015fmak istedik. Y\u00f6netimimizde bu konuda bize destek verdi ve b\u00f6yle bir karara vard\u0131k. Onlar da olumlu bulunca hep beraber bu hale gelmi\u015f bulunuyoruz. \u015euan k\u00fct\u00fcphanemiz tam olarak bitmedi ama k\u0131sa bir i\u015fimiz kald\u0131. Dernek olarak, bu ara\u00e7 ile piknikte de olsa her yerin okul oldu\u011funu d\u00fc\u015f\u00fcn\u00fcyoruz\u201d dedi.<\/p>\n<p>Talep do\u011frultusunda di\u011fer il\u00e7elere de gidecek<\/p>\n<p>\u201cAlankent olarak ba\u015flad\u0131k ama diyelim ki k\u00fct\u00fcphanesi olmayan okullar\u0131m\u0131z vard\u0131r, kitap eksi\u011fi olan vard\u0131r, bizden talep edildi\u011fi zaman oralara da g\u00f6ndermeyi de d\u00fc\u015f\u00fcn\u00fcyoruz\u201d diyen G\u00fcney, \u201cYani di\u011fer il\u00e7elere de g\u00f6ndermeyi d\u00fc\u015f\u00fcn\u00fcyoruz. Projede \u00f6zellikle k\u00fc\u00e7\u00fck \u00e7ocuklara k\u0131rsal kesimde ya\u015fad\u0131\u011f\u0131m\u0131z i\u00e7in k\u00fct\u00fcphanenin yan\u0131na bir de bisiklet almak istedik. \u00c7ocuklar 5 dakika kitap okudu\u011fu zaman, 5 dakika bisiklete binecek. Buradaki ama\u00e7 okumaya te\u015fvik etmek, bunun bahanesiyle de bisiklete binmeyen \u00e7ocuklar\u0131n g\u00f6nl\u00fcn\u00fc kazanmak\u201d \u015feklinde konu\u015ftu.<\/p>\n<p>Halk E\u011fitim M\u00fcd\u00fcr\u00fc G\u00fclser Ya\u015far, karar\u0131 almalar\u0131ndaki sebebin, burada ya\u015fayan insanlardaki okuma hevesinden kaynakland\u0131\u011f\u0131n\u0131 belirterek, \u201c\u0130nsanlar\u0131m\u0131z\u0131n okumalar\u0131nda daha \u00e7ok verimli olmalar\u0131 i\u00e7in, hem de Kabata\u015f il\u00e7emizdeki t\u00fcm okullar\u0131m\u0131z i\u00e7in gezici k\u00fct\u00fcphane yapmak istedik. K\u00fct\u00fcphaneyi b\u00fct\u00fcn okullar\u0131m\u0131za g\u00f6t\u00fcrerek, birer hafta veya 15\u2019er g\u00fcnl\u00fck s\u00fcreler ile k\u00fct\u00fcphanemizi orada b\u0131rakaca\u011f\u0131z. Hem halk\u0131m\u0131z, hem de \u00e7ocuklar\u0131m\u0131z kitap okuma al\u0131\u015fkanl\u0131\u011f\u0131n\u0131 kazanm\u0131\u015f olacak\u201d \u015feklinde konu\u015ftu.<\/p>\n<p>Gezici k\u00fct\u00fcphane uygulamas\u0131ndan memnun olduklar\u0131n\u0131 belirten vatanda\u015flar ise uygulamadan son derece memnun kald\u0131klar\u0131n\u0131 belirtti. Bu sayede \u00f6\u011frencilerin daha fazla kitap okuyacaklar\u0131n\u0131 belirten vatanda\u015flar, uygulaman\u0131n b\u00fct\u00fcn T\u00fcrkiye\u2019ye \u00f6rnek olmas\u0131n\u0131 temenni etti.<\/p>\n","protected":false},"excerpt":{"rendered":"<p>ORDU\u2019NUN KABATA\u015e \u0130L\u00c7ES\u0130NDE M\u0130N\u0130B\u00dcSTEN D\u00d6N\u00dc\u015eT\u00dcR\u00dcLEREK HAYATA GE\u00c7\u0130R\u0130LEN MOB\u0130L K\u00dcT\u00dcPHANE ARACI, \u0130L\u00c7ELER\u0130 GEZEREK \u00c7OCUKLARA K\u0130TAP SEVG\u0130S\u0130N\u0130 A\u015eILAYACAK.<\/p>\n","protected":false},"author":1,"featured_media":189264,"comment_status":"closed","ping_status":"open","sticky":false,"template":"","format":"standard","meta":{"jetpack_post_was_ever_published":false,"_jetpack_newsletter_access":"","_jetpack_dont_email_post_to_subs":false,"_jetpack_newsletter_tier_id":0,"_jetpack_memberships_contains_paywalled_content":false,"_jetpack_memberships_contains_paid_content":false,"footnotes":"","jetpack_publicize_message":"","jetpack_publicize_feature_enabled":true,"jetpack_social_post_already_shared":true,"jetpack_social_options":{"image_generator_settings":{"template":"highway","default_image_id":0,"font":"","enabled":false},"version":2}},"categories":[1],"tags":[47223,4074,7254,5875],"class_list":["post-189263","post","type-post","status-publish","format-standard","has-post-thumbnail","hentry","category-genel","tag-asilayacak","tag-kitap","tag-minibus","tag-sevgisi"],"jetpack_publicize_connections":[],"jetpack_featured_media_url":"https:\/\/i0.wp.com\/www.tvturk.com\/wp-content\/uploads\/2019\/08\/bu-minibus-kitap-sevgisi-asilayacak_b5c6e93.jpg?fit=1000%2C662","jetpack_sharing_enabled":true,"jetpack_shortlink":"https:\/\/wp.me\/paKIfm-NeD","_links":{"self":[{"href":"http:\/\/www.tvturk.com\/index.php\/wp-json\/wp\/v2\/posts\/189263","targetHints":{"allow":["GET"]}}],"collection":[{"href":"http:\/\/www.tvturk.com\/index.php\/wp-json\/wp\/v2\/posts"}],"about":[{"href":"http:\/\/www.tvturk.com\/index.php\/wp-json\/wp\/v2\/types\/post"}],"author":[{"embeddable":true,"href":"http:\/\/www.tvturk.com\/index.php\/wp-json\/wp\/v2\/users\/1"}],"replies":[{"embeddable":true,"href":"http:\/\/www.tvturk.com\/index.php\/wp-json\/wp\/v2\/comments?post=189263"}],"version-history":[{"count":0,"href":"http:\/\/www.tvturk.com\/index.php\/wp-json\/wp\/v2\/posts\/189263\/revisions"}],"wp:featuredmedia":[{"embeddable":true,"href":"http:\/\/www.tvturk.com\/index.php\/wp-json\/wp\/v2\/media\/189264"}],"wp:attachment":[{"href":"http:\/\/www.tvturk.com\/index.php\/wp-json\/wp\/v2\/media?parent=189263"}],"wp:term":[{"taxonomy":"category","embeddable":true,"href":"http:\/\/www.tvturk.com\/index.php\/wp-json\/wp\/v2\/categories?post=189263"},{"taxonomy":"post_tag","embeddable":true,"href":"http:\/\/www.tvturk.com\/index.php\/wp-json\/wp\/v2\/tags?post=189263"}],"curies":[{"name":"wp","href":"https:\/\/api.w.org\/{rel}","templated":true}]}}