{"id":189271,"date":"2019-08-02T10:16:44","date_gmt":"2019-08-02T07:16:44","guid":{"rendered":"http:\/\/www.tvturk.com\/index.php\/ulkesine-bayrama-gidenlerin-sayisi-18-bine-ulasti\/"},"modified":"2019-08-02T10:16:44","modified_gmt":"2019-08-02T07:16:44","slug":"ulkesine-bayrama-gidenlerin-sayisi-18-bine-ulasti","status":"publish","type":"post","link":"http:\/\/www.tvturk.com\/index.php\/ulkesine-bayrama-gidenlerin-sayisi-18-bine-ulasti\/","title":{"rendered":"\u00dclkesine bayrama gidenlerin say\u0131s\u0131 18 bine ula\u015ft\u0131"},"content":{"rendered":"<p>Kurban Bayram\u0131 i\u00e7in \u00fclkesine giden Suriyelilerin say\u0131s\u0131 bu sabah itibariyle 18 bine ula\u015f\u0131rken s\u0131n\u0131rda yo\u011funluk s\u00fcr\u00fcyor.<\/p>\n<p>T\u00fcrkiye\u2019nin d\u00f6rt bir taraf\u0131ndan Kilis\u2019e gelen Suriyeliler, Kurban Bayram\u0131 i\u00e7in Kilis Valili\u011finin online randevu sistemine kay\u0131t yapt\u0131rd\u0131ktan sonra verilen randevu g\u00fcn\u00fcnde \u00fclkelerine ge\u00e7iyor. Suriyeli g\u00f6\u00e7menler, Kilis \u00d6nc\u00fcp\u0131nar S\u0131n\u0131r Kap\u0131s\u0131\u2019ndan Suriye\u2019nin Azez, Mare, Soran, Aktarin, \u00c7obanbey, Afrin, Cerablus, El Bab ve di\u011fer \u015fehirlerine gidiyor.<\/p>\n<p>40 derecede yolculuk<\/p>\n<p>T\u00fcrkiye\u2019nin d\u00f6rt bir taraf\u0131ndan Kilis\u2019e gelen Suriyeliler, 40 dereceye yakla\u015fan s\u0131cak havaya ve zorlu \u015fartlara ra\u011fmen \u00fclkelerine gidiyor. Bu sabah itibariyle 18 bin Suriyeli, Kurban Bayram\u0131 i\u00e7in \u00fclkelerine gitti.  Yanlar\u0131nda yak\u0131nlar\u0131na hediyeler de g\u00f6t\u00fcren m\u00fcltecilerden baz\u0131lar\u0131 ise e\u015fyalar\u0131n\u0131 ta\u015f\u0131makta g\u00fc\u00e7l\u00fck \u00e7ekiyor. S\u0131n\u0131r hatt\u0131nda yo\u011funluk 9 A\u011fustos tarihine kadar s\u00fcrecek.<\/p>\n<p>S\u0131n\u0131rda tedbirler artt\u0131r\u0131ld\u0131<\/p>\n<p>Gece saatlerinden itibaren s\u0131raya giren Suriyelilerin izdiham olu\u015fturmamas\u0131 i\u00e7in Jandarma \u00d6zel Hareket (J\u00d6H) ile \u00c7evik Kuvvet \u015eube M\u00fcd\u00fcrl\u00fc\u011f\u00fcne ba\u011fl\u0131 polisler geni\u015f g\u00fcvenlik \u00f6nlemi ald\u0131. Suriyeliler gruplar halinde \u00fclkesine g\u00f6nderiliyor. Suriyelilerin polis g\u00f6zetiminde \u0130l G\u00f6\u00e7 \u0130daresi taraf\u0131ndan kay\u0131tlar\u0131 yap\u0131ld\u0131ktan sonra pasaport polisinin son kontrol\u00fcnden ge\u00e7en g\u00f6\u00e7menler, g\u00fcmr\u00fck g\u00f6revlilerinin nezaretinde tahsis edilen otob\u00fcslerle \u00fclkelerine gidiyor.<\/p>\n<p>Sa\u011fl\u0131k M\u00fcd\u00fcrl\u00fc\u011f\u00fc g\u00f6revlileri de 15 ya\u015f alt\u0131 \u00e7ocuklar\u0131n a\u015f\u0131 kartlar\u0131n\u0131 kontrol ederek, a\u015f\u0131 kart\u0131 olmayanlara a\u015f\u0131 yap\u0131yor.<\/p>\n","protected":false},"excerpt":{"rendered":"<p>KURBAN BAYRAMI \u0130\u00c7\u0130N \u00dcLKES\u0130NE G\u0130DEN SUR\u0130YEL\u0130LER\u0130N SAYISI BU SABAH \u0130T\u0130BAR\u0130YLE 18 B\u0130NE ULA\u015eIRKEN SINIRDA YO\u011eUNLUK S\u00dcR\u00dcYOR.<\/p>\n","protected":false},"author":1,"featured_media":189272,"comment_status":"closed","ping_status":"open","sticky":false,"template":"","format":"standard","meta":{"jetpack_post_was_ever_published":false,"_jetpack_newsletter_access":"","_jetpack_dont_email_post_to_subs":false,"_jetpack_newsletter_tier_id":0,"_jetpack_memberships_contains_paywalled_content":false,"_jetpack_memberships_contains_paid_content":false,"footnotes":"","jetpack_publicize_message":"","jetpack_publicize_feature_enabled":true,"jetpack_social_post_already_shared":true,"jetpack_social_options":{"image_generator_settings":{"template":"highway","default_image_id":0,"font":"","enabled":false},"version":2}},"categories":[1],"tags":[36168,7563,47226,611,2574,20431],"class_list":["post-189271","post","type-post","status-publish","format-standard","has-post-thumbnail","hentry","category-genel","tag-bayrama","tag-bine","tag-gidenlerin","tag-sayisi","tag-ulasti","tag-ulkesine"],"jetpack_publicize_connections":[],"jetpack_featured_media_url":"https:\/\/i0.wp.com\/www.tvturk.com\/wp-content\/uploads\/2019\/08\/ulkesine-bayrama-gidenlerin-sayisi-18-bine-ulasti_c87e4b5.jpg?fit=1000%2C666","jetpack_sharing_enabled":true,"jetpack_shortlink":"https:\/\/wp.me\/paKIfm-NeL","_links":{"self":[{"href":"http:\/\/www.tvturk.com\/index.php\/wp-json\/wp\/v2\/posts\/189271","targetHints":{"allow":["GET"]}}],"collection":[{"href":"http:\/\/www.tvturk.com\/index.php\/wp-json\/wp\/v2\/posts"}],"about":[{"href":"http:\/\/www.tvturk.com\/index.php\/wp-json\/wp\/v2\/types\/post"}],"author":[{"embeddable":true,"href":"http:\/\/www.tvturk.com\/index.php\/wp-json\/wp\/v2\/users\/1"}],"replies":[{"embeddable":true,"href":"http:\/\/www.tvturk.com\/index.php\/wp-json\/wp\/v2\/comments?post=189271"}],"version-history":[{"count":0,"href":"http:\/\/www.tvturk.com\/index.php\/wp-json\/wp\/v2\/posts\/189271\/revisions"}],"wp:featuredmedia":[{"embeddable":true,"href":"http:\/\/www.tvturk.com\/index.php\/wp-json\/wp\/v2\/media\/189272"}],"wp:attachment":[{"href":"http:\/\/www.tvturk.com\/index.php\/wp-json\/wp\/v2\/media?parent=189271"}],"wp:term":[{"taxonomy":"category","embeddable":true,"href":"http:\/\/www.tvturk.com\/index.php\/wp-json\/wp\/v2\/categories?post=189271"},{"taxonomy":"post_tag","embeddable":true,"href":"http:\/\/www.tvturk.com\/index.php\/wp-json\/wp\/v2\/tags?post=189271"}],"curies":[{"name":"wp","href":"https:\/\/api.w.org\/{rel}","templated":true}]}}