{"id":189293,"date":"2019-08-02T10:32:15","date_gmt":"2019-08-02T07:32:15","guid":{"rendered":"http:\/\/www.tvturk.com\/index.php\/okul-muduru-elinde-fircayla-okulu-boyuyor\/"},"modified":"2019-08-02T10:32:15","modified_gmt":"2019-08-02T07:32:15","slug":"okul-muduru-elinde-fircayla-okulu-boyuyor","status":"publish","type":"post","link":"http:\/\/www.tvturk.com\/index.php\/okul-muduru-elinde-fircayla-okulu-boyuyor\/","title":{"rendered":"Okul m\u00fcd\u00fcr\u00fc elinde f\u0131r\u00e7ayla okulu boyuyor"},"content":{"rendered":"<p>K\u0131rklareli\u2019nin L\u00fcleburgaz il\u00e7esindeki 80. Y\u0131l Ortaokulu M\u00fcd\u00fcr\u00fc Salih Eker, eline f\u0131r\u00e7ay\u0131 ald\u0131, okulun duvarlar\u0131n\u0131 boyamaya ba\u015flad\u0131. M\u00fcd\u00fcr Eker, &#8220;Biz de \u00e7orbada tuzumuz olsun istedik. Elimize boyay\u0131 ald\u0131\u011f\u0131m\u0131z gibi d\u0131\u015f cephe, okulun bah\u00e7e duvar\u0131, s\u0131n\u0131f ve \u00f6\u011fretmenler odas\u0131 gibi ufak tefek yerleri boyad\u0131k. Bu i\u00e7imizden gelen bir \u015fey&#8221; dedi.<\/p>\n<p>L\u00fcleburgaz Y\u0131ld\u0131r\u0131m Mahallesi\u2019nde hizmet veren 80\u2019inci Y\u0131l Ortaokulu yeni e\u011fitim \u00f6\u011fretim d\u00f6nemine haz\u0131rlan\u0131yor. Bir\u00e7ok noktas\u0131nda tadilattan ge\u00e7en okul, ge\u00e7ti\u011fimiz y\u0131la oranla b\u00fcy\u00fck bir de\u011fi\u015fime girerken bu de\u011fi\u015fimde en b\u00fcy\u00fck fakt\u00f6r okul m\u00fcd\u00fcr\u00fc Salih Eker oldu. Eker e\u015fofmanlar\u0131n\u0131 giydi, eline boya ve f\u0131r\u00e7ay\u0131 ald\u0131 ve okulun duvarlar\u0131n\u0131 boyamaya ba\u015flad\u0131.<\/p>\n<p>&#8220;\u00c7orbada tuzumuz olsun&#8221;<\/p>\n<p>Yapt\u0131\u011f\u0131 i\u015fin \u00f6nemli olmad\u0131\u011f\u0131n\u0131, her \u00f6\u011fretmenin ayn\u0131 \u015fekilde davranaca\u011f\u0131n\u0131 s\u00f6yleyen Eker, &#8220;Biz de \u00e7orbada tuzumuz olsun dedik. Elimize boyay\u0131 ald\u0131\u011f\u0131m\u0131z gibi d\u0131\u015f cephe, okulun bah\u00e7e duvar\u0131, s\u0131n\u0131f ve \u00f6\u011fretmenler odas\u0131 gibi ufak tefek yerleri boyad\u0131k. Bu i\u00e7ten gelen bir \u015fey. Ben kendim bo\u015f durmay\u0131 sevmem. O y\u00fczden a\u00e7\u0131k\u00e7as\u0131 bo\u015f bo\u015f oturaca\u011f\u0131ma ufak da olsa okulumuza katk\u0131 olsun istedik&#8221; dedi.<\/p>\n<p>Eker, okula ilk geldi\u011fi 2014 y\u0131l\u0131ndan bu yana b\u00fcy\u00fck bir de\u011fi\u015fim i\u00e7erisine girdiklerini s\u00f6yleyerek, bu de\u011fi\u015fimde desteklerini esirgemeyen L\u00fcleburgaz \u0130l\u00e7e Milli E\u011fitim M\u00fcd\u00fcr\u00fc ve L\u00fcleburgaz Kaymakam\u0131 Mustafa Kaya\u2019ya te\u015fekk\u00fcr etti. Eker, &#8220;Biz iki idareci olarak okulu devrald\u0131\u011f\u0131m\u0131z g\u00fcnden bu yana eksiklikleri hep yerinde tespit ettik. Tespit etti\u011fimiz sorunlar\u0131 devletimize ilettik. Sa\u011f olsun onlar da bize bu konuda \u00e7ok yard\u0131mc\u0131 oldular. Bizi bu konuda desteklediler&#8221; diye konu\u015ftu.<\/p>\n<p>&#8220;\u00d6\u011frencilerden de iz var&#8221;<\/p>\n<p>Eker, okulunu ve \u00f6\u011frencilerini \u00e7ok sevdi\u011fini s\u00f6yleyerek, &#8220;Bu okulda kal\u0131c\u0131 izli de\u011fi\u015fim olsun istedik. Hem bizim hem \u00e7ocuklar\u0131n izi olsun istedik. O y\u00fczden okulun de\u011fi\u015fiminin her a\u015famas\u0131nda \u00f6\u011frenciler de kat\u0131l\u0131m g\u00f6sterdi. \u0130\u00e7ten gelen bir \u015feydi. Hepimiz emek verdik. Herkes \u00e7ok fazla gayret g\u00f6sterdi. Bug\u00fcn bu a\u015famaya geldik&#8221; diye konu\u015ftu.<\/p>\n<p>Okulun m\u00fcd\u00fcr yard\u0131mc\u0131s\u0131 Salih Demircan ise &#8220;Biz iki Salih olarak ba\u015flad\u0131k. \u00d6nce tespitler yapt\u0131k. De\u011fi\u015fmesi gereken yerler oldu\u011funu g\u00f6rd\u00fck. M\u00fcd\u00fcr beyin daha gen\u00e7 olmas\u0131 ve m\u00fccadelesi sonucunda bir s\u00fcr\u00fc yenilik geldi. Okulumuzda bir vizyon olu\u015ftu. Bu vizyonu geli\u015ftirerek 2019-2020\u2019de daha fazla g\u00fczellikler olacak. Okulumuzla ilgili s\u00fcrprizler olacak&#8221; dedi.<\/p>\n","protected":false},"excerpt":{"rendered":"<p>KIRKLAREL\u0130&#8217;N\u0130N L\u00dcLEBURGAZ \u0130L\u00c7ES\u0130NDEK\u0130 80. YIL ORTAOKULU M\u00dcD\u00dcR\u00dc SAL\u0130H EKER, EL\u0130NE FIR\u00c7AYI ALDI, OKULUN DUVARLARINI BOYAMAYA BA\u015eLADI.<\/p>\n","protected":false},"author":1,"featured_media":189294,"comment_status":"closed","ping_status":"open","sticky":false,"template":"","format":"standard","meta":{"jetpack_post_was_ever_published":false,"_jetpack_newsletter_access":"","_jetpack_dont_email_post_to_subs":false,"_jetpack_newsletter_tier_id":0,"_jetpack_memberships_contains_paywalled_content":false,"_jetpack_memberships_contains_paid_content":false,"footnotes":"","jetpack_publicize_message":"","jetpack_publicize_feature_enabled":true,"jetpack_social_post_already_shared":true,"jetpack_social_options":{"image_generator_settings":{"template":"highway","default_image_id":0,"font":"","enabled":false},"version":2}},"categories":[1],"tags":[13354,6875,28875,254,120,2055],"class_list":["post-189293","post","type-post","status-publish","format-standard","has-post-thumbnail","hentry","category-genel","tag-boyuyor","tag-elinde","tag-fircayla","tag-muduru","tag-okul","tag-okulu"],"jetpack_publicize_connections":[],"jetpack_featured_media_url":"https:\/\/i0.wp.com\/www.tvturk.com\/wp-content\/uploads\/2019\/08\/okul-muduru-elinde-fircayla-okulu-boyuyor_1c4a186.jpg?fit=1000%2C662","jetpack_sharing_enabled":true,"jetpack_shortlink":"https:\/\/wp.me\/paKIfm-Nf7","_links":{"self":[{"href":"http:\/\/www.tvturk.com\/index.php\/wp-json\/wp\/v2\/posts\/189293","targetHints":{"allow":["GET"]}}],"collection":[{"href":"http:\/\/www.tvturk.com\/index.php\/wp-json\/wp\/v2\/posts"}],"about":[{"href":"http:\/\/www.tvturk.com\/index.php\/wp-json\/wp\/v2\/types\/post"}],"author":[{"embeddable":true,"href":"http:\/\/www.tvturk.com\/index.php\/wp-json\/wp\/v2\/users\/1"}],"replies":[{"embeddable":true,"href":"http:\/\/www.tvturk.com\/index.php\/wp-json\/wp\/v2\/comments?post=189293"}],"version-history":[{"count":0,"href":"http:\/\/www.tvturk.com\/index.php\/wp-json\/wp\/v2\/posts\/189293\/revisions"}],"wp:featuredmedia":[{"embeddable":true,"href":"http:\/\/www.tvturk.com\/index.php\/wp-json\/wp\/v2\/media\/189294"}],"wp:attachment":[{"href":"http:\/\/www.tvturk.com\/index.php\/wp-json\/wp\/v2\/media?parent=189293"}],"wp:term":[{"taxonomy":"category","embeddable":true,"href":"http:\/\/www.tvturk.com\/index.php\/wp-json\/wp\/v2\/categories?post=189293"},{"taxonomy":"post_tag","embeddable":true,"href":"http:\/\/www.tvturk.com\/index.php\/wp-json\/wp\/v2\/tags?post=189293"}],"curies":[{"name":"wp","href":"https:\/\/api.w.org\/{rel}","templated":true}]}}