{"id":189327,"date":"2019-08-02T11:46:35","date_gmt":"2019-08-02T08:46:35","guid":{"rendered":"http:\/\/www.tvturk.com\/index.php\/buyukelcilerden-fetih-muzesine-tam-not\/"},"modified":"2019-08-02T11:46:35","modified_gmt":"2019-08-02T08:46:35","slug":"buyukelcilerden-fetih-muzesine-tam-not","status":"publish","type":"post","link":"http:\/\/www.tvturk.com\/index.php\/buyukelcilerden-fetih-muzesine-tam-not\/","title":{"rendered":"B\u00fcy\u00fckel\u00e7ilerden Fetih M\u00fczesi\u2019ne tam not"},"content":{"rendered":"<p>Seul B\u00fcy\u00fckel\u00e7isi Ersin Er\u00e7in ve Kore Cumhuriyeti Ankara B\u00fcy\u00fckel\u00e7isi Hong-ghi Choi, Panorama 1326 Bursa Fetih M\u00fczesi\u2019ni ziyaret etti.<\/p>\n<p>Osmangazi Belediye Ba\u015fkan\u0131 Mustafa D\u00fcndar, Osmanl\u0131\u2019n\u0131n beylikten cihan devletine yolculu\u011funun temel ta\u015flar\u0131ndan olan Bursa\u2019n\u0131n fethinin 3 boyutlu anlat\u0131ld\u0131\u011f\u0131 Panorama 1326 Bursa Fetih M\u00fczesi\u2019nde Seul B\u00fcy\u00fckel\u00e7isi Ersin Er\u00e7in, Kore Cumhuriyeti Ankara B\u00fcy\u00fckel\u00e7isi Hong-ghi Choi ve beraberindeki heyeti a\u011f\u0131rlad\u0131. Misafirlerine ilk olarak m\u00fczenin giri\u015f kat\u0131nda yer alan 16 b\u00fcy\u00fck tabloyu gezdiren Ba\u015fkan D\u00fcndar, geleneksel \u00e7iniler, amfi sahne, k\u00fct\u00fcphane ve ye\u015fil sertifikal\u0131 bina hakk\u0131nda da bilgiler verdi. Daha sonra 42 metre a\u00e7\u0131kl\u0131\u011f\u0131ndaki dev kubbeye \u00e7\u0131kan heyet, Bursa\u2019n\u0131n fetih g\u00fcn\u00fcn\u00fcn tasvir edildi\u011fi panoramik resmi b\u00fcy\u00fck bir hayranl\u0131kla inceledi.<\/p>\n<p>Fetih M\u00fczesi\u2019nin etkileyici bir yap\u0131t oldu\u011funu dile getiren Kore Cumhuriyeti Ankara B\u00fcy\u00fckel\u00e7isi Hong-ghi Choi, \u201cOsmanl\u0131\u2019n\u0131n kurulu\u015funu anlatan bu eser, bizleri b\u00fcy\u00fcl\u00fc bir tarihi yolculu\u011fa \u00e7\u0131kard\u0131. Ayn\u0131 zamanda Fetih M\u00fczesi\u2019nin, Bursa\u2019n\u0131n turizmine \u00f6nemli katk\u0131 sa\u011flayaca\u011f\u0131na inan\u0131yorum. Buraya gelen yerli, yabanc\u0131 turistler Osmanl\u0131 hakk\u0131nda \u00f6nemli bilgilere ula\u015facak. Osmangazi Belediye Ba\u015fkan\u0131 Mustafa D\u00fcndar\u2019\u0131 tebrik ediyor, eme\u011fi ge\u00e7en herkese te\u015fekk\u00fcr ediyorum\u201d dedi.<\/p>\n<p>Ziyaret sonunda Ba\u015fkan D\u00fcndar, Kore Cumhuriyeti Ankara B\u00fcy\u00fckel\u00e7isi Hong-ghi Choi\u2019ya Osman Gazi biblosu, Seul B\u00fcy\u00fckel\u00e7isi Ersin Er\u00e7in\u2019e ise Bursa b\u0131\u00e7a\u011f\u0131 hediye etti.<\/p>\n","protected":false},"excerpt":{"rendered":"<p>SEUL B\u00dcY\u00dcKEL\u00c7\u0130S\u0130 ERS\u0130N ER\u00c7\u0130N VE KORE CUMHUR\u0130YET\u0130 ANKARA B\u00dcY\u00dcKEL\u00c7\u0130S\u0130 HONG-GH\u0130 CHO\u0130, PANORAMA 1326 BURSA FET\u0130H M\u00dcZES\u0130\u2019N\u0130 Z\u0130YARET ETT\u0130.<\/p>\n","protected":false},"author":1,"featured_media":189328,"comment_status":"closed","ping_status":"open","sticky":false,"template":"","format":"standard","meta":{"jetpack_post_was_ever_published":false,"_jetpack_newsletter_access":"","_jetpack_dont_email_post_to_subs":false,"_jetpack_newsletter_tier_id":0,"_jetpack_memberships_contains_paywalled_content":false,"_jetpack_memberships_contains_paid_content":false,"footnotes":"","jetpack_publicize_message":"","jetpack_publicize_feature_enabled":true,"jetpack_social_post_already_shared":true,"jetpack_social_options":{"image_generator_settings":{"template":"highway","default_image_id":0,"font":"","enabled":false},"version":2}},"categories":[1],"tags":[35766,12420,6264,8375,629],"class_list":["post-189327","post","type-post","status-publish","format-standard","has-post-thumbnail","hentry","category-genel","tag-buyukelcilerden","tag-fetih","tag-muzesine","tag-not","tag-tam"],"jetpack_publicize_connections":[],"jetpack_featured_media_url":"https:\/\/i0.wp.com\/www.tvturk.com\/wp-content\/uploads\/2019\/08\/buyukelcilerden-fetih-muzesine-tam-not_2aca5c6.jpg?fit=1000%2C662","jetpack_sharing_enabled":true,"jetpack_shortlink":"https:\/\/wp.me\/paKIfm-NfF","_links":{"self":[{"href":"http:\/\/www.tvturk.com\/index.php\/wp-json\/wp\/v2\/posts\/189327","targetHints":{"allow":["GET"]}}],"collection":[{"href":"http:\/\/www.tvturk.com\/index.php\/wp-json\/wp\/v2\/posts"}],"about":[{"href":"http:\/\/www.tvturk.com\/index.php\/wp-json\/wp\/v2\/types\/post"}],"author":[{"embeddable":true,"href":"http:\/\/www.tvturk.com\/index.php\/wp-json\/wp\/v2\/users\/1"}],"replies":[{"embeddable":true,"href":"http:\/\/www.tvturk.com\/index.php\/wp-json\/wp\/v2\/comments?post=189327"}],"version-history":[{"count":0,"href":"http:\/\/www.tvturk.com\/index.php\/wp-json\/wp\/v2\/posts\/189327\/revisions"}],"wp:featuredmedia":[{"embeddable":true,"href":"http:\/\/www.tvturk.com\/index.php\/wp-json\/wp\/v2\/media\/189328"}],"wp:attachment":[{"href":"http:\/\/www.tvturk.com\/index.php\/wp-json\/wp\/v2\/media?parent=189327"}],"wp:term":[{"taxonomy":"category","embeddable":true,"href":"http:\/\/www.tvturk.com\/index.php\/wp-json\/wp\/v2\/categories?post=189327"},{"taxonomy":"post_tag","embeddable":true,"href":"http:\/\/www.tvturk.com\/index.php\/wp-json\/wp\/v2\/tags?post=189327"}],"curies":[{"name":"wp","href":"https:\/\/api.w.org\/{rel}","templated":true}]}}