{"id":189355,"date":"2019-08-02T12:16:40","date_gmt":"2019-08-02T09:16:40","guid":{"rendered":"http:\/\/www.tvturk.com\/index.php\/belediye-baskaninin-destegiyle-hukuk-fakultesini-bitirdi\/"},"modified":"2019-08-02T12:16:40","modified_gmt":"2019-08-02T09:16:40","slug":"belediye-baskaninin-destegiyle-hukuk-fakultesini-bitirdi","status":"publish","type":"post","link":"http:\/\/www.tvturk.com\/index.php\/belediye-baskaninin-destegiyle-hukuk-fakultesini-bitirdi\/","title":{"rendered":"Belediye ba\u015fkan\u0131n\u0131n deste\u011fiyle hukuk fak\u00fcltesini bitirdi"},"content":{"rendered":"<p>Mersin\u2019in merkez il\u00e7e Mezitli Belediye Ba\u015fkan\u0131 Ne\u015fet Tarhan\u2019\u0131n e\u015fi Sembol Tarhan\u2019la birlikte burs verdi\u011fi Cennet \u015eevval Balc\u0131, Sel\u00e7uk \u00dcniversitesi Hukuk Fak\u00fcltesinden ba\u015far\u0131yla mezun oldu. Balc\u0131, annesi Song\u00fcl ve babas\u0131 Mustafa Balc\u0131 ile birlikte mezuniyet sevincini Ba\u015fkan Tarhan ile payla\u015ft\u0131.<\/p>\n<p>Babas\u0131 ve annesiyle birlikte Ba\u015fkan Tarhan\u2019\u0131 ziyaret eden Cennet \u015eevval Balc\u0131, diplomas\u0131n\u0131 ba\u015fkana g\u00f6stererek, verdi\u011fi destekler nedeniyle te\u015fekk\u00fcr etti. Tarhan \u00e7iftinin sa\u011flad\u0131\u011f\u0131 bursla 4 sene boyunca \u00fcniversite hayat\u0131n\u0131 \u00e7ok ba\u015far\u0131l\u0131 bi\u00e7imde ge\u00e7irdi\u011fini ifade eden Balc\u0131, \u201cBa\u015fkan\u0131m\u0131z birinci s\u0131n\u0131ftan itibaren hem destek sa\u011flad\u0131 hem de yak\u0131ndan ilgilendi. Ben de diplomam\u0131 alarak ilk Ba\u015fkan\u0131m\u0131z\u0131n yan\u0131na gelmek istedim. Kendisi bundan sonra da destek vermeye ve ilgilenmeye devam edece\u011fini s\u00f6yledi. \u00d6zellikle staj yeri bulmam konusunda destek verecek\u201d dedi.<\/p>\n<p>Baba Mustafa Balc\u0131 ise 4 y\u0131l \u00f6nce k\u0131z\u0131n\u0131n okuluna destek olmas\u0131 amac\u0131yla Tarhan\u2019\u0131n yan\u0131na gitti\u011fini s\u00f6yleyerek, &#8220;Ba\u015fkan\u0131m\u0131z bizimle \u00e7ok yak\u0131ndan ilgilendi. E\u015fi Sembol Tarhan\u2019la birlikte k\u0131z\u0131ma maddi destek vererek hukuk fak\u00fcltesinden mezun olmas\u0131n\u0131 sa\u011flad\u0131. K\u0131z\u0131m\u0131n mezuniyetinde bizlerden \u00e7ok Ba\u015fkan\u0131m\u0131z\u0131n hakk\u0131 var. Bu duyarl\u0131 davran\u0131\u015f\u0131 nedeniyle \u00e7ok te\u015fekk\u00fcr ediyorum. Bu g\u00fcne kadar kimseyi kap\u0131s\u0131ndan \u00e7evirmedi\u011fi hep konu\u015fuluyordu ben de bunu bizzat ya\u015fararak g\u00f6rme \u015fans\u0131 buldum. Ba\u015fkan\u0131m\u0131z \u00f6zellikle e\u011fitim konusunda \u00e7ok hassas davran\u0131yor ve elinden geleni yapt\u0131\u011f\u0131na eminim&#8221; diye konu\u015ftu.<\/p>\n<p>Okumak isteyen herkesin e\u011fitime ula\u015fmas\u0131n\u0131n \u00f6n\u00fcndeki t\u00fcm engelleri kald\u0131rman\u0131n g\u00f6rev oldu\u011funu kaydeden Tarhan da, &#8220;K\u0131z\u0131m\u0131z\u0131n mezun olarak diplomas\u0131yla gelmesi beni son derece memnun etti. Ancak mezun olmak yetmiyor \u015fimdi daha da yukar\u0131lar\u0131 hedeflemesi gerekiyor. \u0130n\u015fallah staj\u0131n\u0131 da ba\u015far\u0131yla tamamlayarak hakimlik, savc\u0131l\u0131k s\u0131navlar\u0131na da girmesini isterim&#8221; \u015feklinde konu\u015ftu.<\/p>\n<p>Bundan sonraki ya\u015fam\u0131nda da ba\u015far\u0131lar\u0131na tan\u0131k olmak i\u00e7in \u015eevval Balc\u0131\u2019y\u0131 takip edece\u011fini vurgulayan Tarhan, elinden gelen deste\u011fi vermeye devam edece\u011fini dile getirdi.<\/p>\n","protected":false},"excerpt":{"rendered":"<p>MERS\u0130N\u2019\u0130N MERKEZ \u0130L\u00c7E MEZ\u0130TL\u0130 BELED\u0130YE BA\u015eKANI NE\u015eET TARHAN\u2019IN E\u015e\u0130 SEMBOL TARHAN\u2019LA B\u0130RL\u0130KTE BURS VERD\u0130\u011e\u0130 CENNET \u015eEVVAL BALCI, SEL\u00c7UK \u00dcN\u0130VERS\u0130TES\u0130 HUKUK FAK\u00dcLTES\u0130NDEN BA\u015eARIYLA MEZUN OLDU. BALCI, ANNES\u0130 SONG\u00dcL VE BABA MUSTAFA BALCI \u0130LE B\u0130RL\u0130KTE MEZUN\u0130YET SEV\u0130NC\u0130N\u0130 BA\u015eKAN TARHAN \u0130LE PAYLA\u015eTI.<\/p>\n","protected":false},"author":1,"featured_media":189356,"comment_status":"closed","ping_status":"open","sticky":false,"template":"","format":"standard","meta":{"jetpack_post_was_ever_published":false,"_jetpack_newsletter_access":"","_jetpack_dont_email_post_to_subs":false,"_jetpack_newsletter_tier_id":0,"_jetpack_memberships_contains_paywalled_content":false,"_jetpack_memberships_contains_paid_content":false,"footnotes":"","jetpack_publicize_message":"","jetpack_publicize_feature_enabled":true,"jetpack_social_post_already_shared":true,"jetpack_social_options":{"image_generator_settings":{"template":"highway","default_image_id":0,"font":"","enabled":false},"version":2}},"categories":[1],"tags":[11911,6745,134,7346,11537,40965],"class_list":["post-189355","post","type-post","status-publish","format-standard","has-post-thumbnail","hentry","category-genel","tag-hukuk","tag-baskaninin","tag-belediye","tag-bitirdi","tag-destegiyle","tag-fakultesini"],"jetpack_publicize_connections":[],"jetpack_featured_media_url":"https:\/\/i0.wp.com\/www.tvturk.com\/wp-content\/uploads\/2019\/08\/belediye-baskaninin-destegiyle-hukuk-fakultesini-bitirdi_329bece.jpg?fit=1000%2C666","jetpack_sharing_enabled":true,"jetpack_shortlink":"https:\/\/wp.me\/paKIfm-Ng7","_links":{"self":[{"href":"http:\/\/www.tvturk.com\/index.php\/wp-json\/wp\/v2\/posts\/189355","targetHints":{"allow":["GET"]}}],"collection":[{"href":"http:\/\/www.tvturk.com\/index.php\/wp-json\/wp\/v2\/posts"}],"about":[{"href":"http:\/\/www.tvturk.com\/index.php\/wp-json\/wp\/v2\/types\/post"}],"author":[{"embeddable":true,"href":"http:\/\/www.tvturk.com\/index.php\/wp-json\/wp\/v2\/users\/1"}],"replies":[{"embeddable":true,"href":"http:\/\/www.tvturk.com\/index.php\/wp-json\/wp\/v2\/comments?post=189355"}],"version-history":[{"count":0,"href":"http:\/\/www.tvturk.com\/index.php\/wp-json\/wp\/v2\/posts\/189355\/revisions"}],"wp:featuredmedia":[{"embeddable":true,"href":"http:\/\/www.tvturk.com\/index.php\/wp-json\/wp\/v2\/media\/189356"}],"wp:attachment":[{"href":"http:\/\/www.tvturk.com\/index.php\/wp-json\/wp\/v2\/media?parent=189355"}],"wp:term":[{"taxonomy":"category","embeddable":true,"href":"http:\/\/www.tvturk.com\/index.php\/wp-json\/wp\/v2\/categories?post=189355"},{"taxonomy":"post_tag","embeddable":true,"href":"http:\/\/www.tvturk.com\/index.php\/wp-json\/wp\/v2\/tags?post=189355"}],"curies":[{"name":"wp","href":"https:\/\/api.w.org\/{rel}","templated":true}]}}