{"id":189387,"date":"2019-08-02T13:02:20","date_gmt":"2019-08-02T10:02:20","guid":{"rendered":"http:\/\/www.tvturk.com\/index.php\/sicak-havalarda-isilige-dikkat\/"},"modified":"2019-08-02T13:02:20","modified_gmt":"2019-08-02T10:02:20","slug":"sicak-havalarda-isilige-dikkat","status":"publish","type":"post","link":"http:\/\/www.tvturk.com\/index.php\/sicak-havalarda-isilige-dikkat\/","title":{"rendered":"S\u0131cak havalarda isili\u011fe dikkat"},"content":{"rendered":"<p>Yaz s\u0131caklar\u0131n\u0131n iyice kendini g\u00f6sterdi\u011fi bu g\u00fcnlerde uzmanlardan \u2019isilik\u2019 ile ilgili uyar\u0131 geldi<\/p>\n<p>Ke\u00e7i\u00f6ren E\u011fitim ve Ara\u015ft\u0131rma Hastanesi Dermatoloji Uzman\u0131 Dr. Ay\u015feg\u00fcl Yal\u00e7\u0131nkaya \u0130yidal, havalar\u0131n \u0131s\u0131nmas\u0131yla birlikte \u00f6zellikle bebeklerde ve k\u00fc\u00e7\u00fck \u00e7ocuklarda isilik g\u00f6r\u00fclme s\u0131kl\u0131\u011f\u0131n\u0131n artt\u0131\u011f\u0131n\u0131 belirterek, uyar\u0131larda bulundu.<\/p>\n<p>Yaz mevsiminin keyfinin \u00e7\u0131kart\u0131lmas\u0131 gereken bu g\u00fcnlerde g\u00fcne\u015f ve s\u0131caktan korunulmas\u0131 gerekti\u011finin de alt\u0131n\u0131 \u00e7izen Dermatoloji Uzman\u0131 Dr. Ay\u015feg\u00fcl Yal\u00e7\u0131nkaya \u0130yidal, \u201cPolikliniklerimizde isilik \u015fikayetleri artmaya ba\u015flad\u0131. Her ya\u015fta g\u00f6r\u00fclebilen bir deri hastal\u0131\u011f\u0131 olan isilik \u00f6zellikle bebek ve k\u00fc\u00e7\u00fck \u00e7ocuklarda daha s\u0131k olarak izlenmektedir\u201d dedi.<\/p>\n<p>\u201cYaz aylar\u0131nda toplumda yayg\u0131n olarak g\u00f6r\u00fcl\u00fcr\u201d<\/p>\n<p>Hastal\u0131k hakk\u0131nda bilgiler veren Uzm. Dr. \u0130yidal, \u015f\u00f6yle devam etti:<\/p>\n<p>\u201cT\u0131p dilinde miliare olarak adland\u0131r\u0131lan isilik ter kanallar\u0131n\u0131n t\u0131kanmas\u0131 sonucu olu\u015fan bir deri d\u00f6k\u00fcnt\u00fcs\u00fcd\u00fcr. Genellikle s\u0131cakl\u0131k ve nemin y\u00fcksek oldu\u011fu yaz aylar\u0131nda toplumda yayg\u0131n olarak g\u00f6r\u00fcl\u00fcr. Bunun d\u0131\u015f\u0131nda yeterli s\u0131kl\u0131kta du\u015f al\u0131nmamas\u0131, a\u015f\u0131r\u0131 egzersiz yapma, y\u00fcksek ate\u015f, a\u015f\u0131r\u0131 dar ve hava ge\u00e7irmeyen giysilerin giyilmesi, bebeklere kal\u0131n k\u0131yafetlerin giydirilmesi ve kullan\u0131lan bezin pamuklu dokuya sahip olmamas\u0131 gibi nedenlerde isilik olu\u015fumuna zemin haz\u0131rlamaktad\u0131r. \u0130silik ter kanallar\u0131n\u0131n t\u0131kanmas\u0131n\u0131n olu\u015ftu\u011fu seviyeye g\u00f6re farkl\u0131 g\u00f6r\u00fcn\u00fcmlerde izlenir. En y\u00fczeysel olan tipinde deri y\u00fczeyinde 1-2 mm \u00e7ap\u0131nda, i\u00e7i berrak s\u0131v\u0131 ile dolu, \u00e7iy damlas\u0131 \u015feklinde kesecikler g\u00f6zlenir. Deride herhangi bir k\u0131zar\u0131kl\u0131k izlenmez. Hastan\u0131n belirgin bir yak\u0131nmas\u0131 da yoktur. Bu kistlerin \u00f6m\u00fcrleri k\u0131sad\u0131r, \u00e7ok k\u00fc\u00e7\u00fck travmalarda bile hemen patlarlar. Yaz aylar\u0131nda s\u0131cak ve nem maruziyeti sonras\u0131 g\u00f6r\u00fclebilece\u011fi gibi, ate\u015fli hastal\u0131klarla birlikte olan yo\u011fun terlemelerde de izlenebilir. Genellikle kendi kendini s\u0131n\u0131rlar. Deri tabakas\u0131n\u0131n daha derin alan\u0131nda olan t\u0131kanmada k\u0131zar\u0131k kat\u0131 kabart\u0131lar ve kesecikler g\u00f6r\u00fcl\u00fcr. Yanma, batma ve ka\u015f\u0131nt\u0131 gibi \u015fikayetler e\u015flik eder. Ter kanallar\u0131n\u0131n daha da derin alanda t\u0131kanmas\u0131nda ise 1-3 mm \u00e7ap\u0131nda a\u00e7\u0131k renkte veya ten renginde kat\u0131 kabart\u0131lar g\u00f6r\u00fcl\u00fcr. Bu tipte de yanma, batma ve ka\u015f\u0131nt\u0131 gibi ek \u015fikayetler yoktur. \u0130silik \u00e7o\u011funlukla kar\u0131n, s\u0131rt, g\u00f6\u011f\u00fcs, boyun, kol ve bacaklarda g\u00f6r\u00fcl\u00fcr. Ayr\u0131ca v\u00fccudun k\u0131vr\u0131ml\u0131 ve bo\u011fumlu yerlerinde de yayg\u0131n olarak izlenebilir.\u201d<\/p>\n<p>\u00d6zellikle bebek ve \u00e7ocuklarda isili\u011fin \u00f6nlenmesi i\u00e7in dikkat edilmesi gerekenlerin alt\u0131n\u0131 \u00e7izen \u0130yidal, \u201c\u0130sili\u011fin \u00f6nlenmesi i\u00e7in; d\u00fczenli olarak \u0131l\u0131k su ile du\u015f al\u0131nmal\u0131. Pamuk ve benzeri ipliklerden yap\u0131lan i\u00e7 \u00e7ama\u015f\u0131r ve giysiler tercih edilmeli. A\u015f\u0131r\u0131 dar ve hava ge\u00e7irmeyen k\u0131yafetler yerine rahat ve bol k\u0131yafetler giyilmeli. Yatak ve yast\u0131k k\u0131l\u0131flar\u0131 pamuklu \u00fcr\u00fcnlerden kullan\u0131lmal\u0131. Bebekler yaz aylar\u0131nda kat kat giydirilmemeli, s\u0131k s\u0131k bezleri de\u011fi\u015ftirilmeli. Terli k\u0131yafetler hemen \u00e7\u0131kar\u0131lmal\u0131. Deri g\u00f6zeneklerini t\u0131kayan deri bak\u0131m \u00fcr\u00fcnleri ve makyaj malzemeleri kullan\u0131lmamal\u0131\u201d dedi.<\/p>\n<p>\u201cTedavide ana fakt\u00f6r \u0131s\u0131 ve nemli ortamdan uzakla\u015fmakt\u0131r\u201d<\/p>\n<p>Hava s\u0131cakl\u0131\u011f\u0131n\u0131n artmas\u0131 ile birlikte v\u00fccudun kendini serin tutmas\u0131 i\u00e7in gerekli olan terleme, do\u011fal ve sa\u011fl\u0131kl\u0131 bir koruma mekanizmas\u0131 olsa da uygun olmayan k\u0131yafetlerin ciddi s\u0131k\u0131nt\u0131lar do\u011furaca\u011f\u0131n\u0131n alt\u0131n\u0131 \u00e7izen Ke\u00e7i\u00f6ren E\u011fitim ve Ara\u015ft\u0131rma Hastanesi Dermatoloji Uzman\u0131 Dr. Ay\u015feg\u00fcl Yal\u00e7\u0131nkaya \u0130yidal, \u201c\u0130silik \u015fikayetleri 3-4 g\u00fcn i\u00e7inde ge\u00e7mezse ki\u015fi, uzman bir hekime g\u00f6r\u00fcnmelidir. Ayr\u0131ca isilik olan b\u00f6lgelerde s\u0131cakl\u0131k, \u00f6dem, k\u0131zar\u0131kl\u0131k art\u0131\u015f\u0131 var ise keseciklerin i\u00e7eri\u011fi berrak de\u011fil ise, hastada halsizlik, ate\u015f, lenf bezlerinde \u015fi\u015flik gibi bulgular var ise vakit kaybetmeden doktora g\u00f6r\u00fcnmek gerekir. Tedavide ana fakt\u00f6r \u0131s\u0131 ve nemli ortamdan uzakla\u015fmakt\u0131r. Hasta serin ortamda tutulmal\u0131d\u0131r. V\u00fccudu saran dar, sentetik k\u0131yafetler yerine; rahat, terlemeyi art\u0131rmayan pamuklu giysiler giyilmeli ve s\u0131k s\u0131k du\u015f al\u0131nmal\u0131d\u0131r. Fazla sabun kullan\u0131lmas\u0131ndan, keselenmekten ve derinin irritanlarla temas\u0131ndan ka\u00e7\u0131n\u0131lmal\u0131d\u0131r. D\u00f6k\u00fcnt\u00fclerin \u00f6zelli\u011fine g\u00f6re tedavide \u0131slak pansuman, \u00e7e\u015fitli losyonlar, topikal steroid ve topikal antibiyotikler \u00f6nermekteyiz\u201d dedi.<\/p>\n","protected":false},"excerpt":{"rendered":"<p>KE\u00c7\u0130\u00d6REN E\u011e\u0130T\u0130M VE ARA\u015eTIRMA HASTANES\u0130 DERMATOLOJ\u0130 UZMANI DR. AY\u015eEG\u00dcL YAL\u00c7INKAYA \u0130Y\u0130DAL, HAVALARIN ISINMASIYLA B\u0130RL\u0130KTE \u00d6ZELL\u0130KLE BEBEKLERDE VE K\u00dc\u00c7\u00dcK \u00c7OCUKLARDA \u0130S\u0130L\u0130K G\u00d6R\u00dcLME SIKLI\u011eININ ARTTI\u011eINI BEL\u0130RTEREK, UYARILARDA BULUNDU.<\/p>\n","protected":false},"author":1,"featured_media":189388,"comment_status":"closed","ping_status":"open","sticky":false,"template":"","format":"standard","meta":{"jetpack_post_was_ever_published":false,"_jetpack_newsletter_access":"","_jetpack_dont_email_post_to_subs":false,"_jetpack_newsletter_tier_id":0,"_jetpack_memberships_contains_paywalled_content":false,"_jetpack_memberships_contains_paid_content":false,"footnotes":"","jetpack_publicize_message":"","jetpack_publicize_feature_enabled":true,"jetpack_social_post_already_shared":true,"jetpack_social_options":{"image_generator_settings":{"template":"highway","default_image_id":0,"font":"","enabled":false},"version":2}},"categories":[1],"tags":[1440,11492,47264,256],"class_list":["post-189387","post","type-post","status-publish","format-standard","has-post-thumbnail","hentry","category-genel","tag-dikkat","tag-havalarda","tag-isilige","tag-sicak"],"jetpack_publicize_connections":[],"jetpack_featured_media_url":"https:\/\/i0.wp.com\/www.tvturk.com\/wp-content\/uploads\/2019\/08\/sicak-havalarda-isilige-dikkat_0132373.jpg?fit=1000%2C662","jetpack_sharing_enabled":true,"jetpack_shortlink":"https:\/\/wp.me\/paKIfm-NgD","_links":{"self":[{"href":"http:\/\/www.tvturk.com\/index.php\/wp-json\/wp\/v2\/posts\/189387","targetHints":{"allow":["GET"]}}],"collection":[{"href":"http:\/\/www.tvturk.com\/index.php\/wp-json\/wp\/v2\/posts"}],"about":[{"href":"http:\/\/www.tvturk.com\/index.php\/wp-json\/wp\/v2\/types\/post"}],"author":[{"embeddable":true,"href":"http:\/\/www.tvturk.com\/index.php\/wp-json\/wp\/v2\/users\/1"}],"replies":[{"embeddable":true,"href":"http:\/\/www.tvturk.com\/index.php\/wp-json\/wp\/v2\/comments?post=189387"}],"version-history":[{"count":0,"href":"http:\/\/www.tvturk.com\/index.php\/wp-json\/wp\/v2\/posts\/189387\/revisions"}],"wp:featuredmedia":[{"embeddable":true,"href":"http:\/\/www.tvturk.com\/index.php\/wp-json\/wp\/v2\/media\/189388"}],"wp:attachment":[{"href":"http:\/\/www.tvturk.com\/index.php\/wp-json\/wp\/v2\/media?parent=189387"}],"wp:term":[{"taxonomy":"category","embeddable":true,"href":"http:\/\/www.tvturk.com\/index.php\/wp-json\/wp\/v2\/categories?post=189387"},{"taxonomy":"post_tag","embeddable":true,"href":"http:\/\/www.tvturk.com\/index.php\/wp-json\/wp\/v2\/tags?post=189387"}],"curies":[{"name":"wp","href":"https:\/\/api.w.org\/{rel}","templated":true}]}}