{"id":189401,"date":"2019-08-02T13:19:33","date_gmt":"2019-08-02T10:19:33","guid":{"rendered":"http:\/\/www.tvturk.com\/index.php\/20-uluslararasi-surmeli-festivali-basladi\/"},"modified":"2019-08-02T13:19:33","modified_gmt":"2019-08-02T10:19:33","slug":"20-uluslararasi-surmeli-festivali-basladi","status":"publish","type":"post","link":"http:\/\/www.tvturk.com\/index.php\/20-uluslararasi-surmeli-festivali-basladi\/","title":{"rendered":"20. Uluslararas\u0131 S\u00fcrmeli Festivali ba\u015flad\u0131"},"content":{"rendered":"<p>Yozgat Belediyesi taraf\u0131ndan ger\u00e7ekle\u015ftirilecek olan 20. Uluslararas\u0131 S\u00fcrmeli Festivali d\u00fczenlenen etkinliklerle ba\u015flad\u0131.<\/p>\n<p>Yozgat Cumhuriyet Meydan\u0131\u2019nda d\u00fczenlenen t\u00f6renle ba\u015flayan festivalde konu\u015fan Yozgat Belediye Ba\u015fkan\u0131 Celal K\u00f6se, bu y\u0131l 20. S\u00fcrmeli Festivalinin hay\u0131rl\u0131 olmas\u0131 temennisinde bulundu. K\u00f6se, \u201cFestivallerimiz, birli\u011fimizin, beraberli\u011fimizin ve b\u00fct\u00fcnl\u00fc\u011f\u00fcm\u00fcz\u00fcn simgesi haline gelen organizasyonlard\u0131r. Bu vesile ile bu y\u0131l 20.sini d\u00fczenliyoruz. Bu zamana kadar ilkini d\u00fczenleyen belediye ba\u015fkan\u0131m\u0131zdan ba\u015flamak \u00fczere eme\u011fi ge\u00e7en t\u00fcm belediye ba\u015fkanlar\u0131m\u0131za te\u015fekk\u00fcr ediyorum. \u0130n\u015fallah Rabbim birli\u011fimizi, beraberli\u011fimizi bozmaz. \u0130n\u015fallah t\u00fcm Yozgat\u2019\u0131m\u0131zda ses getirebilecek ve 3 g\u00fcn boyunca s\u00fcrecek \u00f6zellikle ak\u015famlar\u0131 da vatanda\u015flar\u0131m\u0131z\u0131n ihtiya\u00e7lar\u0131na cevap verecek etkinliklerle festivalimize devam edece\u011fiz. Festivalimiz t\u00fcm halk\u0131m\u0131za hay\u0131rl\u0131 olsun\u201d dedi.<\/p>\n<p>Festivalde AK Parti Yozgat Milletvekili Yusuf Ba\u015fer ve CHP Yozgat Milletvekili Ali Keven de konu\u015fma yaparak festivalin hay\u0131rl\u0131 olmas\u0131 dileklerinde bulundular.  AK Parti Yozgat Milletvekili Yusuf Ba\u015fer, \u201cFestivaller \u015fehirleri, insanlar\u0131 bir araya getiren, \u015fehirlerini, il\u00e7elerini ve beldeleriyle beraber hem T\u00fcrkiye\u2019ye hem de d\u00fcnyaya tan\u0131tan organizasyonlard\u0131r. O manada 20\u2019ncisini yapm\u0131\u015f oldu\u011fumuz S\u00fcrmeli Festivali de ilk g\u00fcnden bug\u00fcn a\u015fama a\u015fama gelmek suretiyle de art\u0131k uluslar aras\u0131 bir boyut kazanm\u0131\u015f dorumda. Dolay\u0131s\u0131yla, yeni d\u00f6nemde belediye ba\u015fkan\u0131m\u0131z\u0131n ilk festivali oldu\u011fu i\u00e7in \u00f6n\u00fcm\u00fczdeki d\u00f6nemler bundaki eksiklerimizi de gidermek suretiyle de Yozgat\u2019\u0131n \u015fan\u0131na yara\u015f\u0131r bir festivali hep beraber ger\u00e7ekle\u015ftirmi\u015f olaca\u011f\u0131z. Bu festivallerde sadece m\u00fczik yok, \u015fairler var, sanat\u00e7\u0131lar var, ressamlar, ozanlar var, yemek k\u00fclt\u00fcr\u00fcm\u00fcz var. Dolay\u0131s\u0131yla bu festivalde \u015fiir var, k\u00fclt\u00fcr var, edebiyat var, sanat var, sosyal ve k\u00fclt\u00fcrel alanlarda Yozgat\u2019\u0131 o manada de\u011fer katar ne varsa festivalde var\u201d dedi.<\/p>\n<p>CHP Yozgat Milletvekili Ali Keven ise \u201cBu alanlarda birlikte olma, geleneklerimizi, g\u00f6reneklerimizi birlikte ya\u015fay\u0131p kayna\u015fma, onlar\u0131 \u00e7o\u011faltmak, \u00fcretmek, hepimizin g\u00f6revi ve sorumlulu\u011fu olmal\u0131 diye d\u00fc\u015f\u00fcn\u00fcyorum. Festivallerin bu anlamda \u00e7ok b\u00fcy\u00fck faydas\u0131 oldu\u011funu ama festivalleri yaln\u0131z e\u011flence boyutu ile ele almak yanl\u0131\u015f. Diliyorum ve istiyorum 20. S\u00fcrmeli Festivali bundan sonra 20. S\u00fcrmeli K\u00fclt\u00fcr ve Sanat Festivali olsun\u201d \u015feklinde konu\u015ftu.<\/p>\n<p>Konu\u015fmalar\u0131n ard\u0131ndan G\u00fcrcistan ve Azerbaycan Halk Danslar\u0131 Toplulu\u011fu ekipleri folklor g\u00f6sterisi yapt\u0131. Festivalde Azerbaycan Halk Danslar\u0131 Toplulu\u011funun \u2018\u00c7\u0131rp\u0131n\u0131rd\u0131 Karadeniz\u2019 \u015fark\u0131s\u0131 kat\u0131l\u0131mc\u0131lar taraf\u0131ndan b\u00fcy\u00fck be\u011feni ald\u0131. Cumhuriyet Meydan\u0131ndaki g\u00f6sterilerin ard\u0131ndan kat\u0131l\u0131mc\u0131lar, eski Askerlik \u015eubesinde PTT taraf\u0131ndan d\u00fczenlenen pul sergisinin a\u00e7\u0131l\u0131\u015f\u0131n\u0131 yaparak sergiyi gezdi.<\/p>\n<p>D\u00fczenlenen t\u00f6rene Bozok \u00dcniversitesi Rekt\u00f6r Yard\u0131mc\u0131s\u0131 Prof. Dr. \u015eenol Ak\u0131n, Yozgat Cumhuriyet Ba\u015fsavc\u0131s\u0131 Hasan U\u00e7ak, \u0130l Jandarma Alay Komutan\u0131 Albay Bilgihan Ye\u015filyurt, kurum m\u00fcd\u00fcrleri ve vatanda\u015flar kat\u0131ld\u0131.<\/p>\n","protected":false},"excerpt":{"rendered":"<p>20. ULUSLARARASI S\u00dcRMEL\u0130 FEST\u0130VAL\u0130 BA\u015eLADI<\/p>\n","protected":false},"author":1,"featured_media":189402,"comment_status":"closed","ping_status":"open","sticky":false,"template":"","format":"standard","meta":{"jetpack_post_was_ever_published":false,"_jetpack_newsletter_access":"","_jetpack_dont_email_post_to_subs":false,"_jetpack_newsletter_tier_id":0,"_jetpack_memberships_contains_paywalled_content":false,"_jetpack_memberships_contains_paid_content":false,"footnotes":"","jetpack_publicize_message":"","jetpack_publicize_feature_enabled":true,"jetpack_social_post_already_shared":true,"jetpack_social_options":{"image_generator_settings":{"template":"highway","default_image_id":0,"font":"","enabled":false},"version":2}},"categories":[656],"tags":[4839,13416,55,3400,47267],"class_list":["post-189401","post","type-post","status-publish","format-standard","has-post-thumbnail","hentry","category-kultur-sanat","tag-uluslararasi","tag-13416","tag-basladi","tag-festivali","tag-surmeli"],"jetpack_publicize_connections":[],"jetpack_featured_media_url":"https:\/\/i0.wp.com\/www.tvturk.com\/wp-content\/uploads\/2019\/08\/20-uluslararasi-surmeli-festivali-basladi_211fd4b.jpg?fit=1000%2C590","jetpack_sharing_enabled":true,"jetpack_shortlink":"https:\/\/wp.me\/paKIfm-NgR","_links":{"self":[{"href":"http:\/\/www.tvturk.com\/index.php\/wp-json\/wp\/v2\/posts\/189401","targetHints":{"allow":["GET"]}}],"collection":[{"href":"http:\/\/www.tvturk.com\/index.php\/wp-json\/wp\/v2\/posts"}],"about":[{"href":"http:\/\/www.tvturk.com\/index.php\/wp-json\/wp\/v2\/types\/post"}],"author":[{"embeddable":true,"href":"http:\/\/www.tvturk.com\/index.php\/wp-json\/wp\/v2\/users\/1"}],"replies":[{"embeddable":true,"href":"http:\/\/www.tvturk.com\/index.php\/wp-json\/wp\/v2\/comments?post=189401"}],"version-history":[{"count":0,"href":"http:\/\/www.tvturk.com\/index.php\/wp-json\/wp\/v2\/posts\/189401\/revisions"}],"wp:featuredmedia":[{"embeddable":true,"href":"http:\/\/www.tvturk.com\/index.php\/wp-json\/wp\/v2\/media\/189402"}],"wp:attachment":[{"href":"http:\/\/www.tvturk.com\/index.php\/wp-json\/wp\/v2\/media?parent=189401"}],"wp:term":[{"taxonomy":"category","embeddable":true,"href":"http:\/\/www.tvturk.com\/index.php\/wp-json\/wp\/v2\/categories?post=189401"},{"taxonomy":"post_tag","embeddable":true,"href":"http:\/\/www.tvturk.com\/index.php\/wp-json\/wp\/v2\/tags?post=189401"}],"curies":[{"name":"wp","href":"https:\/\/api.w.org\/{rel}","templated":true}]}}