{"id":189409,"date":"2019-08-02T13:31:45","date_gmt":"2019-08-02T10:31:45","guid":{"rendered":"http:\/\/www.tvturk.com\/index.php\/bilim-sayesinde-findik-uretimi-artti\/"},"modified":"2019-08-02T13:31:45","modified_gmt":"2019-08-02T10:31:45","slug":"bilim-sayesinde-findik-uretimi-artti","status":"publish","type":"post","link":"http:\/\/www.tvturk.com\/index.php\/bilim-sayesinde-findik-uretimi-artti\/","title":{"rendered":"Bilim sayesinde f\u0131nd\u0131k \u00fcretimi artt\u0131"},"content":{"rendered":"<p>T\u00fcrkiye\u2019de \u00fcretilen f\u0131nd\u0131\u011f\u0131n en b\u00fcy\u00fck kullan\u0131c\u0131s\u0131 konumunda olan Ferrero taraf\u0131ndan ger\u00e7ekle\u015ftirilen de\u011ferli tar\u0131m uygulamalar\u0131 kapsam\u0131nda 3 y\u0131l \u00f6nce dekarda 140 kilo verim al\u0131nan bah\u00e7eden bu y\u0131l 300 kilo verim al\u0131nd\u0131.<\/p>\n<p>Ferrero taraf\u0131ndan 5 y\u0131l \u00f6nce ba\u015flat\u0131lan De\u011ferli Tar\u0131m Uygulamalar\u0131 kapsam\u0131ndaki Model Bah\u00e7elerden Ordu\u2019nun Ulubey il\u00e7esine ba\u011fl\u0131 F\u0131nd\u0131kl\u0131 Mahallesi\u2019nde Z\u00fcht\u00fc Top\u00e7uo\u011flu\u2019na ait bah\u00e7ede hasat etkinli\u011fi d\u00fczenlendi.<\/p>\n<p>Normal \u015fartlarda 100 kilogram\u0131n alt\u0131nda verimin al\u0131nabildi\u011fi bah\u00e7ede ger\u00e7ekle\u015ftirilen de\u011ferli tar\u0131m uygulamalar\u0131 ile ilk y\u0131l 140 kilosu \u00e7\u0131kan \u00fcretim, daha sonra 250\u2019ye, ge\u00e7en y\u0131l da 300 kiloya y\u00fckseldi. Bu y\u0131lki verimin ise dekar ba\u015f\u0131na 300 kilonun \u00fczerinde olmas\u0131 bekleniyor.<\/p>\n<p>De\u011ferli Tar\u0131m Uygulamalar\u0131\u2019n\u0131n kurulan istasyonlarda kat\u0131l\u0131mc\u0131lara aktar\u0131ld\u0131\u011f\u0131 etkinlikte konu\u015fan Ferrero F\u0131nd\u0131k T\u00fcrkiye Genel M\u00fcd\u00fcr\u00fc Bams\u0131 Ak\u0131n, T\u00fcrk f\u0131nd\u0131\u011f\u0131n\u0131n kendileri i\u00e7in \u00e7ok \u00f6nemli oldu\u011funu vurgulayarak \u015funlar\u0131 s\u00f6yledi:<\/p>\n<p>\u201cT\u00fcrk f\u0131nd\u0131\u011f\u0131 bizim i\u00e7in bir tercih de\u011fil, vazge\u00e7ilemezdir. F\u0131nd\u0131k sekt\u00f6r\u00fcne yat\u0131r\u0131m yapmaya, de\u011fer zincirini s\u00fcrd\u00fcrmeye ve s\u00fcrd\u00fcr\u00fclebilir k\u0131lmaya y\u00f6nelik \u00e7abalar\u0131m\u0131z artarak devam edecektir. Bu proje kapsam\u0131ndaki iyi tar\u0131m, sosyal ve kaliteli \u00fcretim uygulamalar\u0131 f\u0131nd\u0131\u011f\u0131n kullan\u0131m\u0131 ve ihracat\u0131 kadar \u00f6nemlidir. Bizim burada g\u00f6stermeye \u00e7al\u0131\u015ft\u0131\u011f\u0131m\u0131z, f\u0131nd\u0131\u011fa emek verdi\u011finiz, \u00e7al\u0131\u015ft\u0131\u011f\u0131n\u0131z zaman nas\u0131l kaliteli ve k\u00e2rl\u0131 hale gelebildi\u011fidir. Bunlar herkesin kazanc\u0131n\u0131 artt\u0131racakt\u0131r. S\u00f6z konusu f\u0131nd\u0131k oldu\u011funda T\u00fcrkiye ile ayn\u0131 teknedeyiz. F\u0131nd\u0131k her iki taraf i\u00e7in de vazge\u00e7ilemezdir. Bunun i\u00e7in hep birlikte \u00e7aba g\u00f6stermeliyiz. Biz desteklemeye devam edece\u011fiz.\u201d<\/p>\n<p>D\u00fcnyada t\u00fcketici taleplerinin de\u011fi\u015fti\u011fine ve bilin\u00e7li t\u00fcketicilerin sat\u0131n ald\u0131klar\u0131 \u00fcr\u00fcnlerde s\u00fcrd\u00fcr\u00fclebilirli\u011fe dikkat ettiklerini de vurgulayan Bams\u0131 Ak\u0131n, \u201cGelecek 10-15 y\u0131lda T\u00fcrkiye\u2019nin f\u0131nd\u0131ktaki yerini dolduracak hi\u00e7bir \u00fclke yok. Ancak \u00f6nemli olan, T\u00fcrkiye\u2019nin uluslararas\u0131 f\u0131nd\u0131k talebine uyumlu bir \u015fekilde hareket edebilmesidir.  G\u0131da sekt\u00f6r\u00fcn\u00fcn talebi sadece \u00fcr\u00fcn kalite ve miktardan ibaret de\u011fil. Art\u0131k d\u00fcnya izlenebilir, sertifikasyonu olan, kalite parametreleri takip edilen \u00fcr\u00fcnler talep ediyor. \u0130la\u00e7 ve g\u00fcbre kullan\u0131m\u0131 kadar her safha izlenebilir olsun, etik \u00fcretim olsun, \u015firketler \u00e7ocuk i\u015f\u00e7i konusuna \u00e7ok duyarl\u0131 olunsun istiyor. T\u00fcrkiye f\u0131nd\u0131k piyasas\u0131n\u0131n da bu beklentilere ayak uydurmas\u0131 gerekiyor\u201d dedi.<\/p>\n<p>Rakamlarla de\u011ferli tar\u0131m uygulamalar\u0131<\/p>\n<p>Ferrero taraf\u0131ndan ba\u015flat\u0131lan De\u011ferli Tar\u0131m Uygulamalar\u0131 projesi kapsam\u0131nda 2018 y\u0131l\u0131nda 28 bin \u00e7ift\u00e7i, 90 bin \u00e7ift\u00e7i ziyareti ger\u00e7ekle\u015ftirildi. 2019 da 32 bin \u00e7ift\u00e7i ve 100 bin ziyaret hedeflenirken son 3 y\u0131lda 11 bin 300 kad\u0131n \u00e7ift\u00e7i e\u011fitildi. 4 bin civar\u0131nda gence, profesyonel meslek se\u00e7iminde dikkat edilmesi gereken konular\u0131n yer ald\u0131\u011f\u0131 e\u011fitimler verildi.<\/p>\n<p>Yakla\u015f\u0131k y\u00fczde 30 mevsimlik tar\u0131m i\u015f\u00e7ilerini sa\u011flayan \u00e7al\u0131\u015fanlardan olu\u015fan 100 civar\u0131nda \u2018Day\u0131ba\u015f\u0131 E\u011fitimi\u2019 yap\u0131l\u0131rken kat\u0131l\u0131mc\u0131lara sertifikalar\u0131 da\u011f\u0131t\u0131ld\u0131. Son 2 y\u0131lda yakla\u015f\u0131k 15 bin anketle sosyal konularda durum tespiti yap\u0131l\u0131rken 500 civar\u0131nda hizmet sa\u011flay\u0131c\u0131 e\u011fitimi ger\u00e7ekle\u015ftirildi ve sertifika verildi.<\/p>\n<p>Sadece bu y\u0131l i\u00e7in bine yak\u0131n hasat makinesi sat\u0131\u015f\u0131na \u00f6nc\u00fcl\u00fck edildi. Yakla\u015f\u0131k 90 hasat ve bah\u00e7e g\u00fcn\u00fc etkinlikleri ger\u00e7ekle\u015ftirilmesi ve etkinliklere yakla\u015f\u0131k 6 bin \u00e7ift\u00e7inin kat\u0131lmas\u0131 bekleniyor.<\/p>\n<p>D\u00fcnyan\u0131n en b\u00fcy\u00fck \u00e7ikolata \u00fcreticilerinden Ferrero, 55 \u00fclkede faaliyet g\u00f6steriyor, \u00fcr\u00fcnlerinin y\u00fczde 50\u2019sinden fazlas\u0131nda f\u0131nd\u0131k kullanarak T\u00fcrk f\u0131nd\u0131\u011f\u0131n\u0131n d\u00fcnyaya tan\u0131t\u0131lmas\u0131nda el\u00e7ilik g\u00f6revi de \u00fcstleniyor.<\/p>\n","protected":false},"excerpt":{"rendered":"<p>FERRERO TARAFINDAN UYGULANAN B\u0130L\u0130MSEL \u00c7ALI\u015eMALAR SAYES\u0130NDE 3 YIL \u00d6NCE DEKARDA 140 KG VER\u0130M ALINAN FINDIK BAH\u00c7ES\u0130NDEN BUG\u00dcN DEKARDA 300 KG VER\u0130M ALINIYOR<\/p>\n","protected":false},"author":1,"featured_media":189410,"comment_status":"closed","ping_status":"open","sticky":false,"template":"","format":"standard","meta":{"jetpack_post_was_ever_published":false,"_jetpack_newsletter_access":"","_jetpack_dont_email_post_to_subs":false,"_jetpack_newsletter_tier_id":0,"_jetpack_memberships_contains_paywalled_content":false,"_jetpack_memberships_contains_paid_content":false,"footnotes":"","jetpack_publicize_message":"","jetpack_publicize_feature_enabled":true,"jetpack_social_post_already_shared":true,"jetpack_social_options":{"image_generator_settings":{"template":"highway","default_image_id":0,"font":"","enabled":false},"version":2}},"categories":[19],"tags":[2929,3032,617,5213,1935],"class_list":["post-189409","post","type-post","status-publish","format-standard","has-post-thumbnail","hentry","category-ekonomi","tag-artti","tag-bilim","tag-findik","tag-sayesinde","tag-uretimi"],"jetpack_publicize_connections":[],"jetpack_featured_media_url":"https:\/\/i0.wp.com\/www.tvturk.com\/wp-content\/uploads\/2019\/08\/bilim-sayesinde-findik-uretimi-artti_2e41ee7.jpg?fit=1000%2C666","jetpack_sharing_enabled":true,"jetpack_shortlink":"https:\/\/wp.me\/paKIfm-NgZ","_links":{"self":[{"href":"http:\/\/www.tvturk.com\/index.php\/wp-json\/wp\/v2\/posts\/189409","targetHints":{"allow":["GET"]}}],"collection":[{"href":"http:\/\/www.tvturk.com\/index.php\/wp-json\/wp\/v2\/posts"}],"about":[{"href":"http:\/\/www.tvturk.com\/index.php\/wp-json\/wp\/v2\/types\/post"}],"author":[{"embeddable":true,"href":"http:\/\/www.tvturk.com\/index.php\/wp-json\/wp\/v2\/users\/1"}],"replies":[{"embeddable":true,"href":"http:\/\/www.tvturk.com\/index.php\/wp-json\/wp\/v2\/comments?post=189409"}],"version-history":[{"count":0,"href":"http:\/\/www.tvturk.com\/index.php\/wp-json\/wp\/v2\/posts\/189409\/revisions"}],"wp:featuredmedia":[{"embeddable":true,"href":"http:\/\/www.tvturk.com\/index.php\/wp-json\/wp\/v2\/media\/189410"}],"wp:attachment":[{"href":"http:\/\/www.tvturk.com\/index.php\/wp-json\/wp\/v2\/media?parent=189409"}],"wp:term":[{"taxonomy":"category","embeddable":true,"href":"http:\/\/www.tvturk.com\/index.php\/wp-json\/wp\/v2\/categories?post=189409"},{"taxonomy":"post_tag","embeddable":true,"href":"http:\/\/www.tvturk.com\/index.php\/wp-json\/wp\/v2\/tags?post=189409"}],"curies":[{"name":"wp","href":"https:\/\/api.w.org\/{rel}","templated":true}]}}