{"id":189448,"date":"2019-08-02T14:31:54","date_gmt":"2019-08-02T11:31:54","guid":{"rendered":"http:\/\/www.tvturk.com\/index.php\/bu-cezaevinde-her-sey-organik\/"},"modified":"2019-08-02T14:31:54","modified_gmt":"2019-08-02T11:31:54","slug":"bu-cezaevinde-her-sey-organik","status":"publish","type":"post","link":"http:\/\/www.tvturk.com\/index.php\/bu-cezaevinde-her-sey-organik\/","title":{"rendered":"Bu cezaevinde her \u015fey organik"},"content":{"rendered":"<p>Bilecik Valisi Bilal \u015eent\u00fcrk, G\u00f6lpazar\u0131 A\u00e7\u0131k Ceza \u0130nfaz Kurumunda organik olarak \u00fcretilen \u00fcr\u00fcnlerin yer ald\u0131\u011f\u0131 tesislerde incelemede bulundu.<\/p>\n<p>Vali \u015eent\u00fcrk, Kaymakam \u0130brahim G\u00fcne\u015f ile birlikte G\u00f6lpazar\u0131 A\u00e7\u0131k Ceza \u0130nfaz Kurumu ziyaretinde Kurum M\u00fcd\u00fcr\u00fc Hakan Nihat S\u00f6yler\u2019den h\u00fck\u00fcml\u00fclerin \u00fcretti\u011fi organik meyve ve sebze, do\u011fal bal, b\u0131ld\u0131rc\u0131n yumurtas\u0131, sal\u00e7a ve re\u00e7el gibi \u00fcr\u00fcnler hakk\u0131nda bilgi ald\u0131. Sera ve tarlalarda da incelemede bulunan Vali \u015eent\u00fcrk, \u2019\u2019Pasif insan g\u00fcc\u00fcn\u00fcn aktif hale getirilmesi, \u00fcretici kal\u0131nmas\u0131, infaz i\u015flemi tamamlan\u0131rken \u00fclke ekonomisine de katk\u0131 sa\u011flamak \u015fart\u0131yla G\u00f6lpazar\u0131 A\u00e7\u0131k Ceza \u0130nfaz Kurumunun ba\u015far\u0131l\u0131 \u00e7al\u0131\u015fmalar\u0131n\u0131 yerinde g\u00f6rd\u00fck. Yeni \u00e7al\u0131\u015fmalar\u0131n da yap\u0131labilmesi hususunda de\u011ferlendirmeler yapt\u0131k. Y\u00f6neticisi, idari personelinin uyum ve gayret i\u00e7erisinde \u00e7al\u0131\u015ft\u0131\u011f\u0131n\u0131 g\u00f6zlemledik. Ba\u015far\u0131l\u0131 \u00e7al\u0131\u015fmalar\u0131n\u0131n devam\u0131n\u0131 diliyorum&#8221; dedi.<\/p>\n<p>&#8220;H\u00fck\u00fcml\u00fclere i\u015f imkan\u0131 sa\u011fl\u0131yoruz&#8221;<\/p>\n<p>A\u00e7\u0131k Ceza \u0130nfaz Kurumu M\u00fcd\u00fcr\u00fc S\u00f6yler ise, 2014 y\u0131l\u0131nda faaliyete ge\u00e7en cezaevinde \u00fcretilen \u00fcr\u00fcnlerin infaz kurumlar\u0131n\u0131n sat\u0131\u015f noktalar\u0131nda sat\u0131ld\u0131\u011f\u0131n\u0131 anlatarak, h\u00fck\u00fcml\u00fclere i\u015f imkan\u0131 sa\u011flamalar\u0131n\u0131n yan\u0131nda \u00f6\u011frendiklerini d\u0131\u015far\u0131daki hayatlar\u0131nda da devam ettirebilecek duruma geldiklerini s\u00f6yledi.<\/p>\n","protected":false},"excerpt":{"rendered":"<p>VAL\u0130 \u015eENT\u00dcRK&#8217;TEN G\u00d6LPAZARI A\u00c7IK CEZA \u0130NFAZ KURUMUNA Z\u0130YARET<\/p>\n","protected":false},"author":1,"featured_media":189449,"comment_status":"closed","ping_status":"open","sticky":false,"template":"","format":"standard","meta":{"jetpack_post_was_ever_published":false,"_jetpack_newsletter_access":"","_jetpack_dont_email_post_to_subs":false,"_jetpack_newsletter_tier_id":0,"_jetpack_memberships_contains_paywalled_content":false,"_jetpack_memberships_contains_paid_content":false,"footnotes":"","jetpack_publicize_message":"","jetpack_publicize_feature_enabled":true,"jetpack_social_post_already_shared":true,"jetpack_social_options":{"image_generator_settings":{"template":"highway","default_image_id":0,"font":"","enabled":false},"version":2}},"categories":[1],"tags":[12227,73,4645,2550],"class_list":["post-189448","post","type-post","status-publish","format-standard","has-post-thumbnail","hentry","category-genel","tag-cezaevinde","tag-her","tag-organik","tag-sey"],"jetpack_publicize_connections":[],"jetpack_featured_media_url":"https:\/\/i0.wp.com\/www.tvturk.com\/wp-content\/uploads\/2019\/08\/bu-cezaevinde-her-sey-organik_9b49b58.jpg?fit=800%2C586","jetpack_sharing_enabled":true,"jetpack_shortlink":"https:\/\/wp.me\/paKIfm-NhC","_links":{"self":[{"href":"http:\/\/www.tvturk.com\/index.php\/wp-json\/wp\/v2\/posts\/189448","targetHints":{"allow":["GET"]}}],"collection":[{"href":"http:\/\/www.tvturk.com\/index.php\/wp-json\/wp\/v2\/posts"}],"about":[{"href":"http:\/\/www.tvturk.com\/index.php\/wp-json\/wp\/v2\/types\/post"}],"author":[{"embeddable":true,"href":"http:\/\/www.tvturk.com\/index.php\/wp-json\/wp\/v2\/users\/1"}],"replies":[{"embeddable":true,"href":"http:\/\/www.tvturk.com\/index.php\/wp-json\/wp\/v2\/comments?post=189448"}],"version-history":[{"count":0,"href":"http:\/\/www.tvturk.com\/index.php\/wp-json\/wp\/v2\/posts\/189448\/revisions"}],"wp:featuredmedia":[{"embeddable":true,"href":"http:\/\/www.tvturk.com\/index.php\/wp-json\/wp\/v2\/media\/189449"}],"wp:attachment":[{"href":"http:\/\/www.tvturk.com\/index.php\/wp-json\/wp\/v2\/media?parent=189448"}],"wp:term":[{"taxonomy":"category","embeddable":true,"href":"http:\/\/www.tvturk.com\/index.php\/wp-json\/wp\/v2\/categories?post=189448"},{"taxonomy":"post_tag","embeddable":true,"href":"http:\/\/www.tvturk.com\/index.php\/wp-json\/wp\/v2\/tags?post=189448"}],"curies":[{"name":"wp","href":"https:\/\/api.w.org\/{rel}","templated":true}]}}