{"id":189471,"date":"2019-08-02T15:02:04","date_gmt":"2019-08-02T12:02:04","guid":{"rendered":"http:\/\/www.tvturk.com\/index.php\/bunaltan-sicaklarin-buhariyla-ataturk-havalimaninda-pistler-neredeyse-gorunmez-oldu\/"},"modified":"2019-08-02T15:02:04","modified_gmt":"2019-08-02T12:02:04","slug":"bunaltan-sicaklarin-buhariyla-ataturk-havalimaninda-pistler-neredeyse-gorunmez-oldu","status":"publish","type":"post","link":"http:\/\/www.tvturk.com\/index.php\/bunaltan-sicaklarin-buhariyla-ataturk-havalimaninda-pistler-neredeyse-gorunmez-oldu\/","title":{"rendered":"Bunaltan s\u0131caklar\u0131n buhar\u0131yla Atat\u00fcrk Havaliman\u0131\u2019nda pistler neredeyse g\u00f6r\u00fcnmez oldu"},"content":{"rendered":"<p>\u0130stanbul\u2019da g\u00fcnlerdir etkisini g\u00f6steren s\u0131cak hava nedeniyle Atat\u00fcrk Havaliman\u0131 pistinde u\u00e7aklar yerden y\u00fckselen buhar nedeniyle neredeyse g\u00f6r\u00fcnmez oldu.<\/p>\n<p>\u0130stanbul\u2019da s\u0131cak hava etkisini g\u00f6stermeye devam ediyor. Ge\u00e7ti\u011fimiz aylarda sivil u\u00e7u\u015flara kapat\u0131lan Atat\u00fcrk Havaliman\u0131nda bulunan pistlerde s\u0131cak hava buhar\u0131 etkili oluyor. Sadece kargo u\u00e7u\u015flar\u0131n\u0131n yap\u0131ld\u0131\u011f\u0131 havaliman\u0131nda yerden y\u00fckselen buhar nedeniyle pist ve park halinde beklemede bulunan u\u00e7aklar neredeyse g\u00f6r\u00fcnmez oldu.<\/p>\n","protected":false},"excerpt":{"rendered":"<p>BUNALTAN SICAKLARIN BUHARIYLA ATAT\u00dcRK HAVAL\u0130MANI\u2019NDA P\u0130STLER NEREDEYSE G\u00d6R\u00dcNMEZ OLDU<\/p>\n","protected":false},"author":1,"featured_media":189472,"comment_status":"closed","ping_status":"open","sticky":false,"template":"","format":"standard","meta":{"jetpack_post_was_ever_published":false,"_jetpack_newsletter_access":"","_jetpack_dont_email_post_to_subs":false,"_jetpack_newsletter_tier_id":0,"_jetpack_memberships_contains_paywalled_content":false,"_jetpack_memberships_contains_paid_content":false,"footnotes":"","jetpack_publicize_message":"","jetpack_publicize_feature_enabled":true,"jetpack_social_post_already_shared":true,"jetpack_social_options":{"image_generator_settings":{"template":"highway","default_image_id":0,"font":"","enabled":false},"version":2}},"categories":[1],"tags":[381,47287,47285,13961,6033,12093,77,47288,47286],"class_list":["post-189471","post","type-post","status-publish","format-standard","has-post-thumbnail","hentry","category-genel","tag-ataturk","tag-buhariyla","tag-bunaltan","tag-gorunmez","tag-havalimaninda","tag-neredeyse","tag-oldu","tag-pistler","tag-sicaklarin"],"jetpack_publicize_connections":[],"jetpack_featured_media_url":"https:\/\/i0.wp.com\/www.tvturk.com\/wp-content\/uploads\/2019\/08\/bunaltan-sicaklarin-buhariyla-ataturk-havalimaninda-pistler-neredeyse-gorunmez-oldu_d10131f.jpg?fit=1000%2C562","jetpack_sharing_enabled":true,"jetpack_shortlink":"https:\/\/wp.me\/paKIfm-NhZ","_links":{"self":[{"href":"http:\/\/www.tvturk.com\/index.php\/wp-json\/wp\/v2\/posts\/189471","targetHints":{"allow":["GET"]}}],"collection":[{"href":"http:\/\/www.tvturk.com\/index.php\/wp-json\/wp\/v2\/posts"}],"about":[{"href":"http:\/\/www.tvturk.com\/index.php\/wp-json\/wp\/v2\/types\/post"}],"author":[{"embeddable":true,"href":"http:\/\/www.tvturk.com\/index.php\/wp-json\/wp\/v2\/users\/1"}],"replies":[{"embeddable":true,"href":"http:\/\/www.tvturk.com\/index.php\/wp-json\/wp\/v2\/comments?post=189471"}],"version-history":[{"count":0,"href":"http:\/\/www.tvturk.com\/index.php\/wp-json\/wp\/v2\/posts\/189471\/revisions"}],"wp:featuredmedia":[{"embeddable":true,"href":"http:\/\/www.tvturk.com\/index.php\/wp-json\/wp\/v2\/media\/189472"}],"wp:attachment":[{"href":"http:\/\/www.tvturk.com\/index.php\/wp-json\/wp\/v2\/media?parent=189471"}],"wp:term":[{"taxonomy":"category","embeddable":true,"href":"http:\/\/www.tvturk.com\/index.php\/wp-json\/wp\/v2\/categories?post=189471"},{"taxonomy":"post_tag","embeddable":true,"href":"http:\/\/www.tvturk.com\/index.php\/wp-json\/wp\/v2\/tags?post=189471"}],"curies":[{"name":"wp","href":"https:\/\/api.w.org\/{rel}","templated":true}]}}