{"id":189485,"date":"2019-08-02T15:17:23","date_gmt":"2019-08-02T12:17:23","guid":{"rendered":"http:\/\/www.tvturk.com\/index.php\/malatyaspor-15-yasindaki-emirhan-ozu-transfer-etti\/"},"modified":"2019-08-02T15:17:23","modified_gmt":"2019-08-02T12:17:23","slug":"malatyaspor-15-yasindaki-emirhan-ozu-transfer-etti","status":"publish","type":"post","link":"http:\/\/www.tvturk.com\/index.php\/malatyaspor-15-yasindaki-emirhan-ozu-transfer-etti\/","title":{"rendered":"Malatyaspor, 15 ya\u015f\u0131ndaki Emirhan \u00d6z\u2019\u00fc transfer etti"},"content":{"rendered":"<p>Sarayspor\u2019un 15 ya\u015findaki gen\u00e7 yetene\u011fi Emirhan \u00d6z, Yeni Malatyaspor\u2019a transfer oldu.<\/p>\n<p>Zonguldak\u2019\u0131n \u00f6nemli altyap\u0131 tak\u0131mlar\u0131ndan olan Sarayspor, T\u00fcrk futboluna yeni y\u0131ld\u0131zlar yeti\u015ftirmeye devam ediyor. Sarayspor formas\u0131 alt\u0131nda \u015fampiyonlarda g\u00f6sterdi\u011fi ba\u015far\u0131l\u0131 performansla t\u00fcm dikkatleri \u00fczerine \u00e7eken 15 ya\u015f\u0131ndaki Emirhan \u00d6z\u2019e, S\u00fcper Lig\u2019den Be\u015fikta\u015f, Malatyaspor, Sivaspor ve Konyaspor\u2019un talip olmu\u015ftu. Gen\u00e7 yetene\u011fin, Sarayspor Kul\u00fcp Ba\u015fkan\u0131 Turan Alt\u0131nta\u015f ve antren\u00f6rlerin verdi\u011fi karar neticesinde Malatyaspor\u2019a transferi ger\u00e7ekle\u015fti.<\/p>\n<p>Emirhan \u00d6z, Malatyaspor tesislerine giderek resmi s\u00f6zle\u015fmeyi imzalad\u0131. \u00d6z, Malatyaspor formas\u0131 alt\u0131nda alt ya\u015f kategorilerinde forma giyecek.<\/p>\n","protected":false},"excerpt":{"rendered":"<p>SARAYSPOR&#8217;UN 15 YA\u015e\u0130NDAK\u0130 GEN\u00c7 YETENE\u011e\u0130 EM\u0130RHAN \u00d6Z, S\u00dcPER L\u0130G EK\u0130B\u0130 MALATYASPOR&#8217;A TRANSFER OLDU.<\/p>\n","protected":false},"author":1,"featured_media":189486,"comment_status":"closed","ping_status":"open","sticky":false,"template":"","format":"standard","meta":{"jetpack_post_was_ever_published":false,"_jetpack_newsletter_access":"","_jetpack_dont_email_post_to_subs":false,"_jetpack_newsletter_tier_id":0,"_jetpack_memberships_contains_paywalled_content":false,"_jetpack_memberships_contains_paid_content":false,"footnotes":"","jetpack_publicize_message":"","jetpack_publicize_feature_enabled":true,"jetpack_social_post_already_shared":true,"jetpack_social_options":{"image_generator_settings":{"template":"highway","default_image_id":0,"font":"","enabled":false},"version":2}},"categories":[657],"tags":[26269,207,528,47292,2518,1063],"class_list":["post-189485","post","type-post","status-publish","format-standard","has-post-thumbnail","hentry","category-spor","tag-emirhan","tag-etti","tag-malatyaspor","tag-ozu","tag-transfer","tag-yasindaki"],"jetpack_publicize_connections":[],"jetpack_featured_media_url":"https:\/\/i0.wp.com\/www.tvturk.com\/wp-content\/uploads\/2019\/08\/malatyaspor-15-yasindaki-emirhan-ozu-transfer-etti_3016884.jpg?fit=1000%2C750","jetpack_sharing_enabled":true,"jetpack_shortlink":"https:\/\/wp.me\/paKIfm-Nid","_links":{"self":[{"href":"http:\/\/www.tvturk.com\/index.php\/wp-json\/wp\/v2\/posts\/189485","targetHints":{"allow":["GET"]}}],"collection":[{"href":"http:\/\/www.tvturk.com\/index.php\/wp-json\/wp\/v2\/posts"}],"about":[{"href":"http:\/\/www.tvturk.com\/index.php\/wp-json\/wp\/v2\/types\/post"}],"author":[{"embeddable":true,"href":"http:\/\/www.tvturk.com\/index.php\/wp-json\/wp\/v2\/users\/1"}],"replies":[{"embeddable":true,"href":"http:\/\/www.tvturk.com\/index.php\/wp-json\/wp\/v2\/comments?post=189485"}],"version-history":[{"count":0,"href":"http:\/\/www.tvturk.com\/index.php\/wp-json\/wp\/v2\/posts\/189485\/revisions"}],"wp:featuredmedia":[{"embeddable":true,"href":"http:\/\/www.tvturk.com\/index.php\/wp-json\/wp\/v2\/media\/189486"}],"wp:attachment":[{"href":"http:\/\/www.tvturk.com\/index.php\/wp-json\/wp\/v2\/media?parent=189485"}],"wp:term":[{"taxonomy":"category","embeddable":true,"href":"http:\/\/www.tvturk.com\/index.php\/wp-json\/wp\/v2\/categories?post=189485"},{"taxonomy":"post_tag","embeddable":true,"href":"http:\/\/www.tvturk.com\/index.php\/wp-json\/wp\/v2\/tags?post=189485"}],"curies":[{"name":"wp","href":"https:\/\/api.w.org\/{rel}","templated":true}]}}