{"id":189513,"date":"2019-08-02T16:02:03","date_gmt":"2019-08-02T13:02:03","guid":{"rendered":"http:\/\/www.tvturk.com\/index.php\/isubuden-aymye-baris-icin-akademisyenler-inisiyatifi-tepkisi\/"},"modified":"2019-08-02T16:02:03","modified_gmt":"2019-08-02T13:02:03","slug":"isubuden-aymye-baris-icin-akademisyenler-inisiyatifi-tepkisi","status":"publish","type":"post","link":"http:\/\/www.tvturk.com\/index.php\/isubuden-aymye-baris-icin-akademisyenler-inisiyatifi-tepkisi\/","title":{"rendered":"ISUB\u00dc\u2019den AYM\u2019ye &#8220;Bar\u0131\u015f \u0130\u00e7in Akademisyenler \u0130nisiyatifi&#8221; tepkisi"},"content":{"rendered":"<p>Isparta Uygulamal\u0131 Bilimler \u00dcniversitesi (ISUB\u00dc) taraf\u0131ndan yap\u0131lan yaz\u0131l\u0131 a\u00e7\u0131klama ile Anayasa Mahkemesinin (AYM), &#8220;Bar\u0131\u015f \u0130\u00e7in Akademisyenler \u0130nisiyatifi&#8221; hakk\u0131nda verdi\u011fi \u2018Hak ihlali\u2019 karar\u0131na tepki g\u00f6sterilerek, bu durumun toplumda derin bir hayal k\u0131r\u0131kl\u0131\u011f\u0131na yol a\u00e7t\u0131\u011f\u0131 belirtildi.<\/p>\n<p>ISUB\u00dc taraf\u0131ndan \u2018Kamuoyuna Duyuru\u2019 ba\u015fl\u0131\u011f\u0131 alt\u0131nda yap\u0131lan a\u00e7\u0131klamada \u015fu ifadeler yer ald\u0131:<\/p>\n<p>\u201cAYM\u2019nin, \u2019Bar\u0131\u015f \u0130\u00e7in Akademisyenler \u0130nisiyatifi\u2019 metnine imza atan akademisyenlerin, \u2019ter\u00f6r \u00f6rg\u00fct\u00fc propagandas\u0131 yapmak\u2019 su\u00e7undan cezaland\u0131r\u0131lmas\u0131 sonucu  yapt\u0131klar\u0131 bireysel ba\u015fvuruda hak ihlali karar\u0131 vermesi, toplumda derin bir hayal k\u0131r\u0131kl\u0131\u011f\u0131na yol a\u00e7m\u0131\u015ft\u0131r. Bireylerin d\u00fc\u015f\u00fcnce ve ifade \u00f6zg\u00fcrl\u00fc\u011f\u00fc Anayasa ve uluslararas\u0131 s\u00f6zle\u015fmelerle g\u00fcvence alt\u0131na al\u0131nmas\u0131na ra\u011fmen, ter\u00f6rle m\u00fccadeleyi \u2019k\u0131y\u0131m\u2019 kamu g\u00fcvenli\u011fini \u2019katliam\u2019 olarak nitelendirmek asla ifade ve d\u00fc\u015f\u00fcnce \u00f6zg\u00fcrl\u00fc\u011f\u00fc olarak kabul edilemez. \u0130fade \u00f6zg\u00fcrl\u00fc\u011f\u00fcn\u00fcn g\u00fcvence alt\u0131na al\u0131nmas\u0131nda en \u00f6nemli yarg\u0131sal kurum olan Anayasa Mahkemesi; ter\u00f6r \u00f6rg\u00fct\u00fcne tek bir ele\u015ftiri yapmadan, kamu g\u00fcvenli\u011fini zedeleyici ve ter\u00f6r \u00f6rg\u00fct\u00fc propagandas\u0131 niteli\u011findeki s\u00f6zde bildiriyi destekleyenlere uygulanan m\u00fceyyideyi bir hak ihlali olarak de\u011ferlendirmi\u015ftir. Bu karar, ba\u015fta g\u00fcvenlik g\u00fc\u00e7lerimiz olmak \u00fczere ter\u00f6rden zarar g\u00f6rm\u00fc\u015f t\u00fcm halk\u0131m\u0131zda derin \u00fcz\u00fcnt\u00fcye neden olmu\u015ftur. Isparta Uygulamal\u0131 Bilimler \u00dcniversitesi olarak, d\u0131\u015f desteklerden beslenen ve uzun y\u0131llar \u00fclkemize b\u00fcy\u00fck ac\u0131lar ya\u015fatan ter\u00f6rle m\u00fccadelede olumsuz alg\u0131 olu\u015fturacak her t\u00fcrl\u00fc eylem ve propagandan\u0131n kar\u015f\u0131s\u0131nda oldu\u011fumuzu ve bu konudaki duyarl\u0131l\u0131\u011f\u0131m\u0131z\u0131 kamuoyuna arz ederiz.\u201d<\/p>\n","protected":false},"excerpt":{"rendered":"<p>ISPARTA UYGULAMALI B\u0130L\u0130MLER \u00dcN\u0130VERS\u0130TES\u0130 (ISUB\u00dc) TARAFINDAN YAPILAN YAZILI A\u00c7IKLAMA \u0130LE ANAYASA MAHKEMES\u0130\u2019N\u0130N (AYM), &#8220;BARI\u015e \u0130\u00c7\u0130N AKADEM\u0130SYENLER \u0130N\u0130S\u0130YAT\u0130F\u0130&#8221; HAKKINDA VERD\u0130\u011e\u0130 \u2018HAK \u0130HLAL\u0130\u2019 KARARINA TEPK\u0130 G\u00d6STER\u0130LEREK, BU DURUMUN TOPLUMDA DER\u0130N B\u0130R HAYAL KIRIKLI\u011eINA YOL A\u00c7TI\u011eI BEL\u0130RT\u0130LD\u0130.<\/p>\n","protected":false},"author":1,"featured_media":189514,"comment_status":"closed","ping_status":"open","sticky":false,"template":"","format":"standard","meta":{"jetpack_post_was_ever_published":false,"_jetpack_newsletter_access":"","_jetpack_dont_email_post_to_subs":false,"_jetpack_newsletter_tier_id":0,"_jetpack_memberships_contains_paywalled_content":false,"_jetpack_memberships_contains_paid_content":false,"footnotes":"","jetpack_publicize_message":"","jetpack_publicize_feature_enabled":true,"jetpack_social_post_already_shared":true,"jetpack_social_options":{"image_generator_settings":{"template":"highway","default_image_id":0,"font":"","enabled":false},"version":2}},"categories":[1],"tags":[9066,21421,4256,44,47302,47301,9601],"class_list":["post-189513","post","type-post","status-publish","format-standard","has-post-thumbnail","hentry","category-genel","tag-akademisyenler","tag-aymye","tag-baris","tag-icin","tag-inisiyatifi","tag-isubuden","tag-tepkisi"],"jetpack_publicize_connections":[],"jetpack_featured_media_url":"https:\/\/i0.wp.com\/www.tvturk.com\/wp-content\/uploads\/2019\/08\/isubuden-aymye-baris-icin-akademisyenler-inisiyatifi-tepkisi_25aaed2.jpg?fit=1000%2C789","jetpack_sharing_enabled":true,"jetpack_shortlink":"https:\/\/wp.me\/paKIfm-NiF","_links":{"self":[{"href":"http:\/\/www.tvturk.com\/index.php\/wp-json\/wp\/v2\/posts\/189513","targetHints":{"allow":["GET"]}}],"collection":[{"href":"http:\/\/www.tvturk.com\/index.php\/wp-json\/wp\/v2\/posts"}],"about":[{"href":"http:\/\/www.tvturk.com\/index.php\/wp-json\/wp\/v2\/types\/post"}],"author":[{"embeddable":true,"href":"http:\/\/www.tvturk.com\/index.php\/wp-json\/wp\/v2\/users\/1"}],"replies":[{"embeddable":true,"href":"http:\/\/www.tvturk.com\/index.php\/wp-json\/wp\/v2\/comments?post=189513"}],"version-history":[{"count":0,"href":"http:\/\/www.tvturk.com\/index.php\/wp-json\/wp\/v2\/posts\/189513\/revisions"}],"wp:featuredmedia":[{"embeddable":true,"href":"http:\/\/www.tvturk.com\/index.php\/wp-json\/wp\/v2\/media\/189514"}],"wp:attachment":[{"href":"http:\/\/www.tvturk.com\/index.php\/wp-json\/wp\/v2\/media?parent=189513"}],"wp:term":[{"taxonomy":"category","embeddable":true,"href":"http:\/\/www.tvturk.com\/index.php\/wp-json\/wp\/v2\/categories?post=189513"},{"taxonomy":"post_tag","embeddable":true,"href":"http:\/\/www.tvturk.com\/index.php\/wp-json\/wp\/v2\/tags?post=189513"}],"curies":[{"name":"wp","href":"https:\/\/api.w.org\/{rel}","templated":true}]}}