{"id":189536,"date":"2019-08-02T16:17:21","date_gmt":"2019-08-02T13:17:21","guid":{"rendered":"http:\/\/www.tvturk.com\/index.php\/trabzonsporun-52-kurulus-yil-donumu-duzenlenen-etkinliklerle-kutlandi\/"},"modified":"2019-08-02T16:17:21","modified_gmt":"2019-08-02T13:17:21","slug":"trabzonsporun-52-kurulus-yil-donumu-duzenlenen-etkinliklerle-kutlandi","status":"publish","type":"post","link":"http:\/\/www.tvturk.com\/index.php\/trabzonsporun-52-kurulus-yil-donumu-duzenlenen-etkinliklerle-kutlandi\/","title":{"rendered":"Trabzonspor\u2019un 52. kurulu\u015f y\u0131l d\u00f6n\u00fcm\u00fc d\u00fczenlenen etkinliklerle kutland\u0131"},"content":{"rendered":"<p>Trabzonspor\u2019un 52. kurulu\u015f y\u0131l d\u00f6n\u00fcm\u00fc d\u00fczenlenen etkinliklerle kutlan\u0131yor. Etkinlik kapsam\u0131nda ilk olarak Atat\u00fcrk Alan\u0131\u2019nda bir t\u00f6ren d\u00fczenlenirken, daha sonra Cemil Usta Do\u011fa Park\u0131\u2019n\u0131n a\u00e7\u0131l\u0131\u015f\u0131 yap\u0131ld\u0131. A\u00e7\u0131l\u0131\u015fta Trabzonspor\u2019un efsane futbolcusu Cemil Usta\u2019n\u0131n 1976 y\u0131l\u0131nda Liverpool\u2019a penalt\u0131dan att\u0131\u011f\u0131 golde s\u0131rt\u0131nda bulunan 5 numaral\u0131 formas\u0131, ailesi taraf\u0131ndan Trabzonspor m\u00fczesine konulmak \u00fczere Asba\u015fkan Mehmet Yi\u011fit Alp\u2019e teslim edildi.<\/p>\n<p>Atat\u00fcrk Alan\u0131\u2019nda sayg\u0131 duru\u015fu ve \u0130stiklal Mar\u015f\u0131\u2019n\u0131n okunmas\u0131yla ba\u015flayan Trabzonspor\u2019un 52. kurulu\u015f y\u0131l d\u00f6n\u00fcm\u00fc t\u00f6renine, bordo-mavili kul\u00fcb\u00fcn kurucular\u0131, eski ba\u015fkanlar, Asba\u015fkan Mehmet Yi\u011fit Alp ve y\u00f6netim kurulu \u00fcyeleri, Divan Kurulu Ba\u015fkan\u0131 Ali S\u00fcrmen, Teknik Direkt\u00f6r \u00dcnal Karaman, AK Parti Trabzon Milletvekili Bahar Ayvazo\u011flu ve taraftarlar kat\u0131ld\u0131.<\/p>\n<p>&#8220;CAS hukuku taca atm\u0131\u015ft\u0131r&#8221;<\/p>\n<p>Yap\u0131lan konu\u015fmalar\u0131n ard\u0131ndan son olarak s\u00f6z alan Trabzonspor Asba\u015fkan\u0131 Mehmet Yi\u011fit Alp,  kul\u00fcb\u00fcn Uluslararas\u0131 Spor Tahkim Mahkemesi\u2019nin (CAS) 2010-2011 sezonu hakk\u0131nda a\u00e7\u0131klad\u0131\u011f\u0131 karara tepki g\u00f6stererek, 2010-2011 sezonunun \u015fampiyonunun Trabzonspor oldu\u011funu s\u00f6yledi.<\/p>\n<p>Alp, \u201cGe\u00e7ti\u011fimiz g\u00fcnlerde a\u00e7\u0131klanan ve hepimizi hayal k\u0131r\u0131kl\u0131\u011f\u0131na u\u011fratan CAS karar\u0131na de\u011finmek istiyorum. CAS, bug\u00fcn d\u00fcnya futbol tarihinin en b\u00fcy\u00fck emek h\u0131rs\u0131zl\u0131\u011f\u0131 kar\u015f\u0131s\u0131nda daha \u00f6nce verdi\u011fi karar\u0131n aksine ta\u015f\u0131d\u0131klar\u0131 sorumlulu\u011fa yak\u0131\u015fmayan bir tav\u0131r sergilemi\u015ftir. Bizi hakl\u0131 g\u00f6rm\u00fc\u015f ancak ne FIFA\u2019n\u0131n ne de TFF\u2019nin talimatlar\u0131nda \u015fampiyonlu\u011fun iadesini i\u00e7eren y\u00f6netmelikler bulunmad\u0131\u011f\u0131 bahanesine s\u0131\u011f\u0131narak hukuku taca atm\u0131\u015ft\u0131r. Bu tavr\u0131 tarih mutlaka yarg\u0131layacakt\u0131r. Bu karar\u0131 alanlar Trabzonspor taraftar\u0131 ba\u015fta olmak \u00fczere t\u00fcm futbolseverlerin vicdanlar\u0131nda yarg\u0131lanmaya hayat boyu devam edeceklerdir. Trabzonspor\u2019umuz, 2010-2011 sezonunun tertemiz \u015fampiyonudur\u201d dedi.<\/p>\n<p>&#8220;Cemil Usta tam bir Trabzon u\u015fa\u011f\u0131yd\u0131&#8221;<\/p>\n<p>Daha sonra Akyaz\u0131 \u015eenol G\u00fcne\u015f Spor Kompleksi\u2019nde Cemil Usta Do\u011fa Park\u0131\u2019n\u0131n a\u00e7\u0131l\u0131\u015f\u0131 yap\u0131ld\u0131. A\u00e7\u0131l\u0131\u015fta Trabzonspor Asba\u015fkan\u0131 Mehmet Yi\u011fit Alp, y\u00f6netim kurulu \u00fcyeleri, Trabzon B\u00fcy\u00fck\u015fehir Belediye Ba\u015fkan\u0131 Murat Zorluo\u011flu, Ortahisar Belediye Ba\u015fkan\u0131 Ahmet Metin Gen\u00e7, \u0130l Emniyet M\u00fcd\u00fcr\u00fc Orhan \u00c7evik, Trabzonspor Teknik Direkt\u00f6r\u00fc \u00dcnal Karaman, Cemil Usta\u2019n\u0131n ailesi ve taraftarlar haz\u0131r bulundu. Burada \u2019Dozer\u2019 lakapl\u0131 Cemil Usta\u2019n\u0131n Liverpool\u2019a gol att\u0131\u011f\u0131 ma\u00e7ta giydi\u011fi 5 numaral\u0131 forma, ailesi taraf\u0131ndan Trabzonspor Kul\u00fcb\u00fc\u2019ne teslim edildi.<\/p>\n<p>Bir konu\u015fma yapan Asba\u015fkan Alp, Usta\u2019dan \u00f6vg\u00fc ile bahsederek, \u201cEfsane tak\u0131m\u0131n kaptan\u0131, ismi dozer lakab\u0131yla y\u00fcreklere kaz\u0131nan Cemil Usta\u2019y\u0131 anmak ve onun an\u0131s\u0131n\u0131 ya\u015fatmak i\u00e7in bir araya geldik. Kul\u00fcb\u00fcm\u00fcz\u00fcn 52. kurulu\u015f y\u0131l d\u00f6n\u00fcm\u00fcnde Cemil Usta\u2019n\u0131n an\u0131s\u0131na do\u011fa park\u0131 a\u00e7aca\u011f\u0131z ve 52 fidan dikece\u011fiz. Cemil Usta kaptand\u0131, arkada\u015ft\u0131, insand\u0131. 70\u2019li y\u0131llar boyunca t\u00fcm kupalara yap\u0131\u015fan ilk eller Cemil Usta\u2019n\u0131nd\u0131. Hi\u00e7bir zaman \u015fikayet etmeden oynad\u0131. Tam bir Trabzon u\u015fa\u011f\u0131yd\u0131. \u00d6yle de ya\u015fad\u0131 ve \u00f6yle g\u00f6\u00e7\u00fcp gitti aram\u0131zdan\u201d \u015feklinde konu\u015ftu.<\/p>\n<p>Cemil Usta\u2019n\u0131n o\u011flu Cem S\u00fcleyman Usta da babas\u0131n\u0131n ad\u0131n\u0131 ya\u015fatmak isteyen herkese te\u015fekk\u00fcr etti. Daha sonra Mehmet Yi\u011fit Alp, Cemil Usta\u2019n\u0131n ailesine kara kalem tablo hediye etti. Son olarak da Usta\u2019n\u0131n an\u0131s\u0131na fidan dikimi yap\u0131ld\u0131.<\/p>\n","protected":false},"excerpt":{"rendered":"<p>CEM\u0130L USTA\u2019NIN 1976 YILINDA L\u0130VERPOOL\u2019A PENALTIDAN ATTI\u011eI 5 NUMARALI FORMASI A\u0130LES\u0130 TARAFINDAN TRABZONSPOR M\u00dcZES\u0130NE KONULMAK \u00dcZERE ASBA\u015eKAN MEHMET Y\u0130\u011e\u0130T ALP\u2019E TESL\u0130M ED\u0130LD\u0130.<\/p>\n","protected":false},"author":1,"featured_media":189537,"comment_status":"closed","ping_status":"open","sticky":false,"template":"","format":"standard","meta":{"jetpack_post_was_ever_published":false,"_jetpack_newsletter_access":"","_jetpack_dont_email_post_to_subs":false,"_jetpack_newsletter_tier_id":0,"_jetpack_memberships_contains_paywalled_content":false,"_jetpack_memberships_contains_paid_content":false,"footnotes":"","jetpack_publicize_message":"","jetpack_publicize_feature_enabled":true,"jetpack_social_post_already_shared":true,"jetpack_social_options":{"image_generator_settings":{"template":"highway","default_image_id":0,"font":"","enabled":false},"version":2}},"categories":[657],"tags":[20531,4038,4219,9236,4037,2822,18454,231],"class_list":["post-189536","post","type-post","status-publish","format-standard","has-post-thumbnail","hentry","category-spor","tag-20531","tag-donumu","tag-duzenlenen","tag-etkinliklerle","tag-kurulus","tag-kutlandi","tag-trabzonsporun","tag-yil"],"jetpack_publicize_connections":[],"jetpack_featured_media_url":"https:\/\/i0.wp.com\/www.tvturk.com\/wp-content\/uploads\/2019\/08\/trabzonsporun-52-kurulus-yil-donumu-duzenlenen-etkinliklerle-kutlandi_a0b7846.jpg?fit=1000%2C919","jetpack_sharing_enabled":true,"jetpack_shortlink":"https:\/\/wp.me\/paKIfm-Nj2","_links":{"self":[{"href":"http:\/\/www.tvturk.com\/index.php\/wp-json\/wp\/v2\/posts\/189536","targetHints":{"allow":["GET"]}}],"collection":[{"href":"http:\/\/www.tvturk.com\/index.php\/wp-json\/wp\/v2\/posts"}],"about":[{"href":"http:\/\/www.tvturk.com\/index.php\/wp-json\/wp\/v2\/types\/post"}],"author":[{"embeddable":true,"href":"http:\/\/www.tvturk.com\/index.php\/wp-json\/wp\/v2\/users\/1"}],"replies":[{"embeddable":true,"href":"http:\/\/www.tvturk.com\/index.php\/wp-json\/wp\/v2\/comments?post=189536"}],"version-history":[{"count":0,"href":"http:\/\/www.tvturk.com\/index.php\/wp-json\/wp\/v2\/posts\/189536\/revisions"}],"wp:featuredmedia":[{"embeddable":true,"href":"http:\/\/www.tvturk.com\/index.php\/wp-json\/wp\/v2\/media\/189537"}],"wp:attachment":[{"href":"http:\/\/www.tvturk.com\/index.php\/wp-json\/wp\/v2\/media?parent=189536"}],"wp:term":[{"taxonomy":"category","embeddable":true,"href":"http:\/\/www.tvturk.com\/index.php\/wp-json\/wp\/v2\/categories?post=189536"},{"taxonomy":"post_tag","embeddable":true,"href":"http:\/\/www.tvturk.com\/index.php\/wp-json\/wp\/v2\/tags?post=189536"}],"curies":[{"name":"wp","href":"https:\/\/api.w.org\/{rel}","templated":true}]}}