{"id":189556,"date":"2019-08-02T17:01:33","date_gmt":"2019-08-02T14:01:33","guid":{"rendered":"http:\/\/www.tvturk.com\/index.php\/kosovada-siyasi-kriz\/"},"modified":"2019-08-02T17:01:33","modified_gmt":"2019-08-02T14:01:33","slug":"kosovada-siyasi-kriz","status":"publish","type":"post","link":"http:\/\/www.tvturk.com\/index.php\/kosovada-siyasi-kriz\/","title":{"rendered":"Kosova\u2019da siyasi kriz"},"content":{"rendered":"<p>Kosova Cumhurba\u015fkan\u0131 Hashim Tha\u00e7i, k\u0131sa ad\u0131 PAN olan ve PDK, AAK ve Nisma partilerinden olu\u015fan koalisyonuna resmi bir yaz\u0131 g\u00f6ndererek, yeni h\u00fckumetin kurulmas\u0131 i\u00e7in ba\u015fbakan aday\u0131n\u0131 g\u00f6stermesini  talep etti.<\/p>\n<p>Ba\u015fbakanl\u0131k g\u00f6revinden istifa etmesinin ard\u0131ndan Kosova\u2019da olu\u015fan y\u00f6netim bo\u015flu\u011funun giderilmesi i\u00e7in bir an \u00f6nce erken parlamento se\u00e7imlerinin tarihinin belirlenmesi beklenirken, Kosova Cumhurba\u015fkan\u0131 Hashim Tha\u00e7i\u2019den beklenmedik bir hamle geldi. Tha\u00e7i, k\u0131sa ad\u0131 PAN olan ve PDK, AAK ve Nisma partilerinden olu\u015fan koalisyonuna resmi bir yaz\u0131 g\u00f6ndererek, yeni h\u00fckumetin kurulmas\u0131 i\u00e7in ba\u015fbakan aday\u0131n\u0131 g\u00f6stermesini talep etti.<\/p>\n<p>Cumhurba\u015fkan\u0131 Hashim Tha\u00e7i, PAN koalisyonunda en b\u00fcy\u00fck parti olan PDK Genel Ba\u015fkan\u0131 Kadri Veseli\u2019ye resmi yaz\u0131 g\u00f6ndererek, h\u00fckumetin kurulmas\u0131 i\u00e7in aday g\u00f6stermelerini talep etti. Cumhurba\u015fkan\u0131 Tha\u00e7i\u2019nin Veseli\u2019ye g\u00f6nderdi\u011fi yaz\u0131da, Kosova Meclisinde,  h\u00fckumeti olu\u015fturmak i\u00e7in gereken \u00e7o\u011funlu\u011fu kazanan koalisyon olarak Kosova Cumhuriyeti H\u00fck\u00fcmeti\u2019ni olu\u015fturmak i\u00e7in yeni bir aday \u00f6nerme haklar\u0131 oldu\u011funu bildirdi.<\/p>\n<p>Yasal s\u00fcre\u00e7, mecliste \u00e7o\u011funlu\u011fu olu\u015fturan parti veya koalisyonun aday\u0131 belirlemesi ard\u0131ndan en ge\u00e7 15 g\u00fcn i\u00e7erisinde mecliste g\u00fcvenoyuna sunulmas\u0131n\u0131 \u00f6ng\u00f6r\u00fcyor. Aday\u0131n, mecliste gerekli \u00e7o\u011funlu\u011fu almamas\u0131 durumunda ayn\u0131 s\u00fcre\u00e7 kapsam\u0131nda Cumhurba\u015fkan\u0131n\u0131n 10 g\u00fcn i\u00e7erisinde ba\u015fka bir aday\u0131n \u00f6nerilmesi i\u00e7in talepte bulunmas\u0131 hakk\u0131 bulunuyor. h\u00fckumetin ikinci denemede de kurulmamas\u0131 durumunda, Cumhurba\u015fkan\u0131n\u0131n en ge\u00e7 40 g\u00fcn i\u00e7erisinde yap\u0131lmas\u0131 gereken erken genel se\u00e7im ilan etmesi gerekiyor.<\/p>\n<p>Hafta ba\u015f\u0131nda Cumhurba\u015fkan\u0131 Tha\u00e7i, erken genel se\u00e7im tarihinin belirlenmesi i\u00e7in siyasi partilerle isti\u015fare toplant\u0131lar\u0131 ba\u015flatm\u0131\u015ft\u0131. Cumhurba\u015fkan\u0131n\u0131n bu hamlesinden sonra isti\u015fare toplant\u0131lar\u0131na ara verilmesi bekleniyor.<\/p>\n","protected":false},"excerpt":{"rendered":"<p>KOSOVA CUMHURBA\u015eKANI HASH\u0130M THA\u00c7\u0130, KISA ADI PAN OLAN VE PDK, AAK VE N\u0130SMA PART\u0130LER\u0130NDEN OLU\u015eAN KOAL\u0130SYONUNA RESM\u0130 B\u0130R YAZI G\u00d6NDEREREK, YEN\u0130 H\u00dcKUMET\u0130N KURULMASI \u0130\u00c7\u0130N BA\u015eBAKAN ADAYINI G\u00d6STERMES\u0130N\u0130  TALEP ETT\u0130.<\/p>\n","protected":false},"author":1,"featured_media":189557,"comment_status":"closed","ping_status":"open","sticky":false,"template":"","format":"standard","meta":{"jetpack_post_was_ever_published":false,"_jetpack_newsletter_access":"","_jetpack_dont_email_post_to_subs":false,"_jetpack_newsletter_tier_id":0,"_jetpack_memberships_contains_paywalled_content":false,"_jetpack_memberships_contains_paid_content":false,"footnotes":"","jetpack_publicize_message":"","jetpack_publicize_feature_enabled":true,"jetpack_social_post_already_shared":true,"jetpack_social_options":{"image_generator_settings":{"template":"highway","default_image_id":0,"font":"","enabled":false},"version":2}},"categories":[10],"tags":[5348,4747,2698],"class_list":["post-189556","post","type-post","status-publish","format-standard","has-post-thumbnail","hentry","category-dunya","tag-kosovada","tag-kriz","tag-siyasi"],"jetpack_publicize_connections":[],"jetpack_featured_media_url":"https:\/\/i0.wp.com\/www.tvturk.com\/wp-content\/uploads\/2019\/08\/kosovada-siyasi-kriz_ff5c1f1.jpg?fit=1000%2C756","jetpack_sharing_enabled":true,"jetpack_shortlink":"https:\/\/wp.me\/paKIfm-Njm","_links":{"self":[{"href":"http:\/\/www.tvturk.com\/index.php\/wp-json\/wp\/v2\/posts\/189556","targetHints":{"allow":["GET"]}}],"collection":[{"href":"http:\/\/www.tvturk.com\/index.php\/wp-json\/wp\/v2\/posts"}],"about":[{"href":"http:\/\/www.tvturk.com\/index.php\/wp-json\/wp\/v2\/types\/post"}],"author":[{"embeddable":true,"href":"http:\/\/www.tvturk.com\/index.php\/wp-json\/wp\/v2\/users\/1"}],"replies":[{"embeddable":true,"href":"http:\/\/www.tvturk.com\/index.php\/wp-json\/wp\/v2\/comments?post=189556"}],"version-history":[{"count":0,"href":"http:\/\/www.tvturk.com\/index.php\/wp-json\/wp\/v2\/posts\/189556\/revisions"}],"wp:featuredmedia":[{"embeddable":true,"href":"http:\/\/www.tvturk.com\/index.php\/wp-json\/wp\/v2\/media\/189557"}],"wp:attachment":[{"href":"http:\/\/www.tvturk.com\/index.php\/wp-json\/wp\/v2\/media?parent=189556"}],"wp:term":[{"taxonomy":"category","embeddable":true,"href":"http:\/\/www.tvturk.com\/index.php\/wp-json\/wp\/v2\/categories?post=189556"},{"taxonomy":"post_tag","embeddable":true,"href":"http:\/\/www.tvturk.com\/index.php\/wp-json\/wp\/v2\/tags?post=189556"}],"curies":[{"name":"wp","href":"https:\/\/api.w.org\/{rel}","templated":true}]}}