{"id":189580,"date":"2019-08-02T18:01:26","date_gmt":"2019-08-02T15:01:26","guid":{"rendered":"http:\/\/www.tvturk.com\/index.php\/turk-zirhlisi-ejder-yalcinlar-ozbek-silahli-kuvvetlerinde-hizmete-girdi\/"},"modified":"2019-08-02T18:01:26","modified_gmt":"2019-08-02T15:01:26","slug":"turk-zirhlisi-ejder-yalcinlar-ozbek-silahli-kuvvetlerinde-hizmete-girdi","status":"publish","type":"post","link":"http:\/\/www.tvturk.com\/index.php\/turk-zirhlisi-ejder-yalcinlar-ozbek-silahli-kuvvetlerinde-hizmete-girdi\/","title":{"rendered":"T\u00fcrk z\u0131rhl\u0131s\u0131 Ejder Yal\u00e7\u0131n\u2019lar, \u00d6zbek Silahl\u0131 Kuvvetlerinde hizmete girdi"},"content":{"rendered":"<p>T\u00fcrk z\u0131rhl\u0131 personel ta\u015f\u0131y\u0131c\u0131 Ejder Yal\u00e7\u0131n\u2019lar, bug\u00fcn \u00d6zbekistan\u2019da d\u00fczenlenen t\u00f6renle Silahl\u0131 Kuvvetlere teslim edildi.<\/p>\n<p>T\u00fcrk z\u0131rhl\u0131s\u0131 Ejder Yal\u00e7\u0131n\u2019lar, bug\u00fcn \u00d6zbekistan Silahl\u0131 Kuvvetlerinde hizmete girdi. Z\u0131rhl\u0131 ara\u00e7lar, ba\u015fkent Ta\u015fkent yak\u0131n\u0131ndaki \u00c7ir\u00e7ik poligonunda ilgili birimlere teslim edildi. \u00d6zbekistan Savunma Bakan\u0131 Yard\u0131mc\u0131s\u0131 Albay Aybek \u0130smailov ve Savunma Sanayi Devlet Komitesi Daire Ba\u015fkan\u0131 Kahraman Ermatov\u2019un kat\u0131l\u0131m\u0131yla d\u00fczenlenen teslim t\u00f6reninde Ejder Yal\u00e7\u0131n\u2019lar\u0131n \u00d6zbekistan\u2019\u0131n askeri g\u00fcc\u00fcn\u00fc art\u0131rmaya ve \u00fclkede bar\u0131\u015f\u0131 korumaya katk\u0131da bulunaca\u011f\u0131 vurguland\u0131.<\/p>\n<p>\u00d6zbekistan Devlet Ba\u015fkan\u0131 \u015eevket Mirziyoyev\u2019in Ekim 2017 tarihindeki T\u00fcrkiye ziyaretinde, Nurol Makina ile \u00d6zbek \u015firketi UzAuto aras\u0131nda bin adet Ejder Yal\u00e7\u0131n z\u0131rhl\u0131s\u0131n\u0131n \u00d6zbekistan\u2019da ortak \u00fcretimine y\u00f6nelik mutabakat muht\u0131ras\u0131 imzalanm\u0131\u015ft\u0131. Mutabakat\u0131n, 24 adet haz\u0131r z\u0131rhl\u0131n\u0131n al\u0131m\u0131 ve 3\u2019\u00fcnc\u00fc \u00fclkelere sat\u0131\u015f\u0131n\u0131 da kapsad\u0131\u011f\u0131 a\u00e7\u0131klanm\u0131\u015ft\u0131.<\/p>\n","protected":false},"excerpt":{"rendered":"<p>T\u00dcRK ZIRHLI PERSONEL TA\u015eIYICI EJDER YAL\u00c7IN\u2019LAR, BUG\u00dcN \u00d6ZBEK\u0130STAN\u2019DA D\u00dcZENLENEN T\u00d6RENLE S\u0130LAHLI KUVVETLERE TESL\u0130M ED\u0130LD\u0130.<\/p>\n","protected":false},"author":1,"featured_media":189581,"comment_status":"closed","ping_status":"open","sticky":false,"template":"","format":"standard","meta":{"jetpack_post_was_ever_published":false,"_jetpack_newsletter_access":"","_jetpack_dont_email_post_to_subs":false,"_jetpack_newsletter_tier_id":0,"_jetpack_memberships_contains_paywalled_content":false,"_jetpack_memberships_contains_paid_content":false,"footnotes":"","jetpack_publicize_message":"","jetpack_publicize_feature_enabled":true,"jetpack_social_post_already_shared":true,"jetpack_social_options":{"image_generator_settings":{"template":"highway","default_image_id":0,"font":"","enabled":false},"version":2}},"categories":[10],"tags":[42998,3896,3303,47328,19729,998,957,47327,47326],"class_list":["post-189580","post","type-post","status-publish","format-standard","has-post-thumbnail","hentry","category-dunya","tag-ejder","tag-girdi","tag-hizmete","tag-kuvvetlerinde","tag-ozbek","tag-silahli","tag-turk","tag-yalcinlar","tag-zirhlisi"],"jetpack_publicize_connections":[],"jetpack_featured_media_url":"https:\/\/i0.wp.com\/www.tvturk.com\/wp-content\/uploads\/2019\/08\/turk-zirhlisi-ejder-yalcinlar-ozbek-silahli-kuvvetlerinde-hizmete-girdi_dcc36a0.jpg?fit=696%2C464","jetpack_sharing_enabled":true,"jetpack_shortlink":"https:\/\/wp.me\/paKIfm-NjK","_links":{"self":[{"href":"http:\/\/www.tvturk.com\/index.php\/wp-json\/wp\/v2\/posts\/189580","targetHints":{"allow":["GET"]}}],"collection":[{"href":"http:\/\/www.tvturk.com\/index.php\/wp-json\/wp\/v2\/posts"}],"about":[{"href":"http:\/\/www.tvturk.com\/index.php\/wp-json\/wp\/v2\/types\/post"}],"author":[{"embeddable":true,"href":"http:\/\/www.tvturk.com\/index.php\/wp-json\/wp\/v2\/users\/1"}],"replies":[{"embeddable":true,"href":"http:\/\/www.tvturk.com\/index.php\/wp-json\/wp\/v2\/comments?post=189580"}],"version-history":[{"count":0,"href":"http:\/\/www.tvturk.com\/index.php\/wp-json\/wp\/v2\/posts\/189580\/revisions"}],"wp:featuredmedia":[{"embeddable":true,"href":"http:\/\/www.tvturk.com\/index.php\/wp-json\/wp\/v2\/media\/189581"}],"wp:attachment":[{"href":"http:\/\/www.tvturk.com\/index.php\/wp-json\/wp\/v2\/media?parent=189580"}],"wp:term":[{"taxonomy":"category","embeddable":true,"href":"http:\/\/www.tvturk.com\/index.php\/wp-json\/wp\/v2\/categories?post=189580"},{"taxonomy":"post_tag","embeddable":true,"href":"http:\/\/www.tvturk.com\/index.php\/wp-json\/wp\/v2\/tags?post=189580"}],"curies":[{"name":"wp","href":"https:\/\/api.w.org\/{rel}","templated":true}]}}