{"id":189582,"date":"2019-08-02T18:01:51","date_gmt":"2019-08-02T15:01:51","guid":{"rendered":"http:\/\/www.tvturk.com\/index.php\/valla-kanyonundan-gecis-yapan-sporcunun-ayagi-kirildi\/"},"modified":"2019-08-02T18:01:51","modified_gmt":"2019-08-02T15:01:51","slug":"valla-kanyonundan-gecis-yapan-sporcunun-ayagi-kirildi","status":"publish","type":"post","link":"http:\/\/www.tvturk.com\/index.php\/valla-kanyonundan-gecis-yapan-sporcunun-ayagi-kirildi\/","title":{"rendered":"Valla Kanyonu\u2019ndan ge\u00e7i\u015f yapan sporcunun aya\u011f\u0131 k\u0131r\u0131ld\u0131"},"content":{"rendered":"<p>Kastamonu\u2019nun P\u0131narba\u015f\u0131 il\u00e7esinde d\u00fczenlenen \u201c3. Kanyon ve Do\u011fa Sporlar\u0131 Festivali\u201d kapsam\u0131nda Valla Kanyonu\u2019ndan ge\u00e7i\u015f yapan bir kad\u0131n\u0131n aya\u011f\u0131 k\u0131r\u0131ld\u0131.<\/p>\n<p>P\u0131narba\u015f\u0131\u2019nda d\u00fczenlenen 3. Kanyon ve Do\u011fa Sporlar\u0131 Festivali kapsam\u0131nda il\u00e7eye gelen yakla\u015f\u0131k 19 ki\u015filik sporcu grup, d\u00fcnyan\u0131n en derin kanyonlar\u0131 aras\u0131nda g\u00f6sterilen 12 kilometre uzunlu\u011fundaki Valla Kanyonu\u2019na giri\u015f yapt\u0131. Valla Kanyonu\u2019na giri\u015f yapt\u0131ktan k\u0131sa bir s\u00fcre sonra kanyonda ilerleyen sporculardan Zeynep Y\u0131ld\u0131r\u0131m\u2019\u0131n sol aya\u011f\u0131 k\u0131r\u0131ld\u0131. Aya\u011f\u0131 k\u0131r\u0131lan Zeynep Y\u0131ld\u0131r\u0131m i\u00e7in arama kurtarma ekipleri devreye girdi. Zeynep Y\u0131ld\u0131r\u0131m, Kastamonu \u0130l Jandarma Komutanl\u0131\u011f\u0131na ait helikopter ile bulundu\u011fu yerden al\u0131narak Horma Kanyonu kamp alan\u0131na g\u00f6t\u00fcr\u00fcld\u00fc. Burada ambulansa al\u0131nan Y\u0131ld\u0131r\u0131m, ard\u0131ndan tedavi edilmek \u00fczere P\u0131narba\u015f\u0131 Devlet Hastanesine kald\u0131r\u0131ld\u0131.<\/p>\n","protected":false},"excerpt":{"rendered":"<p>KASTAMONU\u2019NUN PINARBA\u015eI \u0130L\u00c7ES\u0130NDE D\u00dcZENLENEN \u201c3. KANYON VE DO\u011eA SPORLARI FEST\u0130VAL\u0130\u201d KAPSAMINDA VALLA KANYONU\u2019NDAN GE\u00c7\u0130\u015e YAPAN B\u0130R KADININ AYA\u011eI KIRILDI.<\/p>\n","protected":false},"author":1,"featured_media":189583,"comment_status":"closed","ping_status":"open","sticky":false,"template":"","format":"standard","meta":{"jetpack_post_was_ever_published":false,"_jetpack_newsletter_access":"","_jetpack_dont_email_post_to_subs":false,"_jetpack_newsletter_tier_id":0,"_jetpack_memberships_contains_paywalled_content":false,"_jetpack_memberships_contains_paid_content":false,"footnotes":"","jetpack_publicize_message":"","jetpack_publicize_feature_enabled":true,"jetpack_social_post_already_shared":true,"jetpack_social_options":{"image_generator_settings":{"template":"highway","default_image_id":0,"font":"","enabled":false},"version":2}},"categories":[1],"tags":[6683,2384,47330,9558,10323,47329,1420],"class_list":["post-189582","post","type-post","status-publish","format-standard","has-post-thumbnail","hentry","category-genel","tag-ayagi","tag-gecis","tag-kanyonundan","tag-kirildi","tag-sporcunun","tag-valla","tag-yapan"],"jetpack_publicize_connections":[],"jetpack_featured_media_url":"https:\/\/i0.wp.com\/www.tvturk.com\/wp-content\/uploads\/2019\/08\/valla-kanyonundan-gecis-yapan-sporcunun-ayagi-kirildi_1460f7c.jpg?fit=1000%2C750","jetpack_sharing_enabled":true,"jetpack_shortlink":"https:\/\/wp.me\/paKIfm-NjM","_links":{"self":[{"href":"http:\/\/www.tvturk.com\/index.php\/wp-json\/wp\/v2\/posts\/189582","targetHints":{"allow":["GET"]}}],"collection":[{"href":"http:\/\/www.tvturk.com\/index.php\/wp-json\/wp\/v2\/posts"}],"about":[{"href":"http:\/\/www.tvturk.com\/index.php\/wp-json\/wp\/v2\/types\/post"}],"author":[{"embeddable":true,"href":"http:\/\/www.tvturk.com\/index.php\/wp-json\/wp\/v2\/users\/1"}],"replies":[{"embeddable":true,"href":"http:\/\/www.tvturk.com\/index.php\/wp-json\/wp\/v2\/comments?post=189582"}],"version-history":[{"count":0,"href":"http:\/\/www.tvturk.com\/index.php\/wp-json\/wp\/v2\/posts\/189582\/revisions"}],"wp:featuredmedia":[{"embeddable":true,"href":"http:\/\/www.tvturk.com\/index.php\/wp-json\/wp\/v2\/media\/189583"}],"wp:attachment":[{"href":"http:\/\/www.tvturk.com\/index.php\/wp-json\/wp\/v2\/media?parent=189582"}],"wp:term":[{"taxonomy":"category","embeddable":true,"href":"http:\/\/www.tvturk.com\/index.php\/wp-json\/wp\/v2\/categories?post=189582"},{"taxonomy":"post_tag","embeddable":true,"href":"http:\/\/www.tvturk.com\/index.php\/wp-json\/wp\/v2\/tags?post=189582"}],"curies":[{"name":"wp","href":"https:\/\/api.w.org\/{rel}","templated":true}]}}