{"id":189584,"date":"2019-08-02T18:02:13","date_gmt":"2019-08-02T15:02:13","guid":{"rendered":"http:\/\/www.tvturk.com\/index.php\/bati-karadeniz-bolgesinde-bir-ilk\/"},"modified":"2019-08-02T18:02:13","modified_gmt":"2019-08-02T15:02:13","slug":"bati-karadeniz-bolgesinde-bir-ilk","status":"publish","type":"post","link":"http:\/\/www.tvturk.com\/index.php\/bati-karadeniz-bolgesinde-bir-ilk\/","title":{"rendered":"Bat\u0131 Karadeniz B\u00f6lgesi\u2019nde bir ilk"},"content":{"rendered":"<p>Zonguldak B\u00fclent Ecevit \u00dcniversitesi \u2018Y\u00fcz \u00c7ene D\u00fczeltme Ameliyat\u0131\u2019 ile Bat\u0131 Karadeniz B\u00f6lgesi\u2019nde bir ilke imza att\u0131.<\/p>\n<p>Zonguldak B\u00fclent Ecevit \u00dcniversitesi Di\u015f Hekimli\u011fi Fak\u00fcltesi Ortodonti Anabilim Dal\u0131 ve T\u0131p Fak\u00fcltesi Plastik ve Rekonstr\u00fcktif Cerrahi Anabilim Dal\u0131 i\u015fbirli\u011fiyle bir d\u0131\u015f merkezden destek al\u0131nmaks\u0131z\u0131n fak\u00fclte personeli ve ekipmanlar\u0131yla yap\u0131lan ameliyat, Zonguldak\u2019ta tamam\u0131yla i\u00e7 merkezler taraf\u0131ndan ger\u00e7ekle\u015ftirilen ilk ameliyat oldu.<\/p>\n<p>Di\u015f Hekimli\u011fi Fak\u00fcltesi Ortodonti Anabilim Dal\u0131\u2019na, alt \u00e7enesinin \u00f6nde olmas\u0131, \u00fcst \u00e7eneye ait di\u015feti g\u00f6r\u00fcn\u00fcm\u00fcn\u00fcn fazla olmas\u0131 \u015fik\u00e2yeti ile ba\u015fvuran 20 ya\u015f\u0131ndaki kad\u0131n hastan\u0131n ameliyat\u0131, Ortodonti Anabilim Dal\u0131 ve Plastik Cerrahi Anabilim Dal\u0131 i\u015fbirli\u011fiyle ba\u015far\u0131yla ger\u00e7ekle\u015ftirildi. Edinilen bilgiye g\u00f6re Bart\u0131n, Karab\u00fck, Kastamonu, Sinop gibi \u00e7evre illerde bu ameliyat\u0131 ger\u00e7ekle\u015ftirebilecek herhangi bir merkezin bulunmad\u0131\u011f\u0131 \u00f6\u011frenildi.<\/p>\n<p>Ortodonti Anabilim Dal\u0131 \u00d6\u011fretim \u00dcyesi Do\u00e7. Dr. Nurhat \u00d6zkalayc\u0131 ve Plastik Cerrahi Anabilim Dal\u0131 Dr. \u00d6\u011fretim \u00dcyesi Bur\u00e7in Acuner koordinat\u00f6rl\u00fc\u011f\u00fcndeki ekipler taraf\u0131ndan yap\u0131lan ameliyatta, hastan\u0131n \u00fcst \u00e7enesi kafa kaidesinden kemiksel olarak ayr\u0131larak \u00e7enenin \u00fcst taraf\u0131ndan planlanan miktarda kemik kald\u0131r\u0131l\u0131p \u00e7ene tekrar yerine yerle\u015ftirildi. Takibinde hastan\u0131n alt \u00e7enesi kemiksel olarak \u00fc\u00e7e b\u00f6l\u00fcn\u00fcp her iki taraftan planlanan miktarlarda kemik \u00e7\u0131kart\u0131l\u0131p tekrar birle\u015ftirildi. Ameliyat i\u015flemi sonras\u0131nda \u00fcst \u00e7ene al\u0131na do\u011fru g\u00f6m\u00fclm\u00fc\u015f alt \u00e7ene geriye al\u0131nm\u0131\u015f oldu.<\/p>\n<p>Ameliyat \u00f6ncesinde di\u015fsel uyumlamay\u0131 takiben hastan\u0131n \u00e7ene ve y\u00fcz\u00fcne yap\u0131lacak m\u00fcdahalenin planlamas\u0131, yap\u0131lacak de\u011fi\u015fikliklerin hastay\u0131 hem fonksiyonel hem de estetik anlamda nas\u0131l etkileyece\u011finin belirlenmesi i\u00e7in Plastik Cerrahi Anabilim Dal\u0131na y\u00f6nlendirildi. Ortodonti Anabilim Dal\u0131n\u0131n \u00f6nerileri do\u011frultusunda hastan\u0131n y\u00fcz \u00e7ene d\u00fczeltme ameliyat\u0131n\u0131n planlanmas\u0131 yap\u0131larak, ameliyat T\u0131p Fak\u00fcltesi taraf\u0131ndan ger\u00e7ekle\u015ftirildi. Ameliyat sonras\u0131nda hasta bir g\u00fcn yo\u011fun bak\u0131mda g\u00f6zetim alt\u0131nda tutuldu. Titizlikle yap\u0131lan hastan\u0131n tedavisi ve ameliyat sonras\u0131 uyumlamas\u0131 Ortodonti Anabilim Dal\u0131 ekibi taraf\u0131ndan takip ediliyor.<\/p>\n<p>Sa\u011fl\u0131k Kamp\u00fcs\u00fc\u2019n\u00fc ziyaret eden ZBE\u00dc Rekt\u00f6r\u00fc Prof. Dr. Mustafa \u00c7ufal\u0131, Di\u015f Hekimli\u011fi Fak\u00fcltesi\u2019nde hastan\u0131n ameliyat \u00f6ncesi durumu ve ameliyat s\u00fcreci hakk\u0131nda bilgilendirildi. Daha sonra hastanede incelemelerde bulunan Rekt\u00f6r\u00fcm\u00fcz, tedavi g\u00f6ren hasta ve yak\u0131nlar\u0131n\u0131n sorunlar\u0131n\u0131 dinledi ve onlara daha iyi hizmet vermek i\u00e7in \u00e7abalad\u0131klar\u0131n\u0131 belirtti. Plastik Cerrahi\u2019de tedavisi s\u00fcren hastaya da ziyarette bulunan Rekt\u00f6r\u00fcm\u00fcz, hasta ve yak\u0131n\u0131na ge\u00e7mi\u015f olsun dileklerini iletti.<\/p>\n<p>Ziyaretin ard\u0131ndan a\u00e7\u0131klamada bulunan Rekt\u00f6r Prof. Dr. Mustafa \u00c7ufal\u0131, bundan sonraki s\u00fcre\u00e7te bu gibi problemlerin \u00e7\u00f6z\u00fcm\u00fcne y\u00f6nelik hasta kabul\u00fcn\u00fcn d\u0131\u015f merkezlere sevk edilmeksizin birimlerde yap\u0131laca\u011f\u0131n\u0131 belirtti. Rekt\u00f6r \u00c7ufal\u0131, \u0130bn-i Sina Kamp\u00fcs\u00fc\u2019n\u00fcn, b\u00fcy\u00fck gayretler ile \u00e7ok \u00f6nemli ba\u015far\u0131lara imza att\u0131\u011f\u0131n\u0131 vurgulayarak, Di\u015f Hekimli\u011fi Fak\u00fcltesi Ortodonti Anabilim Dal\u0131 ve T\u0131p Fak\u00fcltesi Plastik ve Rekonstr\u00fcktif Cerrahi Anabilim Dal\u0131 i\u015fbirli\u011fi ile ger\u00e7ekle\u015ftirilen ba\u015far\u0131l\u0131 ameliyattan dolay\u0131 eme\u011fi ge\u00e7en herkese te\u015fekk\u00fcr etti.<\/p>\n","protected":false},"excerpt":{"rendered":"<p>ZONGULDAK B\u00dcLENT ECEV\u0130T \u00dcN\u0130VERS\u0130TES\u0130 \u2018Y\u00dcZ \u00c7ENE D\u00dcZELTME AMEL\u0130YATI\u2019 \u0130LE BATI KARADEN\u0130Z B\u00d6LGES\u0130\u2019NDE B\u0130R \u0130LKE \u0130MZA ATTI.<\/p>\n","protected":false},"author":1,"featured_media":189585,"comment_status":"closed","ping_status":"open","sticky":false,"template":"","format":"standard","meta":{"jetpack_post_was_ever_published":false,"_jetpack_newsletter_access":"","_jetpack_dont_email_post_to_subs":false,"_jetpack_newsletter_tier_id":0,"_jetpack_memberships_contains_paywalled_content":false,"_jetpack_memberships_contains_paid_content":false,"footnotes":"","jetpack_publicize_message":"","jetpack_publicize_feature_enabled":true,"jetpack_social_post_already_shared":true,"jetpack_social_options":{"image_generator_settings":{"template":"highway","default_image_id":0,"font":"","enabled":false},"version":2}},"categories":[1],"tags":[4018,125,2028,37,4220],"class_list":["post-189584","post","type-post","status-publish","format-standard","has-post-thumbnail","hentry","category-genel","tag-bati","tag-bir","tag-bolgesinde","tag-ilk","tag-karadeniz"],"jetpack_publicize_connections":[],"jetpack_featured_media_url":"https:\/\/i0.wp.com\/www.tvturk.com\/wp-content\/uploads\/2019\/08\/bati-karadeniz-bolgesinde-bir-ilk_4e3b050.jpg?fit=1000%2C667","jetpack_sharing_enabled":true,"jetpack_shortlink":"https:\/\/wp.me\/paKIfm-NjO","_links":{"self":[{"href":"http:\/\/www.tvturk.com\/index.php\/wp-json\/wp\/v2\/posts\/189584","targetHints":{"allow":["GET"]}}],"collection":[{"href":"http:\/\/www.tvturk.com\/index.php\/wp-json\/wp\/v2\/posts"}],"about":[{"href":"http:\/\/www.tvturk.com\/index.php\/wp-json\/wp\/v2\/types\/post"}],"author":[{"embeddable":true,"href":"http:\/\/www.tvturk.com\/index.php\/wp-json\/wp\/v2\/users\/1"}],"replies":[{"embeddable":true,"href":"http:\/\/www.tvturk.com\/index.php\/wp-json\/wp\/v2\/comments?post=189584"}],"version-history":[{"count":0,"href":"http:\/\/www.tvturk.com\/index.php\/wp-json\/wp\/v2\/posts\/189584\/revisions"}],"wp:featuredmedia":[{"embeddable":true,"href":"http:\/\/www.tvturk.com\/index.php\/wp-json\/wp\/v2\/media\/189585"}],"wp:attachment":[{"href":"http:\/\/www.tvturk.com\/index.php\/wp-json\/wp\/v2\/media?parent=189584"}],"wp:term":[{"taxonomy":"category","embeddable":true,"href":"http:\/\/www.tvturk.com\/index.php\/wp-json\/wp\/v2\/categories?post=189584"},{"taxonomy":"post_tag","embeddable":true,"href":"http:\/\/www.tvturk.com\/index.php\/wp-json\/wp\/v2\/tags?post=189584"}],"curies":[{"name":"wp","href":"https:\/\/api.w.org\/{rel}","templated":true}]}}