{"id":189586,"date":"2019-08-02T18:02:27","date_gmt":"2019-08-02T15:02:27","guid":{"rendered":"http:\/\/www.tvturk.com\/index.php\/eskisehirspor-yonetim-kurulu-devam-dedi\/"},"modified":"2019-08-02T18:02:27","modified_gmt":"2019-08-02T15:02:27","slug":"eskisehirspor-yonetim-kurulu-devam-dedi","status":"publish","type":"post","link":"http:\/\/www.tvturk.com\/index.php\/eskisehirspor-yonetim-kurulu-devam-dedi\/","title":{"rendered":"Eski\u015fehirspor Y\u00f6netim Kurulu \u2019Devam\u2019 dedi"},"content":{"rendered":"<p>Eski\u015fehirspor\u2019da Kul\u00fcp Ba\u015fkan\u0131 Osman Ta\u015f\u2019\u0131n istifas\u0131 sonras\u0131 olu\u015fan belirsizlik hakk\u0131nda Ba\u015fkan Yard\u0131mc\u0131s\u0131 ve Mali Asba\u015fkan Mehmet \u015eim\u015fek \u00f6nemli a\u00e7\u0131klamalarda bulundu.<\/p>\n<p>Spor Toto 1. Lig ekiplerinden Eski\u015fehirspor\u2019da yeni sezon \u00f6ncesi belirsizlikler s\u00fcr\u00fcyor. Maddi sorunlarla bo\u011fu\u015fan 54 y\u0131ll\u0131k \u00e7\u0131narda son olarak Kul\u00fcp Ba\u015fkan\u0131 Osman Ta\u015f d\u00fcn gece istifa etti. Yeni sezonun ba\u015flamas\u0131na g\u00fcnler kala olu\u015fan kriz ortam\u0131 sonras\u0131 Ba\u015fkan Yard\u0131mc\u0131s\u0131 ve Mali Asba\u015fkan Mehmet \u015eim\u015fek d\u00fczenledi\u011fi bas\u0131n toplant\u0131s\u0131 ile a\u00e7\u0131klamalarda bulundu. \u015eim\u015fek, Ba\u015fkan Osman Ta\u015f\u2019\u0131n istifa etmesine ra\u011fmen sezonun ba\u015flamas\u0131na az bir s\u00fcre kalmas\u0131ndan dolay\u0131 Y\u00f6netim Kurulunun 30 g\u00fcn boyunca g\u00f6revine devam edece\u011fini belirtti.<\/p>\n<p>\u201cKendisinin hedefledi\u011fi oranlarda bir kat\u0131l\u0131m sa\u011flanamad\u0131\u201d<\/p>\n<p>Maddi kaynak olu\u015fturmak sebebiyle yap\u0131lan kampanyalara beklenen katk\u0131n\u0131n verilmedi\u011fini ifade eden Mehmet \u015eim\u015fek, \u201c\u00d6ncelikle Osman Ta\u015f ba\u015fkan\u0131m\u0131za te\u015fekk\u00fcr ediyoruz. Bug\u00fcne kadar g\u00f6sterdi\u011fi \u00f6zveri, maddi ve manevi b\u00fct\u00fcn yapt\u0131klar\u0131 i\u00e7in te\u015fekk\u00fcr ediyoruz. Osman Ta\u015f ba\u015fkan birka\u00e7 kampanya d\u00fczenledi. Bunlara kendisinin hedefledi\u011fi oranlarda bir kat\u0131l\u0131m sa\u011flanamad\u0131. Yaln\u0131z b\u0131rak\u0131ld\u0131\u011f\u0131n\u0131 d\u00fc\u015f\u00fcn\u00fcyor. Tabii ki kendisi de bunlar\u0131n daha y\u00fcksek \u00e7\u0131kar\u0131 olaca\u011f\u0131n\u0131 d\u00fc\u015f\u00fcnerek bir tak\u0131m s\u00f6zler verdi. Elinden gelen her \u015feyi de yapt\u0131. Bug\u00fcne kadar yap\u0131lm\u0131\u015f \u015feylerin hepsini a\u00e7\u0131klad\u0131k\u201d ifadelerini kulland\u0131.<\/p>\n<p>\u201cY\u00f6netim kurulu olarak g\u00f6reve devam karar\u0131 ald\u0131k\u201d<\/p>\n<p>Kul\u00fcp Ba\u015fkan\u0131 Osman Ta\u015f\u2019\u0131n istifas\u0131 sonras\u0131 Y\u00f6netim Kurulunun da istifa etmesi gerekti\u011fini, fakat ligin ba\u015flamas\u0131na az bir s\u00fcre kald\u0131\u011f\u0131 i\u00e7in t\u00fcz\u00fck gere\u011fi 30 g\u00fcn daha \u00e7al\u0131\u015fmalar\u0131na devam edeceklerini ifade eden \u015eim\u015fek, \u201cEtik olarak ba\u015fkan istifa etti\u011finde y\u00f6netimin de istifa etmesi gerekiyor. Bizim de as\u0131l niyetimiz istifa etmekti. Fakat Osman ba\u015fkan\u0131n Eski\u015fehirspor\u2019u d\u00fc\u015f\u00fcnerek bize s\u00f6yledi\u011fi y\u00f6netim kurulu g\u00f6revien devam etsin. Futbol m\u00fcsabakalar\u0131n\u0131n ba\u015flama tarihi \u00e7ok yakla\u015ft\u0131. Kul\u00fcb\u00fcn \u00e7al\u0131\u015fan organlar\u0131n\u0131n hala faaliyette oldu\u011funu g\u00f6sterin ve tak\u0131m\u0131 bir an \u00f6nce sahaya \u00e7\u0131kar\u0131n dedi. Bu y\u00fczden de y\u00f6netim kurulu olarak g\u00f6rece devam karar\u0131 ald\u0131k. \u015eu anda alt kurullarda olmak \u00fczere \u00e7al\u0131\u015f\u0131yor. Bir kriz var ve bunu y\u00f6netmeye \u00e7al\u0131\u015f\u0131yorlar\u201d \u015feklinde konu\u015ftu.<\/p>\n<p>\u201cBa\u015fka y\u00f6netim olu\u015fturaca\u011f\u0131n\u0131 d\u00fc\u015f\u00fcnen insanlar varsa bizim kap\u0131m\u0131z a\u00e7\u0131k\u201d<\/p>\n<p>Yeni bir ba\u015fkan aray\u0131\u015flar\u0131nda olmad\u0131klar\u0131n\u0131 ve tek ama\u00e7lar\u0131n\u0131n yeni bir ba\u015fkan \u00e7\u0131kana kadar g\u00f6revi s\u00fcrd\u00fcrmek oldu\u011funu s\u00f6zlerine ekleyen Mali Asba\u015fkan \u015eim\u015fek, \u201cY\u00f6netim Kurulumuzun hi\u00e7bir \u00fcyesi yeni bir ba\u015fkan arama \u00e7abas\u0131nda de\u011fil. Herkes sadece kendi g\u00f6revini yap\u0131yor. T\u00fcz\u00fc\u011f\u00fcn 36. Maddesine g\u00f6re de 30 g\u00fcnl\u00fck bir s\u00fcrecimiz var. \u0130lerleyen g\u00fcnlerde y\u00f6netim kurulumuz \u00e7al\u0131\u015facak. Kul\u00fcb\u00fcn ihtiya\u00e7lar\u0131n\u0131, futbolcular\u0131n ihtiya\u00e7lar\u0131n\u0131 kar\u015f\u0131layacak. Geli\u015fmelere g\u00f6re de bir karar alaca\u011f\u0131z. Karar almadan \u00f6nce maddi ve manevi olarak daha iyi maddi imkanlarla gelece\u011fini d\u00fc\u015f\u00fcnen, ba\u015fka y\u00f6netim olu\u015fturaca\u011f\u0131n\u0131 d\u00fc\u015f\u00fcnen insanlar varsa biz her zaman kap\u0131m\u0131z\u0131n a\u00e7\u0131k oldu\u011funu s\u00f6yledik. Bizimle isti\u015fare ederler. Bizim koltuk sevdam\u0131z yok. Herkes Eski\u015fehirsporlu. Bu s\u00fcreci a\u015fmaya \u00e7al\u0131\u015faca\u011f\u0131z. Zorluklar\u0131 herkes biliyor zaten. Anlatmaya hi\u00e7 gerek yok. Herkes neyin ne oldu\u011funu biliyor. Y\u00f6netimin tek amac\u0131 bu futbol tak\u0131m\u0131n\u0131 sahaya \u00e7\u0131karmak. Bu kul\u00fcb\u00fcn i\u015fleyi\u015fini devam ettirmek\u201d dedi.<\/p>\n<p>\u201cEmre G\u00fcral \u015fehri terk etti\u201d<\/p>\n<p>Futbolcular\u0131n da maddi beklentileri oldu\u011fu i\u00e7in tak\u0131mdan ayr\u0131ld\u0131\u011f\u0131n\u0131 belirten Mehmet \u015eim\u015fek, s\u00fcrekli bir kaynak aray\u0131\u015f\u0131nda olduklar\u0131n\u0131 ifade etti. \u015eim\u015fek, \u201cBiz 1 senedir kaynak ar\u0131yoruz. Sadece bu y\u00f6netimle de\u011fil icra kurulundan bu yana kaynak aray\u0131\u015f\u0131nday\u0131z. Tabii ki 7 milyon liraya ihtiya\u00e7 var. Ke\u015fke 7 de\u011fil 70 milyonumuz olsa. Ama yine s\u00f6yl\u00fcyorum bu yeni bir \u015fey de\u011fil. Bu y\u00f6netim kurulu bug\u00fcnden itibaren hala kaynak aray\u0131\u015f\u0131nda. Hala telefon trafi\u011finde devam ediyor. Bu y\u00f6netim kurulunun tek hedefi tak\u0131m\u0131 sahaya \u00e7\u0131kar\u0131p ba\u015far\u0131l\u0131 olmakt\u0131r. Biz de bunu ba\u015faraca\u011f\u0131z ve tak\u0131m\u0131 sahaya \u00e7\u0131karaca\u011f\u0131z. Emre G\u00fcral \u015fehri terk etti. Beklentileri varm\u0131\u015f. Beklentileri kar\u015f\u0131lanmay\u0131nca \u015fehri terk etti. Konu\u015furuz, rica ederiz. Durumumuzu anlat\u0131r\u0131z. Bundan sonra y\u00f6netimdeki arkada\u015flar\u0131n buradan maddi bir beklentisi yok. Buradan maa\u015f alan bir y\u00f6netici yok. Bir de \u015funu kimse unutmas\u0131n. Eski\u015fehirspor\u2019un bir senedir taraftar, kampanyalar, haricinde b\u00f6yle bir yay\u0131n geliri, TFF gibi geliri yok. Bu y\u0131llard\u0131r b\u00f6yle. Y\u00f6neticilerin kendi ceplerinden harcad\u0131\u011f\u0131 ve taraftar\u0131n, sponsorlar\u0131n kar\u015f\u0131lad\u0131klar\u0131 paralarla bu i\u015fi y\u00fcr\u00fct\u00fcyoruz\u201d diye belirtti.<\/p>\n","protected":false},"excerpt":{"rendered":"<p>ESK\u0130\u015eEH\u0130RSPOR Y\u00d6NET\u0130M KURULU<\/p>\n","protected":false},"author":1,"featured_media":189587,"comment_status":"closed","ping_status":"open","sticky":false,"template":"","format":"standard","meta":{"jetpack_post_was_ever_published":false,"_jetpack_newsletter_access":"","_jetpack_dont_email_post_to_subs":false,"_jetpack_newsletter_tier_id":0,"_jetpack_memberships_contains_paywalled_content":false,"_jetpack_memberships_contains_paid_content":false,"footnotes":"","jetpack_publicize_message":"","jetpack_publicize_feature_enabled":true,"jetpack_social_post_already_shared":true,"jetpack_social_options":{"image_generator_settings":{"template":"highway","default_image_id":0,"font":"","enabled":false},"version":2}},"categories":[657],"tags":[1903,522,7638,247,246],"class_list":["post-189586","post","type-post","status-publish","format-standard","has-post-thumbnail","hentry","category-spor","tag-dedi","tag-devam","tag-eskisehirspor","tag-kurulu","tag-yonetim"],"jetpack_publicize_connections":[],"jetpack_featured_media_url":"https:\/\/i0.wp.com\/www.tvturk.com\/wp-content\/uploads\/2019\/08\/eskisehirspor-yonetim-kurulu-devam-dedi_3f49e52.jpg?fit=1000%2C666","jetpack_sharing_enabled":true,"jetpack_shortlink":"https:\/\/wp.me\/paKIfm-NjQ","_links":{"self":[{"href":"http:\/\/www.tvturk.com\/index.php\/wp-json\/wp\/v2\/posts\/189586","targetHints":{"allow":["GET"]}}],"collection":[{"href":"http:\/\/www.tvturk.com\/index.php\/wp-json\/wp\/v2\/posts"}],"about":[{"href":"http:\/\/www.tvturk.com\/index.php\/wp-json\/wp\/v2\/types\/post"}],"author":[{"embeddable":true,"href":"http:\/\/www.tvturk.com\/index.php\/wp-json\/wp\/v2\/users\/1"}],"replies":[{"embeddable":true,"href":"http:\/\/www.tvturk.com\/index.php\/wp-json\/wp\/v2\/comments?post=189586"}],"version-history":[{"count":0,"href":"http:\/\/www.tvturk.com\/index.php\/wp-json\/wp\/v2\/posts\/189586\/revisions"}],"wp:featuredmedia":[{"embeddable":true,"href":"http:\/\/www.tvturk.com\/index.php\/wp-json\/wp\/v2\/media\/189587"}],"wp:attachment":[{"href":"http:\/\/www.tvturk.com\/index.php\/wp-json\/wp\/v2\/media?parent=189586"}],"wp:term":[{"taxonomy":"category","embeddable":true,"href":"http:\/\/www.tvturk.com\/index.php\/wp-json\/wp\/v2\/categories?post=189586"},{"taxonomy":"post_tag","embeddable":true,"href":"http:\/\/www.tvturk.com\/index.php\/wp-json\/wp\/v2\/tags?post=189586"}],"curies":[{"name":"wp","href":"https:\/\/api.w.org\/{rel}","templated":true}]}}