{"id":189608,"date":"2019-08-02T19:31:52","date_gmt":"2019-08-02T16:31:52","guid":{"rendered":"http:\/\/www.tvturk.com\/index.php\/nijeryada-kacirilan-isci-ailesine-kavustu\/"},"modified":"2019-08-02T19:31:52","modified_gmt":"2019-08-02T16:31:52","slug":"nijeryada-kacirilan-isci-ailesine-kavustu","status":"publish","type":"post","link":"http:\/\/www.tvturk.com\/index.php\/nijeryada-kacirilan-isci-ailesine-kavustu\/","title":{"rendered":"Nijerya\u2019da ka\u00e7\u0131r\u0131lan i\u015f\u00e7i ailesine kavu\u015ftu"},"content":{"rendered":"<p>Nijerya\u2019da ka\u00e7\u0131r\u0131lmas\u0131n\u0131n ard\u0131ndan bir hafta sonra kurtar\u0131lan 4 T\u00fcrk i\u015f\u00e7iden Erg\u00fcn Yurdakul, Adana\u2019daki ailesine kavu\u015ftu. Ya\u015fad\u0131\u011f\u0131 korku dolu g\u00fcnleri anlatan Yurdakul, ailesine ve vatan\u0131na kavu\u015fmas\u0131n\u0131 sa\u011flayan Nijerya ve T\u00fcrkiye h\u00fck\u00fcmetlerine te\u015fekk\u00fcr etti.<\/p>\n<p>Yakla\u015f\u0131k 4 y\u0131ld\u0131r Nijerya\u2019n\u0131n Kwara kentinde i\u015f\u00e7i olarak \u00e7al\u0131\u015fan Erg\u00fcn Yurdakul, beraberindeki 3 T\u00fcrk i\u015f\u00e7i arkada\u015f\u0131yla birlikte al\u0131\u015fveri\u015f yapmak i\u00e7in \u015fehirden ayr\u0131ld\u0131. Bu s\u0131rada pe\u015flerinde motosikletli iki ki\u015fi T\u00fcrk i\u015f\u00e7ileri takip etmeye ba\u015flad\u0131. Durumu fark eden i\u015f\u00e7iler, kendilerini takip eden \u015fah\u0131slardan kurtulabilmek i\u00e7in \u015fehir merkezindeki kalabal\u0131k bir kafeye girdi. Buraya da giren sald\u0131rganlar yanlar\u0131ndaki uzun namlulu t\u00fcfeklerle havaya ate\u015f a\u00e7arak i\u015f\u00e7ileri rehin ald\u0131.<\/p>\n<p>Fidye i\u00e7in ka\u00e7\u0131r\u0131ld\u0131klar\u0131 \u00f6\u011frenilen i\u015f\u00e7ilerin kurtar\u0131lmas\u0131 i\u00e7in Nijerya h\u00fck\u00fcmeti devreye girdi. Silahl\u0131 ki\u015filerin kimliklerini belirleyen Nijerya polisi, bu ki\u015filerin ailelerini g\u00f6zalt\u0131na al\u0131nd\u0131. Bunun \u00fczerine silahl\u0131 ki\u015filer 26 Temmuz Cuma g\u00fcn\u00fc T\u00fcrk i\u015f\u00e7ileri fidye almadan b\u0131rakmak zorunda kald\u0131.<\/p>\n<p>Ka\u00e7\u0131r\u0131lmalar\u0131n\u0131n \u00fczerinden bir hafta ge\u00e7tikte sonra serbest b\u0131rak\u0131lan 4 T\u00fcrk i\u015f\u00e7iden Erg\u00fcn Yurdakul ve Seyit Emre \u00c7elik, ge\u00e7ti\u011fimiz g\u00fcn ba\u015fkent Abuja\u2019dan hava yoluyla T\u00fcrkiye\u2019ye d\u00f6nd\u00fc. Sabah saat 08.40 s\u0131ralar\u0131nda \u0130stanbul Havaliman\u0131\u2019na inen i\u015f\u00e7iler, vatanlar\u0131na d\u00f6nmenin ve ailelerine kavu\u015fman\u0131n mutlulu\u011funu ya\u015fad\u0131. Kurtulan i\u015f\u00e7ilerden Erg\u00fcn Yurdakul ise gece saatlerinde memleketi Adana\u2019ya d\u00f6nd\u00fc.<\/p>\n<p>Nijerya\u2019da ya\u015fad\u0131klar\u0131 korku dolu bir haftay\u0131 anlatan Erg\u00fcn Yurdakul, \u201cBizi yol boyunca takip eden iki ki\u015fi, oturdu\u011fumuz kafeye gelerek havaya ate\u015f a\u00e7t\u0131. Hedeflerinin biz oldu\u011funu orada anlam\u0131\u015f olduk. Sonras\u0131nda \u015fehrin arkas\u0131nda bulunan ormanl\u0131k bir alana g\u00f6t\u00fcr\u00fcld\u00fck. Yakla\u015f\u0131k 2 saat boyunca ba\u015f\u0131m\u0131za silah dayal\u0131 vaziyette y\u00fcr\u00fcd\u00fck. \u00c7ok az ekmek ve biraz su veriyorlard\u0131 bize. Bazen a\u00e7 kal\u0131yorduk, bazen de dere yataklar\u0131ndan su i\u00e7iyorduk. Herhangi bir darp veya i\u015fkence durumu olmad\u0131. Sadece fidye ama\u00e7l\u0131 ka\u00e7\u0131r\u0131ld\u0131\u011f\u0131m\u0131z\u0131 s\u00f6ylediler. Sonras\u0131nda onlar\u0131n aileleri de g\u00f6zalt\u0131na al\u0131n\u0131nca bizi b\u0131rakmaz zorunda kald\u0131lar\u201d diye konu\u015ftu.<\/p>\n<p>Nijerya ve T\u00fcrkiye h\u00fck\u00fcmetlerine te\u015fekk\u00fcr etti\u011fini belirten Yurdakul, ailesine ve vatan\u0131na kavu\u015ftu\u011fu i\u00e7in mutlu oldu\u011funu ifade etti.<\/p>\n","protected":false},"excerpt":{"rendered":"<p>N\u0130JERYA\u2019DA KA\u00c7IRILMASININ ARDINDAN B\u0130R HAFTA SONRA KURTARILAN 4 T\u00dcRK \u0130\u015e\u00c7\u0130DEN ERG\u00dcN YURDAKUL, ADANA\u2019DAK\u0130 A\u0130LES\u0130NE KAVU\u015eTU. YA\u015eADI\u011eI KORKU DOLU G\u00dcNLER\u0130 ANLATAN YURDAKUL, A\u0130LES\u0130NE VE VATANINA KAVU\u015eMASINI SA\u011eLAYAN N\u0130JERYA VE T\u00dcRK\u0130YE H\u00dcK\u00dcMETLER\u0130NE TE\u015eEKK\u00dcR ETT\u0130.<\/p>\n","protected":false},"author":1,"featured_media":189609,"comment_status":"closed","ping_status":"open","sticky":false,"template":"","format":"standard","meta":{"jetpack_post_was_ever_published":false,"_jetpack_newsletter_access":"","_jetpack_dont_email_post_to_subs":false,"_jetpack_newsletter_tier_id":0,"_jetpack_memberships_contains_paywalled_content":false,"_jetpack_memberships_contains_paid_content":false,"footnotes":"","jetpack_publicize_message":"","jetpack_publicize_feature_enabled":true,"jetpack_social_post_already_shared":true,"jetpack_social_options":{"image_generator_settings":{"template":"highway","default_image_id":0,"font":"","enabled":false},"version":2}},"categories":[1],"tags":[1213,1030,16955,1825,24143],"class_list":["post-189608","post","type-post","status-publish","format-standard","has-post-thumbnail","hentry","category-genel","tag-ailesine","tag-isci","tag-kacirilan","tag-kavustu","tag-nijeryada"],"jetpack_publicize_connections":[],"jetpack_featured_media_url":"https:\/\/i0.wp.com\/www.tvturk.com\/wp-content\/uploads\/2019\/08\/nijeryada-kacirilan-isci-ailesine-kavustu_2172834.jpg?fit=1000%2C662","jetpack_sharing_enabled":true,"jetpack_shortlink":"https:\/\/wp.me\/paKIfm-Nkc","_links":{"self":[{"href":"http:\/\/www.tvturk.com\/index.php\/wp-json\/wp\/v2\/posts\/189608","targetHints":{"allow":["GET"]}}],"collection":[{"href":"http:\/\/www.tvturk.com\/index.php\/wp-json\/wp\/v2\/posts"}],"about":[{"href":"http:\/\/www.tvturk.com\/index.php\/wp-json\/wp\/v2\/types\/post"}],"author":[{"embeddable":true,"href":"http:\/\/www.tvturk.com\/index.php\/wp-json\/wp\/v2\/users\/1"}],"replies":[{"embeddable":true,"href":"http:\/\/www.tvturk.com\/index.php\/wp-json\/wp\/v2\/comments?post=189608"}],"version-history":[{"count":0,"href":"http:\/\/www.tvturk.com\/index.php\/wp-json\/wp\/v2\/posts\/189608\/revisions"}],"wp:featuredmedia":[{"embeddable":true,"href":"http:\/\/www.tvturk.com\/index.php\/wp-json\/wp\/v2\/media\/189609"}],"wp:attachment":[{"href":"http:\/\/www.tvturk.com\/index.php\/wp-json\/wp\/v2\/media?parent=189608"}],"wp:term":[{"taxonomy":"category","embeddable":true,"href":"http:\/\/www.tvturk.com\/index.php\/wp-json\/wp\/v2\/categories?post=189608"},{"taxonomy":"post_tag","embeddable":true,"href":"http:\/\/www.tvturk.com\/index.php\/wp-json\/wp\/v2\/tags?post=189608"}],"curies":[{"name":"wp","href":"https:\/\/api.w.org\/{rel}","templated":true}]}}