{"id":189638,"date":"2019-08-03T02:01:20","date_gmt":"2019-08-02T23:01:20","guid":{"rendered":"http:\/\/www.tvturk.com\/index.php\/musa-eroglu-buyukcekmecede-turkuleriyle-kulaklarin-pasini-sildi\/"},"modified":"2019-08-03T02:01:20","modified_gmt":"2019-08-02T23:01:20","slug":"musa-eroglu-buyukcekmecede-turkuleriyle-kulaklarin-pasini-sildi","status":"publish","type":"post","link":"http:\/\/www.tvturk.com\/index.php\/musa-eroglu-buyukcekmecede-turkuleriyle-kulaklarin-pasini-sildi\/","title":{"rendered":"Musa Ero\u011flu B\u00fcy\u00fck\u00e7ekmece\u2019de t\u00fcrk\u00fcleriyle kulaklar\u0131n pas\u0131n\u0131 sildi"},"content":{"rendered":"<p>\u00dcnl\u00fc Halk Ozan\u0131 Musa Ero\u011flu, 20\u2019inci Uluslararas\u0131 B\u00fcy\u00fck\u00e7ekmece K\u00fclt\u00fcr ve Sanat Festivali\u2019nde t\u00fcrk\u00fcleriyle B\u00fcy\u00fck\u00e7ekmecelilerin kulaklar\u0131n\u0131n pas\u0131n\u0131 sildi.<\/p>\n<p>B\u00fcy\u00fck\u00e7ekmece Belediyesi taraf\u0131ndan bu y\u0131l 20\u2019incisi d\u00fczenlenen Uluslararas\u0131 B\u00fcy\u00fck\u00e7ekmece K\u00fclt\u00fcr ve Sanat Festivali renkli etkinlikleriyle sanat\u0131n ve k\u00fclt\u00fcr\u00fcn merkezi oldu. Her ak\u015fam verilen konserlerle festivale kat\u0131lanlara m\u00fczik \u015f\u00f6leni ya\u015fatan festivalde \u00fcnl\u00fc halk ozan\u0131 Musa Ero\u011flu sahne ald\u0131. Ero\u011flu birbirinden g\u00fczel t\u00fcrk\u00fcleri e\u015fsiz yorumuyla seslendirerek B\u00fcy\u00fck\u00e7ekmecelilerin kulaklar\u0131n\u0131n pas\u0131n\u0131 sildi. Musa Ero\u011flu\u2019yu dinlemek isteyen sanatseverler Kemal Sunal Amfi Tiyatroyu tamamen doldurdu.<\/p>\n<p>\u0130zleyiciler dinledikleri t\u00fcrk\u00fclerle m\u00fczi\u011fe doyarken, konseri B\u00fcy\u00fck\u00e7ekmece Belediye Ba\u015fkan\u0131 Dr. Hasan Akg\u00fcn de amfi tiyatroda dinledi. Ero\u011flu\u2019nun b\u00fcy\u00fck bir \u00fcstat oldu\u011funu s\u00f6yleyen Ba\u015fkan Akg\u00fcn, konseri dinlemeye gelen kat\u0131l\u0131mc\u0131lara te\u015fekk\u00fcr etti. Ba\u015fkan Akg\u00fcn konser aras\u0131nda sahneye gelerek Musa Ero\u011flu\u2019na \u00e7i\u00e7ek ve hediye takdim etti.<\/p>\n<p>\u201cTarihin, k\u00fclt\u00fcr\u00fcn, sanat\u0131n, dostlu\u011fun, karde\u015fli\u011fin, bar\u0131\u015f\u0131n kalbinin att\u0131\u011f\u0131 yer B\u00fcy\u00fck\u00e7ekmece\u201d<\/p>\n<p>Musa Ero\u011flu\u2019nun sadece halk ozan\u0131 olmad\u0131\u011f\u0131n\u0131 bir entelekt\u00fcel, felsefeci ve d\u00fc\u015f\u00fcn\u00fcr oldu\u011funu dile getiren B\u00fcy\u00fck\u00e7ekmece Belediye Ba\u015fkan\u0131 Dr. Hasan Akg\u00fcn, \u201c Bir Karacao\u011flan sevdal\u0131s\u0131. Bizde onun sevdal\u0131s\u0131y\u0131z. Musa Ero\u011flu entelekt\u00fcel, felsefeci, d\u00fc\u015f\u00fcn\u00fcr. E\u011fer bir g\u00fcn konu\u015fma ihtimaliniz olursa 25 saat dinleseniz ne a\u00e7l\u0131k akl\u0131n\u0131za gelir, ne b\u0131kars\u0131n\u0131z, ne de usan\u0131rs\u0131n\u0131z. Hayat\u0131n kendisini \u00f6\u011frenirsiniz. 20\u2019inci Uluslararas\u0131 K\u00fclt\u00fcr ve Sanat Festivali\u2019ne muhte\u015fem kat\u0131l\u0131m\u0131n\u0131z bizi mutlu etmi\u015ftir. Allah uzun \u00f6m\u00fcrler nasip etsin. Amfinin d\u0131\u015f\u0131nda bizi izleyen en az 15 bin insan var. Buras\u0131 B\u00fcy\u00fck\u00e7ekmece. Tarihin, k\u00fclt\u00fcr\u00fcn, sanat\u0131n, dostlu\u011fun, karde\u015fli\u011fin, bar\u0131\u015f\u0131n kalbinin att\u0131\u011f\u0131 yer B\u00fcy\u00fck\u00e7ekmece. D\u00fcnya gen\u00e7li\u011finin bulu\u015ftu\u011fu yer B\u00fcy\u00fck\u00e7ekmece Mimar Sinan K\u00f6pr\u00fcs\u00fc. El ele tutu\u015fup \u2018sevgi birbirimize bar\u0131\u015f hepimize\u2019 dedikleri yer B\u00fcy\u00fck\u00e7ekmece\u2019nin merkezi Mimar Sinan K\u00f6pr\u00fcs\u00fc. \u00c7ok te\u015fekk\u00fcr ediyorum \u201c  ifadelerinde bulundu.<\/p>\n","protected":false},"excerpt":{"rendered":"<p>MUSA ERO\u011eLU B\u00dcY\u00dcK\u00c7EKMECE\u2019DE T\u00dcRK\u00dcLER\u0130YLE KULAKLARIN PASINI S\u0130LD\u0130<\/p>\n","protected":false},"author":1,"featured_media":189639,"comment_status":"closed","ping_status":"open","sticky":false,"template":"","format":"standard","meta":{"jetpack_post_was_ever_published":false,"_jetpack_newsletter_access":"","_jetpack_dont_email_post_to_subs":false,"_jetpack_newsletter_tier_id":0,"_jetpack_memberships_contains_paywalled_content":false,"_jetpack_memberships_contains_paid_content":false,"footnotes":"","jetpack_publicize_message":"","jetpack_publicize_feature_enabled":true,"jetpack_social_post_already_shared":true,"jetpack_social_options":{"image_generator_settings":{"template":"highway","default_image_id":0,"font":"","enabled":false},"version":2}},"categories":[1],"tags":[5881,4403,11662,16079,11663,11664,26614],"class_list":["post-189638","post","type-post","status-publish","format-standard","has-post-thumbnail","hentry","category-genel","tag-buyukcekmecede","tag-eroglu","tag-kulaklarin","tag-musa","tag-pasini","tag-sildi","tag-turkuleriyle"],"jetpack_publicize_connections":[],"jetpack_featured_media_url":"https:\/\/i0.wp.com\/www.tvturk.com\/wp-content\/uploads\/2019\/08\/musa-eroglu-buyukcekmecede-turkuleriyle-kulaklarin-pasini-sildi_7163c83.jpg?fit=1000%2C666","jetpack_sharing_enabled":true,"jetpack_shortlink":"https:\/\/wp.me\/paKIfm-NkG","_links":{"self":[{"href":"http:\/\/www.tvturk.com\/index.php\/wp-json\/wp\/v2\/posts\/189638","targetHints":{"allow":["GET"]}}],"collection":[{"href":"http:\/\/www.tvturk.com\/index.php\/wp-json\/wp\/v2\/posts"}],"about":[{"href":"http:\/\/www.tvturk.com\/index.php\/wp-json\/wp\/v2\/types\/post"}],"author":[{"embeddable":true,"href":"http:\/\/www.tvturk.com\/index.php\/wp-json\/wp\/v2\/users\/1"}],"replies":[{"embeddable":true,"href":"http:\/\/www.tvturk.com\/index.php\/wp-json\/wp\/v2\/comments?post=189638"}],"version-history":[{"count":0,"href":"http:\/\/www.tvturk.com\/index.php\/wp-json\/wp\/v2\/posts\/189638\/revisions"}],"wp:featuredmedia":[{"embeddable":true,"href":"http:\/\/www.tvturk.com\/index.php\/wp-json\/wp\/v2\/media\/189639"}],"wp:attachment":[{"href":"http:\/\/www.tvturk.com\/index.php\/wp-json\/wp\/v2\/media?parent=189638"}],"wp:term":[{"taxonomy":"category","embeddable":true,"href":"http:\/\/www.tvturk.com\/index.php\/wp-json\/wp\/v2\/categories?post=189638"},{"taxonomy":"post_tag","embeddable":true,"href":"http:\/\/www.tvturk.com\/index.php\/wp-json\/wp\/v2\/tags?post=189638"}],"curies":[{"name":"wp","href":"https:\/\/api.w.org\/{rel}","templated":true}]}}