{"id":189691,"date":"2019-08-03T10:17:25","date_gmt":"2019-08-03T07:17:25","guid":{"rendered":"http:\/\/www.tvturk.com\/index.php\/5-bin-yillik-bebek-mezari-ziyaretcilerin-ilgi-odagi\/"},"modified":"2019-08-03T10:17:25","modified_gmt":"2019-08-03T07:17:25","slug":"5-bin-yillik-bebek-mezari-ziyaretcilerin-ilgi-odagi","status":"publish","type":"post","link":"http:\/\/www.tvturk.com\/index.php\/5-bin-yillik-bebek-mezari-ziyaretcilerin-ilgi-odagi\/","title":{"rendered":"5 bin y\u0131ll\u0131k bebek mezar\u0131 ziyaret\u00e7ilerin ilgi oda\u011f\u0131"},"content":{"rendered":"<p>Amasya Arkeoloji M\u00fczesinde sergilenen 5 bin y\u0131ll\u0131k \u00e7\u00f6mlek mezarlar m\u00fczeye gelen ziyaret\u00e7ilerin ilgi oda\u011f\u0131 oluyor. Amasya\u2019ya turlarla ve bireysel olarak gelen yerli ve yabanc\u0131 turistler, 5 bin y\u0131ll\u0131k bebek mezar\u0131n\u0131 g\u00f6rmeden m\u00fczeden ayr\u0131lm\u0131yor.<\/p>\n<p>2007 y\u0131l\u0131nda Amasya\u2019da yap\u0131lan kaz\u0131lar sonucu bulunan ve Amasya Arkeoloji M\u00fczesinde sergilenen 2 yeti\u015fkin, 2 \u00e7ocu\u011fun bulundu\u011fu 5 bin y\u0131ll\u0131k \u00e7\u00f6mlek mezarlar\u0131, m\u00fczede bulunan 23 bin tarihi eser aras\u0131nda en \u00e7ok ilgiyi g\u00f6r\u00fcyor. Mezarlar\u0131 g\u00f6rmek i\u00e7in \u0130stanbul\u2019dan gelen Hanife Do\u011fan, \u201c\u0130lk defa g\u00f6rd\u00fck, baya etkilendik. Bu zamana kadar bu \u015fekilde korunmas\u0131 cidden \u00e7ok g\u00fczel. Yani etkilendik, \u00e7ok etkilendik duyguland\u0131k. \u0130yi ki de gelmi\u015fiz, g\u00f6rm\u00fc\u015f\u00fcz\u201d dedi.<\/p>\n<p>Amasya Arkeoloji M\u00fcze M\u00fcd\u00fcr\u00fc Celal \u00d6zdemir, \u201c2007 y\u0131llar\u0131nda Amasya M\u00fcze M\u00fcd\u00fcrl\u00fc\u011f\u00fc Amasya-Mecit\u00f6z\u00fc karayolunun yakla\u015f\u0131k 25. kilometresinde Do\u011fantepe beldemiz vard\u0131. \u015eu anda g\u00fcn\u00fcm\u00fczde Do\u011fantepe k\u00f6y\u00fc diye ge\u00e7iyor. Bu k\u00f6y\u00fcn bir h\u00f6y\u00fck \u00fczerinde yerle\u015fti\u011fini biliyorduk. 2007 y\u0131l\u0131nda M\u00fcze M\u00fcd\u00fcrl\u00fc\u011f\u00fc ba\u015fkanl\u0131\u011f\u0131nda, benim ba\u015fkanl\u0131\u011f\u0131mda kaz\u0131lar ger\u00e7ekle\u015ftirdik. Biz bu kaz\u0131larda Do\u011fantepe\u2019nin \u00f6neminin \u00e7ok daha b\u00fcy\u00fck oldu\u011funu g\u00f6rd\u00fck. Bunun da gerek\u00e7esi Kalkolitik d\u00f6nemden hatta Gen\u00e7 Neolitik d\u00f6nemden Osmanl\u0131\u2019ya kadar, Cumhuriyet\u2019e kadar hi\u00e7 kesintisiz bir iskan oldu\u011funu g\u00f6rd\u00fck. Bu kaz\u0131da a\u00e7t\u0131\u011f\u0131m\u0131z bir a\u00e7mada en son Kalkolitik d\u00f6neme gelmi\u015ftik. Kalkolitik d\u00f6nemde o g\u00fcnk\u00fc insanlar\u0131n konutlar\u0131n\u0131 yani evlerinin tabanlar\u0131n\u0131n alt\u0131na burada g\u00f6rm\u00fc\u015f oldu\u011fumuz \u00e7\u00f6mleklerin i\u00e7ine defin i\u015flemi yani pitos mezar dedi\u011fimiz g\u00f6m\u00fc sistemini uygulad\u0131klar\u0131n\u0131 g\u00f6rd\u00fck. Bizim i\u00e7in ilgin\u00e7 olan bir aile mezar\u0131yd\u0131, muhtemelen o konutta g\u00fcn\u00fcm\u00fczden 5-6 bin y\u0131l \u00f6nce ya\u015fayan insanlar\u0131n oturdu\u011fu binan\u0131n alt\u0131ndaki aile mezarl\u0131\u011f\u0131yd\u0131. Bir tanesi ebeveyn, anneleriydi. Di\u011ferleri de yeti\u015fkin erkek bireyler vard\u0131 ve bunlar\u0131n ortas\u0131nda bir tane k\u00fc\u00e7\u00fck \u00e7\u00f6mlek mezara denk geldik. Bunun 2,5-3 ya\u015flar\u0131nda bir bebe\u011fe ait oldu\u011funu ve en ilgin\u00e7 olan\u0131 da yine hoker tarz\u0131 dedi\u011fimiz yani cenin pozisyonu dedi\u011fimiz bebeklerin ana rahmindeki durdu\u011fu yani dizler ve kar\u0131na \u00e7ekik dedi\u011fimiz \u015fekilde defnedilmi\u015f bir bebek mezar\u0131na denk geldik. Temizledi\u011fimizde bu bebe\u011fin kemikten yap\u0131lm\u0131\u015f kolye ve boyun kolyesi be bilekli\u011finin oldu\u011funu g\u00f6rd\u00fck. Bizim Amasya M\u00fczesinin arkeoloksiyonunda 5 bin y\u0131ll\u0131k bebe\u011fimiz ve kulland\u0131\u011f\u0131 yan\u0131nda objeleriyle birlikte o g\u00fcnk\u00fc kulland\u0131\u011f\u0131 pi\u015fmi\u015f topraktan yap\u0131lm\u0131\u015f muhtemelen s\u00fct veya su i\u00e7ti\u011fi kap\u0131yla birlikte buldu\u011fumuz \u015fekilde te\u015fhir ediyoruz. Biz Amasya\u2019ya gelen misafirlerimizi Amasya Arkeoloji M\u00fczesinde 5 bin y\u0131ll\u0131k bebe\u011fin birebir canl\u0131 bir \u015fekilde g\u00f6rmelerini tavsiye ediyoruz ve bekliyoruz\u201d diye konu\u015ftu.<\/p>\n<p>Amasya Arkeoloji M\u00fczesini 2019\u2019un ilk 6 ay\u0131nda 55 bin ki\u015fi ziyaret etti.<\/p>\n","protected":false},"excerpt":{"rendered":"<p>AMASYA ARKEOLOJ\u0130 M\u00dcZES\u0130NDE SERG\u0130LENEN 5 B\u0130N YILLIK \u00c7\u00d6MLEK MEZARLAR M\u00dcZEYE GELEN Z\u0130YARET\u00c7\u0130LER\u0130N \u0130LG\u0130 ODA\u011eI OLUYOR. AMASYA\u2019YA TURLARLA VE B\u0130REYSEL OLARAK GELEN YERL\u0130 VE YABANCI TUR\u0130STLER 5 B\u0130N YILLIK BEBEK MEZARINI G\u00d6RMEDEN M\u00dcZEDEN AYRILMIYOR.<\/p>\n","protected":false},"author":1,"featured_media":189692,"comment_status":"closed","ping_status":"open","sticky":false,"template":"","format":"standard","meta":{"jetpack_post_was_ever_published":false,"_jetpack_newsletter_access":"","_jetpack_dont_email_post_to_subs":false,"_jetpack_newsletter_tier_id":0,"_jetpack_memberships_contains_paywalled_content":false,"_jetpack_memberships_contains_paid_content":false,"footnotes":"","jetpack_publicize_message":"","jetpack_publicize_feature_enabled":true,"jetpack_social_post_already_shared":true,"jetpack_social_options":{"image_generator_settings":{"template":"highway","default_image_id":0,"font":"","enabled":false},"version":2}},"categories":[656],"tags":[2123,213,1726,239,9382,710,43417],"class_list":["post-189691","post","type-post","status-publish","format-standard","has-post-thumbnail","hentry","category-kultur-sanat","tag-bebek","tag-bin","tag-ilgi","tag-mezari","tag-odagi","tag-yillik","tag-ziyaretcilerin"],"jetpack_publicize_connections":[],"jetpack_featured_media_url":"https:\/\/i0.wp.com\/www.tvturk.com\/wp-content\/uploads\/2019\/08\/5-bin-yillik-bebek-mezari-ziyaretcilerin-ilgi-odagi_400ed62.jpg?fit=1000%2C666","jetpack_sharing_enabled":true,"jetpack_shortlink":"https:\/\/wp.me\/paKIfm-Nlx","_links":{"self":[{"href":"http:\/\/www.tvturk.com\/index.php\/wp-json\/wp\/v2\/posts\/189691","targetHints":{"allow":["GET"]}}],"collection":[{"href":"http:\/\/www.tvturk.com\/index.php\/wp-json\/wp\/v2\/posts"}],"about":[{"href":"http:\/\/www.tvturk.com\/index.php\/wp-json\/wp\/v2\/types\/post"}],"author":[{"embeddable":true,"href":"http:\/\/www.tvturk.com\/index.php\/wp-json\/wp\/v2\/users\/1"}],"replies":[{"embeddable":true,"href":"http:\/\/www.tvturk.com\/index.php\/wp-json\/wp\/v2\/comments?post=189691"}],"version-history":[{"count":0,"href":"http:\/\/www.tvturk.com\/index.php\/wp-json\/wp\/v2\/posts\/189691\/revisions"}],"wp:featuredmedia":[{"embeddable":true,"href":"http:\/\/www.tvturk.com\/index.php\/wp-json\/wp\/v2\/media\/189692"}],"wp:attachment":[{"href":"http:\/\/www.tvturk.com\/index.php\/wp-json\/wp\/v2\/media?parent=189691"}],"wp:term":[{"taxonomy":"category","embeddable":true,"href":"http:\/\/www.tvturk.com\/index.php\/wp-json\/wp\/v2\/categories?post=189691"},{"taxonomy":"post_tag","embeddable":true,"href":"http:\/\/www.tvturk.com\/index.php\/wp-json\/wp\/v2\/tags?post=189691"}],"curies":[{"name":"wp","href":"https:\/\/api.w.org\/{rel}","templated":true}]}}