{"id":189705,"date":"2019-08-03T10:46:38","date_gmt":"2019-08-03T07:46:38","guid":{"rendered":"http:\/\/www.tvturk.com\/index.php\/hobi-olarak-basladigi-iste-atolyesini-kurdu\/"},"modified":"2019-08-03T10:46:38","modified_gmt":"2019-08-03T07:46:38","slug":"hobi-olarak-basladigi-iste-atolyesini-kurdu","status":"publish","type":"post","link":"http:\/\/www.tvturk.com\/index.php\/hobi-olarak-basladigi-iste-atolyesini-kurdu\/","title":{"rendered":"Hobi olarak ba\u015flad\u0131\u011f\u0131 i\u015fte at\u00f6lyesini kurdu"},"content":{"rendered":"<p>Ordu\u2019nun Fatsa il\u00e7esinde ya\u015fayan Y\u0131lmaz Demir isimli vatanda\u015f hobi olarak ba\u015flad\u0131\u011f\u0131 ah\u015fap oyma i\u015finde kendini daha da fazla geli\u015ftirerek bir at\u00f6lye kurdu ve \u015fimdi her t\u00fcrl\u00fc akl\u0131na gelen \u00e7al\u0131\u015fmay\u0131 ah\u015faba kaz\u0131yor.<\/p>\n<p>Bir \u00e7ak\u0131 b\u0131\u00e7a\u011f\u0131n\u0131n hik\u00e2yesiyle ah\u015fap oymaya ba\u015flad\u0131\u011f\u0131n\u0131 s\u00f6yleyen Y\u0131lmaz Demir, \u201c\u00c7ak\u0131 b\u0131\u00e7a\u011f\u0131 ile oymaya ba\u015flad\u0131m. \u0130lk yapt\u0131\u011f\u0131m eserimi b\u00fcy\u00fcklerimden kalan \u00e7ak\u0131 ile yapt\u0131m ve at\u00f6lyemin en ba\u015f\u0131na yerle\u015ftirdim. Daha sonra ho\u015fuma gitti de\u011fi\u015fik \u015fekilde b\u0131\u00e7aklar ald\u0131m yetmedi ba\u015fka aletler ald\u0131m. Yakla\u015f\u0131k 5 senedir bu i\u015fi yap\u0131yorum 5 sene i\u00e7inde yakla\u015f\u0131k 200\u2019e yak\u0131n esere imza att\u0131m. Eserlerimin \u00e7o\u011funda kendi fig\u00fcrlerimi yaratmaya \u00e7al\u0131\u015ft\u0131m hep. Tasar\u0131mlar\u0131n hepsi bana aittir. Halk\u0131n gelenek g\u00f6reneklerini yans\u0131tmaya \u00e7al\u0131\u015ft\u0131\u011f\u0131m eserlerim var. Bu ah\u015fap oyman\u0131n yan\u0131 s\u0131ra hobi olarak kitap koleksiyonculuk antikac\u0131l\u0131k bunlara da y\u00f6neldim. Zamanla yetmedi bana kendime bir at\u00f6lye a\u00e7ay\u0131m diye d\u00fc\u015f\u00fcnd\u00fcm. Evimin alt\u0131nda buluna bir yeri at\u00f6lye ye \u00e7evirdim kendi imkanlar\u0131mca. B\u00fct\u00fcn burada g\u00f6rd\u00fc\u011f\u00fcn\u00fcz her \u015fey el eme\u011fidir. At\u00f6lyemin fayans\u0131ndan duvar\u0131n s\u0131vas\u0131na kadar tamam\u0131n\u0131 ben kendim yapt\u0131m. Ayr\u0131ca at\u00f6lyemde eski kitaplar\u0131m yer al\u0131rken say\u0131s\u0131 400\u2019e yak\u0131n. \u0130nsanlar gelsin okusun, \u00e7ocuklara bir \u015feyler b\u0131rakay\u0131m, meraklans\u0131nlar onlar da b\u00f6yle bir \u015feylerle ilgilensinler istiyorum. Tablet cep telefonu ve bilgisayar ba\u011f\u0131ml\u0131l\u0131\u011f\u0131ndan kurtulmalar\u0131 ad\u0131na b\u00f6yle bir \u015feye imza atmaya \u00e7al\u0131\u015ft\u0131k ama ne kadar ba\u015far\u0131l\u0131 olabiliriz bu konuda bilemiyorum. Kendi \u00e7ocuklar\u0131m\u0131 da o yolda e\u011fitmeye \u00e7al\u0131\u015f\u0131yorum tabletten bilgisayar ba\u011f\u0131ml\u0131l\u0131\u011f\u0131ndan uzak olsun diye. Eskilerin bu zamanlarda ad\u0131 var ama tad\u0131 yok. Hep teknolojilik aletler hem g\u00f6rseli g\u00fczel eserler \u015fimdi nesilin dikkatini \u00e7ekiyor. Hedefim ba\u015farabildi\u011fim kadar farkl\u0131 eserlere imza atmak\u201d dedi.<\/p>\n<p>Sevdayla yap\u0131lan her \u015fey g\u00fczel<\/p>\n<p>Y\u0131lmaz, \u201cAh\u015fap oyma mesle\u011fi asl\u0131nda zor bir meslek de\u011fil. Bu i\u015f biraz g\u00f6n\u00fcl i\u015fi sevda i\u015fi oldu\u011fu i\u00e7in sevdayla yap\u0131lan her \u015fey g\u00fczeldir ve emek verilen her \u015fey g\u00fczeldir zaten. Biraz sab\u0131r gerektiriyor. \u0130nsan kendi fig\u00fcrlerini oymaya ba\u015flad\u0131\u011f\u0131 zaman tabii ki ho\u015funa gidiyor. Benim maddi bir beklentim olmad\u0131 bu zamana kadar ama bir zaman sonra insan yetmedi\u011fi i\u00e7in mecburen para kazanmas\u0131 gerekiyor\u201d \u015feklinde konu\u015ftu.<\/p>\n<p>Y\u0131lmaz, ah\u015fap oymadan ba\u015fta Cumhurba\u015fkan\u0131 Recep Tayyip Erdo\u011fan olmak \u00fczere ilin milletvekilleri, \u015fehitlerimiz ve belediye ba\u015fkanlar\u0131m\u0131z olmak \u00fczere ah\u015fap oyma sanat\u0131 ile onlar\u0131 tek tek ellerimle ah\u015faba kazd\u0131m. Devlet b\u00fcy\u00fcklerimize bu eserlerimi ula\u015ft\u0131rmak istiyorum fakat maalesef ula\u015fam\u0131yorum\u201d diye konu\u015ftu.<\/p>\n","protected":false},"excerpt":{"rendered":"<p>ORDU\u2019NUN FATSA \u0130L\u00c7ES\u0130NDE YA\u015eAYAN YILMAZ DEM\u0130R \u0130S\u0130ML\u0130 VATANDA\u015e HOB\u0130 OLARAK BA\u015eLADI\u011eI AH\u015eAP OYMA \u0130\u015e\u0130NDE KEND\u0130N\u0130 DAHA DA FAZLA GEL\u0130\u015eT\u0130REREK B\u0130R AT\u00d6LYE KURDU VE \u015e\u0130MD\u0130 HER T\u00dcRL\u00dc AKLINA GELEN \u00c7ALI\u015eMAYI AH\u015eABA KAZIYOR.<\/p>\n","protected":false},"author":1,"featured_media":189706,"comment_status":"closed","ping_status":"open","sticky":false,"template":"","format":"standard","meta":{"jetpack_post_was_ever_published":false,"_jetpack_newsletter_access":"","_jetpack_dont_email_post_to_subs":false,"_jetpack_newsletter_tier_id":0,"_jetpack_memberships_contains_paywalled_content":false,"_jetpack_memberships_contains_paid_content":false,"footnotes":"","jetpack_publicize_message":"","jetpack_publicize_feature_enabled":true,"jetpack_social_post_already_shared":true,"jetpack_social_options":{"image_generator_settings":{"template":"highway","default_image_id":0,"font":"","enabled":false},"version":2}},"categories":[1],"tags":[5549,20043,5605,3064,466,5030],"class_list":["post-189705","post","type-post","status-publish","format-standard","has-post-thumbnail","hentry","category-genel","tag-atolyesini","tag-basladigi","tag-hobi","tag-iste","tag-kurdu","tag-olarak"],"jetpack_publicize_connections":[],"jetpack_featured_media_url":"https:\/\/i0.wp.com\/www.tvturk.com\/wp-content\/uploads\/2019\/08\/hobi-olarak-basladigi-iste-atolyesini-kurdu_1ce7d95.jpg?fit=1000%2C750","jetpack_sharing_enabled":true,"jetpack_shortlink":"https:\/\/wp.me\/paKIfm-NlL","_links":{"self":[{"href":"http:\/\/www.tvturk.com\/index.php\/wp-json\/wp\/v2\/posts\/189705","targetHints":{"allow":["GET"]}}],"collection":[{"href":"http:\/\/www.tvturk.com\/index.php\/wp-json\/wp\/v2\/posts"}],"about":[{"href":"http:\/\/www.tvturk.com\/index.php\/wp-json\/wp\/v2\/types\/post"}],"author":[{"embeddable":true,"href":"http:\/\/www.tvturk.com\/index.php\/wp-json\/wp\/v2\/users\/1"}],"replies":[{"embeddable":true,"href":"http:\/\/www.tvturk.com\/index.php\/wp-json\/wp\/v2\/comments?post=189705"}],"version-history":[{"count":0,"href":"http:\/\/www.tvturk.com\/index.php\/wp-json\/wp\/v2\/posts\/189705\/revisions"}],"wp:featuredmedia":[{"embeddable":true,"href":"http:\/\/www.tvturk.com\/index.php\/wp-json\/wp\/v2\/media\/189706"}],"wp:attachment":[{"href":"http:\/\/www.tvturk.com\/index.php\/wp-json\/wp\/v2\/media?parent=189705"}],"wp:term":[{"taxonomy":"category","embeddable":true,"href":"http:\/\/www.tvturk.com\/index.php\/wp-json\/wp\/v2\/categories?post=189705"},{"taxonomy":"post_tag","embeddable":true,"href":"http:\/\/www.tvturk.com\/index.php\/wp-json\/wp\/v2\/tags?post=189705"}],"curies":[{"name":"wp","href":"https:\/\/api.w.org\/{rel}","templated":true}]}}