{"id":189707,"date":"2019-08-03T10:46:43","date_gmt":"2019-08-03T07:46:43","guid":{"rendered":"http:\/\/www.tvturk.com\/index.php\/tosun-pasa-filmi-samsunda-gercek-oldu\/"},"modified":"2019-08-03T10:46:43","modified_gmt":"2019-08-03T07:46:43","slug":"tosun-pasa-filmi-samsunda-gercek-oldu","status":"publish","type":"post","link":"http:\/\/www.tvturk.com\/index.php\/tosun-pasa-filmi-samsunda-gercek-oldu\/","title":{"rendered":"Tosun Pa\u015fa filmi Samsun\u2019da ger\u00e7ek oldu"},"content":{"rendered":"<p>Samsun\u2019un Kavak ve Ladik il\u00e7elerinin s\u0131n\u0131r mahallelerinde y\u0131llard\u0131r s\u00fcren arazi davas\u0131, ak\u0131llara Kemal Sunal\u2019\u0131n Tosun Pa\u015fa filmini getirdi. Y\u0131llard\u0131r mahkeme taraf\u0131ndan bir o il\u00e7eye bir bu il\u00e7eye verilen 180 d\u00f6n\u00fcml\u00fck alan iki mahalle sakinlerini kar\u015f\u0131 kar\u015f\u0131ya getiriyor.<\/p>\n<p>Kavak il\u00e7esine ba\u011fl\u0131 Saralan Mahallesi ile Ladik il\u00e7esine ba\u011fl\u0131 Salur Mahallesi aras\u0131nda arazi anla\u015fmazl\u0131\u011f\u0131 ya\u015fan\u0131yor. \u0130ddiaya g\u00f6re, iki il\u00e7enin mahalle sakinlerini kar\u015f\u0131 kar\u015f\u0131ya getiren s\u0131n\u0131r arazisi, ilk olarak 1938 y\u0131l\u0131nda Saralan Mahallesi sakinlerinin atalar\u0131na verildi. Daha sonraki y\u0131llarda ise s\u00f6z konusu arazi iki il\u00e7e aras\u0131nda gitti geldi. 2005 y\u0131l\u0131nda d\u00f6nemin Ba\u015fbakan\u0131 Recep Tayyip Erdo\u011fan, Cumhurba\u015fkan\u0131 Ahmet Necdet Sezer ve \u0130\u00e7i\u015fleri Bakan\u0131 Abd\u00fclkadir Aksu\u2019nun imzalad\u0131\u011f\u0131 karar ile s\u00f6z konusu arazi tekrar Saralan\u2019\u0131n ba\u011fl\u0131 oldu\u011fu Kavak il\u00e7esine verildi. 2011 y\u0131l\u0131nda ise karar mahkemece bozularak Ladik il\u00e7esinin Salur Mahallesi\u2019ne verildi. Y\u0131llard\u0131r devam eden anla\u015fmazl\u0131\u011f\u0131n davas\u0131 halen Yarg\u0131tay\u2019da devam ediyor.<\/p>\n<p>Mahalle sakinleri arazide topland\u0131<\/p>\n<p>Saralan Mahallesi sakinleri bi\u00e7erd\u00f6ver ve trakt\u00f6rler ile arazide toplanarak seslerini duyurmaya \u00e7al\u0131\u015ft\u0131lar. Arazinin kendilerinin oldu\u011funu iddia eden k\u00f6yl\u00fcler, ellerine ald\u0131klar\u0131 bu\u011fdaylar\u0131 uzatarak, &#8220;Buras\u0131 verimsiz toprak de\u011fil. Burada bu\u011fday yeti\u015ftiriliyor. Bura mera olmaya, hayvan otlatmaya uygun de\u011fil. Buras\u0131 mahallemizin tek tar\u0131m arazisi&#8221; diyerek tepki g\u00f6sterdiler.<\/p>\n<p>Y\u0131llard\u0131r kulland\u0131klar\u0131 tar\u0131m arazisi mera olarak ba\u015fka il\u00e7eye verildi<\/p>\n<p>Uzun y\u0131llard\u0131r s\u00f6z konusu araziyi ektiklerini ve tapular\u0131n\u0131n oldu\u011funu s\u00f6yleyen Saralan Mahallesi sakinleri duruma tepki g\u00f6sterdiler. Ektikleri yerlerin mera olarak g\u00f6sterilip, hayvanlar\u0131n otlat\u0131lmas\u0131 i\u00e7in Salur Mahallesi\u2019ne verildi\u011fini iddia eden y\u00f6re sakinleri, yetkililerden yard\u0131m istediler. Durumu anlatan Saralan Mahallesi Muhtar\u0131 \u00dcnal Altunay, \u201cLadik Salur Mahallesi, 2005\u2019te bize verilen arazinin karar\u0131na itiraz etti. 2011\u2019de arazi Salur\u2019a verildi. Buras\u0131 asl\u0131nda Saralan Mahallesi\u2019ne aittir. Saralan Mahallesi, bu arazide yeti\u015ftirilen bu\u011fdaylar ile ge\u00e7imini s\u00fcrd\u00fcrmektedir. 60 hanemiz var. Hepsi de burada \u00fcretilen bu\u011fdayla ge\u00e7iniyor\u201d dedi.<\/p>\n<p>&#8220;Araziyi ekenlere para cezas\u0131 verildi&#8221;<\/p>\n<p>Mahalle sakini \u00dcnal Altunay ise \u201cBizim mahallemiz, orman k\u00f6y\u00fc olarak ge\u00e7iyor. Tar\u0131m arazimiz yok. Atalar\u0131m\u0131z\u0131n ve bizlerin y\u0131llard\u0131r kulland\u0131\u011f\u0131 arazi, mahkeme karar\u0131 ile Salur Mahallesi\u2019ne verildi. Daha \u00f6nceki mahkeme kararlar\u0131 ile de buralar bizim k\u00f6y\u00fcm\u00fcze verildi. Resmi Gazete\u2019de yay\u0131mlanmad\u0131\u011f\u0131 i\u00e7in yap\u0131lan itirazlar sonras\u0131nda karar bozuldu ve tekrar Salur Mahallesi\u2019ne verildi. Bizim ba\u015fka ekecek bir arazimiz yok. Yetkililerden ma\u011fduriyetimizin giderilmesini istiyoruz. S\u00f6z konusu arazi ekilip, bi\u00e7ildi. Buras\u0131 mahkemelik oldu\u011fu i\u00e7in birka\u00e7 arkada\u015f\u0131m\u0131za ceza geldi. Bu cezalar\u0131 \u00f6demedik \u00e7\u00fcnk\u00fc buralar bizim. Topraklar\u0131m\u0131z\u0131n tekrar bize geri verilmesini istiyoruz\u201d diye konu\u015ftu.<\/p>\n<p>Araziyi uzun y\u0131llard\u0131r tar\u0131m arazisi olarak kulland\u0131klar\u0131n\u0131 dile getiren Murat Altunay, \u201cBenim bildi\u011fim 64 y\u0131ld\u0131r bu araziyi ekiyoruz. Daha \u00f6nceden burada pancar ve fasulye de ektik. Ladik\u2019in Salur Mahallesi bize bir t\u00fcrl\u00fc huzur vermedi. Salur\u2019da mahsul olmad\u0131\u011f\u0131 ve n\u00fcfuslar\u0131n\u0131n kalabal\u0131k olmas\u0131ndan dolay\u0131 hayvanlar\u0131n\u0131 otlatmalar\u0131 i\u00e7in bizim tar\u0131m arazimizi mera olarak g\u00f6sterip, onlara ba\u011flam\u0131\u015flar. Bizim elimizden buray\u0131 ald\u0131lar. Biz ekmek yiyemeyecek miyiz? Biz zaten orman k\u00f6y\u00fcndeyiz. Yerimizin bize geri verilmesini istiyoruz\u201d \u015feklinde konu\u015ftu.<\/p>\n<p>S\u00f6z konusu araziyi ekti\u011fi i\u00e7in para cezas\u0131 yiyen Mustafa Evce, \u201cSalur Mahallesi ile b\u00fcy\u00fck s\u0131k\u0131nt\u0131lar i\u00e7erisindeyiz. 66 ya\u015f\u0131nday\u0131m. 55 y\u0131ld\u0131r buray\u0131 ekiyoruz. Hepimizin burada tapulu arazisi var. D\u00f6nemin yetkilileri buray\u0131 bizden al\u0131p Salur\u2019a verdi. \u0130lk karar Recep Tayyip Erdo\u011fan\u2019\u0131n imzas\u0131yla bizden yana \u00e7\u0131kt\u0131. \u015eu anda ise arazimizi Ladik il\u00e7esine ba\u011flad\u0131lar ve bize \u2018ekemezsiniz\u2019 diyorlar. Ekim yapt\u0131\u011f\u0131m\u0131z i\u00e7in de 10 bin TL para cezas\u0131 yedik\u201d a\u00e7\u0131klamas\u0131nda bulundu.<\/p>\n<p>Kemal Altunay, \u201cKendi tar\u0131m arazimizi s\u00fcrd\u00fck ama bizi tehdit ettiler. Bizler Salur\u2019un yerini s\u00fcrmedik, Saralan\u2019a ait olan kendi yerimizi s\u00fcrd\u00fck. Dedemlerin, atalar\u0131m\u0131z\u0131n yerini s\u00fcrd\u00fck. Ba\u015fka da tar\u0131m yapaca\u011f\u0131m\u0131z yerimiz yok. Burada tar\u0131m yapt\u0131\u011f\u0131m\u0131z i\u00e7in de ceza yedik\u201d ifadelerini kulland\u0131.<\/p>\n<p>\u0130ki il\u00e7e halk\u0131 aras\u0131nda gerginli\u011fe neden olan araziye ektikleri bu\u011fdaylar\u0131 bug\u00fcn hasat eden Saralan Mahallesi sakinleri, tapular\u0131n\u0131n da kendilerine ait oldu\u011fu arazinin tar\u0131m arazisi olarak kendilerine verilmesini ve tekrar Kavak il\u00e7esine ba\u011flanmas\u0131 gerekti\u011fini ifade ettiler.<\/p>\n<p>&#8220;Arazi bize ait&#8221;<\/p>\n<p>Salur Mahallesi Muhtar\u0131 Mehmet K\u0131l\u0131\u00e7arslan ise daval\u0131k olan arazinin mahkeme karar\u0131 ile kendi mahallelerine verildi\u011fini belirterek \u015funlar\u0131 s\u00f6yledi: \u201cS\u00f6z konusu arazi, valilik taraf\u0131ndan Ladik\u2019e verildi. 7-8 senedir Saralan Mahallesi b\u00f6yle m\u00fcdahil oluyor. Mahkeme karar\u0131na ra\u011fmen bu sene de o araziyi ekmi\u015fler. Mahkeme de onlara ektikleri i\u00e7in ceza kestiler. S\u00f6z konusu alan bizim, onlar\u0131n s\u00f6yledikleri iddiad\u0131r. 180 d\u00f6n\u00fcml\u00fck b\u00fcy\u00fck bir alandan bahsediyoruz. Bu topraklar Ladik\u2019e aittir. Karar da bu do\u011frultuda \u00e7\u0131kt\u0131.\u201d<\/p>\n<p>Filmleri aratmayan konusuyla iki il\u00e7e ve mahalleyi y\u0131llard\u0131r me\u015fgul eden arazi sorununun mahkeme aya\u011f\u0131 da devam ediyor.<\/p>\n<p>Tosunpa\u015fa filmi<\/p>\n<p>Osmanl\u0131 d\u00f6neminde iki d\u00fc\u015fman aile olan Tellio\u011fullar\u0131 ve Sefero\u011fullar\u0131, Ye\u015filvadi ad\u0131ndaki b\u00f6lge i\u00e7in rekabet halinde bulunuyordu. \u0130ki aile, vadiyi ele ge\u00e7irebilmek i\u00e7in birbirleriyle k\u0131yas\u0131ya m\u00fccadele ediyorlard\u0131. Hal b\u00f6yle olunca Tellio\u011fullar\u0131 evin u\u015fa\u011f\u0131 \u015eaban\u2019\u0131 (Kemal Sunal) d\u00f6nemin en s\u00f6z\u00fc ge\u00e7en pa\u015fas\u0131 olan Tosun Pa\u015fa k\u0131l\u0131\u011f\u0131na sokarak vadiyi kendileri almak istiyordu. Hikayenin sonunda ise ger\u00e7ek Tosun Pa\u015fa gelerek Ye\u015filvadi\u2019yi iki aileye de vermiyordu.<\/p>\n","protected":false},"excerpt":{"rendered":"<p>SAMSUN\u2019UN KAVAK VE LAD\u0130K \u0130L\u00c7ELER\u0130N\u0130N SINIR MAHALLER\u0130NDE YILLARDIR S\u00dcREN YER DAVASI, AKILLARA KEMAL SUNAL\u2019IN TOSUN PA\u015eA F\u0130LM\u0130N\u0130 GET\u0130RD\u0130. YILLARDIR MAHKEME TARAFINDA B\u0130R O \u0130L\u00c7EYE B\u0130R BU \u0130L\u00c7EYE VER\u0130LEN 180 D\u00d6N\u00dcML\u00dcK ALAN \u0130K\u0130 MAHALLE SAK\u0130NLER\u0130N\u0130 KAR\u015eI KAR\u015eIYA GET\u0130R\u0130YOR.<\/p>\n","protected":false},"author":1,"featured_media":189708,"comment_status":"closed","ping_status":"open","sticky":false,"template":"","format":"standard","meta":{"jetpack_post_was_ever_published":false,"_jetpack_newsletter_access":"","_jetpack_dont_email_post_to_subs":false,"_jetpack_newsletter_tier_id":0,"_jetpack_memberships_contains_paywalled_content":false,"_jetpack_memberships_contains_paid_content":false,"footnotes":"","jetpack_publicize_message":"","jetpack_publicize_feature_enabled":true,"jetpack_social_post_already_shared":true,"jetpack_social_options":{"image_generator_settings":{"template":"highway","default_image_id":0,"font":"","enabled":false},"version":2}},"categories":[1],"tags":[7228,1871,77,2213,1862,14801],"class_list":["post-189707","post","type-post","status-publish","format-standard","has-post-thumbnail","hentry","category-genel","tag-filmi","tag-gercek","tag-oldu","tag-pasa","tag-samsunda","tag-tosun"],"jetpack_publicize_connections":[],"jetpack_featured_media_url":"https:\/\/i0.wp.com\/www.tvturk.com\/wp-content\/uploads\/2019\/08\/tosun-pasa-filmi-samsunda-gercek-oldu_7f84fff.jpg?fit=1000%2C666","jetpack_sharing_enabled":true,"jetpack_shortlink":"https:\/\/wp.me\/paKIfm-NlN","_links":{"self":[{"href":"http:\/\/www.tvturk.com\/index.php\/wp-json\/wp\/v2\/posts\/189707","targetHints":{"allow":["GET"]}}],"collection":[{"href":"http:\/\/www.tvturk.com\/index.php\/wp-json\/wp\/v2\/posts"}],"about":[{"href":"http:\/\/www.tvturk.com\/index.php\/wp-json\/wp\/v2\/types\/post"}],"author":[{"embeddable":true,"href":"http:\/\/www.tvturk.com\/index.php\/wp-json\/wp\/v2\/users\/1"}],"replies":[{"embeddable":true,"href":"http:\/\/www.tvturk.com\/index.php\/wp-json\/wp\/v2\/comments?post=189707"}],"version-history":[{"count":0,"href":"http:\/\/www.tvturk.com\/index.php\/wp-json\/wp\/v2\/posts\/189707\/revisions"}],"wp:featuredmedia":[{"embeddable":true,"href":"http:\/\/www.tvturk.com\/index.php\/wp-json\/wp\/v2\/media\/189708"}],"wp:attachment":[{"href":"http:\/\/www.tvturk.com\/index.php\/wp-json\/wp\/v2\/media?parent=189707"}],"wp:term":[{"taxonomy":"category","embeddable":true,"href":"http:\/\/www.tvturk.com\/index.php\/wp-json\/wp\/v2\/categories?post=189707"},{"taxonomy":"post_tag","embeddable":true,"href":"http:\/\/www.tvturk.com\/index.php\/wp-json\/wp\/v2\/tags?post=189707"}],"curies":[{"name":"wp","href":"https:\/\/api.w.org\/{rel}","templated":true}]}}