{"id":189711,"date":"2019-08-03T10:46:52","date_gmt":"2019-08-03T07:46:52","guid":{"rendered":"http:\/\/www.tvturk.com\/index.php\/ilk-nakli-basarisiz-olan-asel-bebek-tedavisine-devam-etmek-icin-yardim-bekliyor\/"},"modified":"2019-08-03T10:46:52","modified_gmt":"2019-08-03T07:46:52","slug":"ilk-nakli-basarisiz-olan-asel-bebek-tedavisine-devam-etmek-icin-yardim-bekliyor","status":"publish","type":"post","link":"http:\/\/www.tvturk.com\/index.php\/ilk-nakli-basarisiz-olan-asel-bebek-tedavisine-devam-etmek-icin-yardim-bekliyor\/","title":{"rendered":"\u0130lk nakli ba\u015far\u0131s\u0131z olan Asel bebek, tedavisine devam etmek i\u00e7in yard\u0131m bekliyor"},"content":{"rendered":"<p>A\u011fr\u0131\u2019da ya\u015fayan Anak ailesi 1 bu\u00e7uk ya\u015f\u0131ndaki l\u00f6semi hastas\u0131 k\u0131zlar\u0131 Asel Damla\u2019n\u0131n tedavisi i\u00e7in yard\u0131m bekliyor.<\/p>\n<p>Anak ailesinin d\u00f6rt \u00e7ocu\u011fundan en k\u00fc\u00e7\u00fck \u00e7ocu\u011fu olan Asel Damla, d\u00fcnyaya geldikten 6 ay sonra l\u00f6semi hastal\u0131\u011f\u0131na yakaland\u0131. Te\u015fhisi konulduktan sonra tedavisine ba\u015flanan Asel Damla, yakla\u015f\u0131k bir y\u0131ld\u0131r farkl\u0131 \u015fehirlerdeki hastanelerde tedavi oluyor.<\/p>\n<p>K\u0131zlar\u0131n\u0131n tedavisi i\u00e7in aylarca uygun ilik arayan Anak ailesi, doktorlar\u0131n\u0131n y\u00f6nlendirmesiyle Asel Damla\u2019n\u0131n 5 ya\u015f\u0131ndaki karde\u015fi Fatih Anak\u2019\u0131n ili\u011fini nakletmeye karar verdi. Maddi durumu k\u00f6t\u00fc olan aile, k\u0131zlar\u0131 i\u00e7in gereken ilik naklinin yap\u0131lmas\u0131 i\u00e7in oturduklar\u0131 evi satarak \u0130stanbul\u2019da bulunan \u00f6zel bir hastaneye gitti. Umutlarla yap\u0131lan ilik naklinin \u00fczerinden 3 ay ge\u00e7tikten sonra hastal\u0131\u011f\u0131 tekrarlayan Asel Damla \u00f6l\u00fcmle bo\u011fu\u015furken, aile k\u0131zlar\u0131n\u0131 kaybetmemek i\u00e7in \u00e7are ar\u0131yor.<\/p>\n<p>Asel Damla\u2019ya yap\u0131lan ilik naklinin ba\u015far\u0131s\u0131z olmas\u0131n\u0131n kendileri i\u00e7in b\u00fcy\u00fck bir \u00fcz\u00fcnt\u00fcye sebep oldu\u011funu ve maddi durumlar\u0131n\u0131n k\u00f6t\u00fc olmas\u0131ndan dolay\u0131 k\u0131zlar\u0131n\u0131n tedavisine devam edemediklerini dile getiren baba Filit Anak, \u015f\u00f6yle konu\u015ftu:<\/p>\n<p>&#8220;Benim bir bu\u00e7uk ya\u015f\u0131nda \u00e7ocu\u011fum l\u00f6semi hastas\u0131. Yakla\u015f\u0131k bir y\u0131ld\u0131r bu hastal\u0131k ba\u015flam\u0131\u015f. Bundan \u00f6nce nakil yap\u0131ld\u0131. Ancak hastal\u0131\u011f\u0131 tekrarlad\u0131. Alt\u0131 ay \u0130stanbul\u2019da bir \u00f6zel hastane de kald\u0131k. Orada yap\u0131lan nakilden sonra k\u0131z\u0131m\u0131n hastal\u0131\u011f\u0131 tekrardan n\u00fcksetti. Ondan dolay\u0131 kendi imk\u00e2nlar\u0131mla gittim. Orada kiralar \u00e7ok pahal\u0131yd\u0131. O y\u00fczden benim bir dairem vard\u0131. O evimi mecburen satmak zorunda kald\u0131m. K\u0131z\u0131m\u0131n tedavisi i\u00e7in. Bu seferde gidece\u011fim ancak imk\u00e2nlar\u0131m yok. Doktorumuz bayramdan \u00f6nce gitmemiz gerekti\u011fini s\u00f6yledi. Ge\u00e7en g\u00fcnlerde k\u0131z\u0131m\u0131z yo\u011fun bak\u0131mdayd\u0131. \u015eimdi bir daha tedavi zaman\u0131 geldi. Yar\u0131n bir daha Erzurum\u2019a tedaviye g\u00f6t\u00fcrece\u011fiz. \u015eu anda Erzurum Atat\u00fcrk \u00dcniversitesi T\u0131p Fak\u00fcltesine g\u00f6t\u00fcr\u00fcyoruz. Tedavi i\u00e7in hafta da iki ya da \u00fc\u00e7 kere g\u00f6t\u00fcr\u00fcyoruz. Bu y\u00fczden Erzurum\u2019a gidi\u015f geli\u015flerde baya s\u0131k\u0131nt\u0131 ya\u015f\u0131yoruz. Maddi konuda \u00e7ok s\u0131k\u0131nt\u0131 \u00e7ekiyoruz. Kendi imk\u00e2nlar\u0131m\u0131z \u00e7ok k\u0131s\u0131tl\u0131. O y\u00fczden devlet b\u00fcy\u00fcklerimizden i\u015f adamlar\u0131m\u0131zdan yard\u0131m talep ediyoruz.\u2019\u2019<\/p>\n<p>A\u011fustos ay\u0131 i\u00e7erisinde tekrardan tedaviye gitmeleri gerekti\u011fini dile getiren Baba Anak, &#8220;Tabii ki k\u0131z\u0131m\u0131n da durumuna ba\u011fl\u0131 biraz. \u00d6nceden 15 A\u011fustos diye belirlenmi\u015fti tarih doktorlar taraf\u0131ndan. Fakat bizim k\u0131z\u0131m\u0131z bir ay boyunca hastanede kald\u0131 yo\u011fun bak\u0131mda. Ondan dolay\u0131 k\u0131z\u0131n \u015fu an kendini toparlama s\u00fcreci var. Bu bir ay m\u0131 s\u00fcrecek iki ay m\u0131 belli de\u011fil. Bu duruma g\u00f6re doktorlar\u0131m\u0131z bizi tekrardan \u00f6nce tedavi oldu\u011fu \u00f6zel hastaneye bizi g\u00f6nderecekler. Gitti\u011fimiz zamanda orada imk\u00e2nlar\u0131m\u0131z olmad\u0131\u011f\u0131 i\u00e7in kirada kalam\u0131yoruz\u2019\u2019 \u015feklinde konu\u015ftu.<\/p>\n<p>&#8220;Ben \u00e7al\u0131\u015famad\u0131\u011f\u0131m i\u00e7in okulu b\u0131rak\u0131p \u00e7al\u0131\u015fmak istiyor&#8221;<\/p>\n<p>Asel Damla\u2019n\u0131n tedavisi i\u00e7in her hastaneye gittiklerinde di\u011fer \u00e7ocuklar\u0131 olan Do\u011fan (12), Furkan (8), ve Fatih\u2019i (7) ihmal etmek zorunda kald\u0131klar\u0131n\u0131 anlatan baba Filit Anak, \u00e7ocuklar\u0131n\u0131n k\u00fc\u00e7\u00fck olmas\u0131 sebebiyle ba\u015fka yerlerde kalamad\u0131klar\u0131n\u0131 ve bu y\u00fczden de k\u00f6t\u00fc etkilendiklerini anlatt\u0131. K\u0131z\u0131n\u0131n tedavisiyle ilgilenmek zorunda oldu\u011fu i\u00e7in yakla\u015f\u0131k bir y\u0131ld\u0131r \u00e7al\u0131\u015famad\u0131\u011f\u0131n\u0131 dile getiren Baba Filit Anak, \u00e7ocuklar\u0131ndan Do\u011fan Anak\u2019\u0131n durumdan k\u00f6t\u00fc etkilendi\u011fi i\u00e7in okula gitmek istemedi\u011fini ve karde\u015fine destek olmak i\u00e7in \u00e7al\u0131\u015fmak istedi\u011fini belirtti. Anak konu\u015fmas\u0131nda, &#8220;Benim en b\u00fcy\u00fck \u00e7ocu\u011fum Do\u011fan s\u0131rf bu y\u00fczden okula gitmek istemiyor. Ayn\u0131 zamanda Tenis oynuyor. Hocalar\u0131 ile g\u00f6r\u00fc\u015ft\u00fcm. Durumu hocalar\u0131na anlatt\u0131m. Do\u011fan s\u0131rf ben \u00e7al\u0131\u015famad\u0131\u011f\u0131m i\u00e7in okulu b\u0131rak\u0131p \u00e7al\u0131\u015fmak istiyor. Hocalar\u0131 onun \u00e7ok ba\u015far\u0131l\u0131 oldu\u011funu s\u00f6yl\u00fcyorlar. Hem iyi bir sporcu hem de dersleri de \u00e7ok iyi. Ancak elimizden \u015fu anda bir \u015fey gelmedi\u011fi i\u00e7in okulu b\u0131rakmak istiyor. Bizde k\u0131z\u0131m\u0131z i\u00e7in elimizden geleni yap\u0131yoruz. Tedavi edebilmek i\u00e7in. Mecburen bizi doktorlar\u0131m\u0131z nereye, hangi \u015fehre, hastaneye y\u00f6nlendirirse oraya gitmek zorunday\u0131z. Daha \u00f6nceki tedavide k\u00fc\u00e7\u00fck o\u011flumdan k\u0131z\u0131m\u0131za ilik nakli yap\u0131lm\u0131\u015ft\u0131. Ancak hastal\u0131k tekrardan n\u00fcksetti\u2019\u2019 ifadelerine yer verdi.<\/p>\n<p>\u0130stanbul\u2019daki doktorlar\u0131n Asel Damla i\u00e7in y\u00fczde 90 uyumlu bir ilik bulmalar\u0131yla umutlanan aile Erzurum\u2019da devam etmekte olan tedaviden sonra ilik nakli i\u00e7in \u0130stanbul\u2019a gitmeleri gerekiyor. Fakat bar\u0131nma ve hastane ihtiya\u00e7lar\u0131 i\u00e7in herhangi bir maddi gelirinin olmad\u0131\u011f\u0131n\u0131 belirten Baba Anak \u015fu s\u00f6zleri kulland\u0131:<\/p>\n<p>&#8220;Doktorlar\u0131m\u0131z k\u0131z\u0131m\u0131za y\u00fczde 90 uyan bir ilik bulundu\u011funu s\u00f6ylediler. Bu kez de bir bayandan bulunmu\u015f. Bizi \u0130stanbul\u2019a g\u00f6nderecekler bunun i\u00e7in. Daha \u00f6nce tedaviyi yapt\u0131\u011f\u0131m\u0131z hastaneden bizi arad\u0131lar. Bizim Erzurum\u2019daki doktorumuz \u00e7ocu\u011fumuzun durumuna g\u00f6re bize s\u00f6yleyecek ve biz o zaman g\u00f6t\u00fcrece\u011fiz. Art\u0131k o \u015fekilde \u0130stanbul\u2019da in\u015fallah tedavileri g\u00f6recek. \u0130li\u011fi verecek olan arkada\u015fla biz g\u00f6r\u00fc\u015fmedik. Hastane kendisi g\u00f6r\u00fc\u015fm\u00fc\u015f. Fakat burada \u00e7ok zorland\u0131\u011f\u0131m\u0131z durum \u015fudur. Kendi imk\u00e2nlar\u0131m\u0131z olmad\u0131\u011f\u0131 i\u00e7in bar\u0131nma durumumuz olmuyor. Tek ba\u015f\u0131ma ailenin durumundan dolay\u0131 da g\u00f6t\u00fcremiyorum. Mecburen ailemi de g\u00f6t\u00fcrmek zorunda kal\u0131yorum. Bu da \u00e7ok masrafl\u0131 oluyor. \u015eimdi \u0130stanbul\u2019a gidersek yine uzun bir s\u00fcre kira \u00f6demek zorunda kalaca\u011f\u0131z. Orada da kiralar \u00e7ok pahal\u0131. Maddi durumum yetmiyor buna. Bunu yan\u0131nda daha bir\u00e7ok masrafta olunca alt\u0131ndan kalkacak durumumuz olmuyor. Yap\u0131lan yard\u0131mlar da \u00e7ok yeterli olmuyor. Ben k\u0131z\u0131m i\u00e7in destek istiyorum. B\u00fcy\u00fcklerimizden ve i\u015f adamlar\u0131m\u0131zdan yard\u0131m bekliyorum.\u2019\u2019<\/p>\n<p>&#8220;Evimi satmak zorunda kald\u0131\u011f\u0131m i\u00e7inde karde\u015fimin evinde kal\u0131yoruz&#8221;<\/p>\n<p>Asel Damla\u2019n\u0131n tedavisiyle ilgilenmek zorunda olduklar\u0131 i\u00e7in yar\u0131m damakl\u0131 olarak d\u00fcnyaya gelen 7 ya\u015f\u0131ndaki o\u011fullar\u0131 Fatih\u2019i de ihmal etmek zorunda kald\u0131klar\u0131n\u0131 belirten baba, haftan\u0131n \u00fc\u00e7 g\u00fcn\u00fc k\u0131zlar\u0131n\u0131n tedavisi i\u00e7in Erzurum\u2019a gitmek zorunda kald\u0131klar\u0131n\u0131 s\u00f6yleyerek, \u2018\u2019Bunun yan\u0131nda bir di\u011fer \u00e7ocu\u011fumda rahats\u0131z. Onda da yar\u0131m damakl\u0131k var. K\u0131z\u0131m b\u00f6yle rahats\u0131zlan\u0131nca onun tedavisini de yar\u0131da b\u0131rakt\u0131k. \u0130lgilenemiyoruz. Plastik cerrahide tedavi g\u00f6r\u00fcyordu. Kal\u00e7as\u0131ndan par\u00e7a al\u0131p dama\u011f\u0131na nakil edeceklerdi. Onunda ameliyat\u0131 vard\u0131 ge\u00e7en k\u0131\u015f. Ancak ertelemek zorunda kald\u0131k. Yakla\u015f\u0131k bir ayd\u0131r Erzurum\u2019day\u0131z zaten. Gelip gidemiyoruz. \u00c7ocuklar\u0131 da evde yaln\u0131z b\u0131rakm\u0131\u015f\u0131z. Yan\u0131m\u0131za alamad\u0131k. Yakla\u015f\u0131k bir senedir de hem ben, hem e\u015fim Damla ile ilgilenmek zorunda kald\u0131\u011f\u0131m\u0131z i\u00e7in Fatih ile ilgilenemedik. O da yar\u0131m damak oldu\u011fu i\u00e7in mesela ge\u00e7en g\u00fcn bo\u011faz\u0131na zeytin ka\u00e7t\u0131 \u00f6l\u00fcmden d\u00f6nd\u00fc. O konuda da \u00e7aresiz durumday\u0131z. \u015eu an onunda \u00e7ok acil bir ameliyat olmas\u0131 gerekiyor. Bunu hastaneye g\u00f6t\u00fcrsek Damla kal\u0131yor. Damlay\u0131 g\u00f6t\u00fcrsek Fatih kal\u0131yor. Oda do\u011fru d\u00fczg\u00fcn bir \u015fey yiyemiyor. B\u00f6yle oldu\u011fu i\u00e7in. Di\u011fer \u00e7ocuklar\u0131mla da ilgilenemiyorum. Do\u011fan \u00e7ok ba\u015far\u0131l\u0131 bir sporcu ayn\u0131 zamanda ama \u015fu an onun i\u00e7inde elimden bir \u015fey gelmiyor. Okula g\u00f6nderebilecek durumda de\u011filim. \u015eu an evimi satmak zorunda kald\u0131\u011f\u0131m i\u00e7inde karde\u015fimin evinde kal\u0131yoruz&#8221; dedi.<\/p>\n<p>Erzurum\u2019daki tedaviden sonra nakil i\u00e7in \u0130stanbul\u2019a gitmeleri gerekti\u011fini s\u00f6yleyen Anne Hazal Anak ise, Asel Damla\u2019n\u0131n tedavisiyle ilgilendikleri i\u00e7in di\u011fer \u00e7ocuklar\u0131yla ilgilenemediklerini ve s\u00fcrekli hastanelere gitmek durumunda olduklar\u0131 i\u00e7in ailesinin da\u011f\u0131ld\u0131\u011f\u0131n\u0131 ifade ederek yard\u0131m istedi.<\/p>\n","protected":false},"excerpt":{"rendered":"<p>A\u011eRI\u2019DA YA\u015eAYAN ANAK A\u0130LES\u0130 1 BU\u00c7UK YA\u015eINDAK\u0130 L\u00d6SEM\u0130 HASTASI KIZLARI ASEL DAMLA\u2019NIN TEDAV\u0130S\u0130 \u0130\u00c7\u0130N YARDIM BEKL\u0130YOR.<\/p>\n","protected":false},"author":1,"featured_media":189712,"comment_status":"closed","ping_status":"open","sticky":false,"template":"","format":"standard","meta":{"jetpack_post_was_ever_published":false,"_jetpack_newsletter_access":"","_jetpack_dont_email_post_to_subs":false,"_jetpack_newsletter_tier_id":0,"_jetpack_memberships_contains_paywalled_content":false,"_jetpack_memberships_contains_paid_content":false,"footnotes":"","jetpack_publicize_message":"","jetpack_publicize_feature_enabled":true,"jetpack_social_post_already_shared":true,"jetpack_social_options":{"image_generator_settings":{"template":"highway","default_image_id":0,"font":"","enabled":false},"version":2}},"categories":[1],"tags":[47353,40452,2123,4378,522,1737,44,37,12189,572,43934,1736],"class_list":["post-189711","post","type-post","status-publish","format-standard","has-post-thumbnail","hentry","category-genel","tag-asel","tag-basarisiz","tag-bebek","tag-bekliyor","tag-devam","tag-etmek","tag-icin","tag-ilk","tag-nakli","tag-olan","tag-tedavisine","tag-yardim"],"jetpack_publicize_connections":[],"jetpack_featured_media_url":"https:\/\/i0.wp.com\/www.tvturk.com\/wp-content\/uploads\/2019\/08\/ilk-nakli-basarisiz-olan-asel-bebek-tedavisine-devam-etmek-icin-yardim-bekliyor_89792e0.jpg?fit=1000%2C664","jetpack_sharing_enabled":true,"jetpack_shortlink":"https:\/\/wp.me\/paKIfm-NlR","_links":{"self":[{"href":"http:\/\/www.tvturk.com\/index.php\/wp-json\/wp\/v2\/posts\/189711","targetHints":{"allow":["GET"]}}],"collection":[{"href":"http:\/\/www.tvturk.com\/index.php\/wp-json\/wp\/v2\/posts"}],"about":[{"href":"http:\/\/www.tvturk.com\/index.php\/wp-json\/wp\/v2\/types\/post"}],"author":[{"embeddable":true,"href":"http:\/\/www.tvturk.com\/index.php\/wp-json\/wp\/v2\/users\/1"}],"replies":[{"embeddable":true,"href":"http:\/\/www.tvturk.com\/index.php\/wp-json\/wp\/v2\/comments?post=189711"}],"version-history":[{"count":0,"href":"http:\/\/www.tvturk.com\/index.php\/wp-json\/wp\/v2\/posts\/189711\/revisions"}],"wp:featuredmedia":[{"embeddable":true,"href":"http:\/\/www.tvturk.com\/index.php\/wp-json\/wp\/v2\/media\/189712"}],"wp:attachment":[{"href":"http:\/\/www.tvturk.com\/index.php\/wp-json\/wp\/v2\/media?parent=189711"}],"wp:term":[{"taxonomy":"category","embeddable":true,"href":"http:\/\/www.tvturk.com\/index.php\/wp-json\/wp\/v2\/categories?post=189711"},{"taxonomy":"post_tag","embeddable":true,"href":"http:\/\/www.tvturk.com\/index.php\/wp-json\/wp\/v2\/tags?post=189711"}],"curies":[{"name":"wp","href":"https:\/\/api.w.org\/{rel}","templated":true}]}}