{"id":189715,"date":"2019-08-03T10:47:25","date_gmt":"2019-08-03T07:47:25","guid":{"rendered":"http:\/\/www.tvturk.com\/index.php\/muze-degil-cay-evi\/"},"modified":"2019-08-03T10:47:25","modified_gmt":"2019-08-03T07:47:25","slug":"muze-degil-cay-evi","status":"publish","type":"post","link":"http:\/\/www.tvturk.com\/index.php\/muze-degil-cay-evi\/","title":{"rendered":"M\u00fcze de\u011fil \u00e7ay evi"},"content":{"rendered":"<p>Konya\u2019da nostalji ve antika \u00fczerine dizayn edilen \u00e7ay evi hem m\u00fcze havas\u0131 olu\u015fturuyor, hem de ge\u00e7mi\u015fi hat\u0131rlatmas\u0131yla ilgi \u00e7ekiyor.<\/p>\n<p>54 ya\u015f\u0131ndaki Celalettin Avc\u0131o\u011flu\u2019nun antika e\u015fyalarla donatt\u0131\u011f\u0131 \u00e7ay evi g\u00f6renlerin dikkatini \u00e7ekiyor. Buraya gelen m\u00fc\u015fteriler, nostalji tarzda dizayn edilmi\u015f \u00e7ay evini ve antika e\u015fyalarla s\u00fcslenmi\u015f vitrini g\u00f6r\u00fcnce adeta ge\u00e7mi\u015fe gidiyor. Farkl\u0131 t\u00fcrlerde y\u00fczlerce antika e\u015fyan\u0131n yer almas\u0131 da \u00e7ay evinde adeta bir m\u00fcze havas\u0131 olu\u015fmas\u0131n\u0131 sa\u011fl\u0131yor.<\/p>\n<p>Gaz ocaklar\u0131, \u00fct\u00fcler, daktilo, hesap makinesi gibi antika e\u015fyalar\u0131 17-18 sene \u00f6nce bir pazarda g\u00f6rd\u00fc\u011f\u00fcn\u00fc s\u00f6yleyen Avc\u0131o\u011flu, \u201cBende bir merak olu\u015ftu. Zaman i\u00e7erisinde tabii elimizde birikti. Hakikaten ben bu i\u015fi \u015fu anda \u00e7ok seviyorum. Amat\u00f6rce yani sevdi\u011fim i\u00e7in yap\u0131yorum. Zevk duyuyorum bu i\u015ften daha do\u011frusu. Antika i\u015fi b\u00f6yle ba\u015flad\u0131\u201d dedi.<\/p>\n<p>\u201c\u0130nsanlar g\u00f6rs\u00fcn, ge\u00e7mi\u015fini hat\u0131rlas\u0131n\u201d<\/p>\n<p>\u00c7ay evini a\u00e7arken fazla hesap yapmad\u0131\u011f\u0131n\u0131 s\u00f6yleyen Avc\u0131o\u011flu, \u201cEmekli oldum, \u00e7ay evi a\u00e7ay\u0131m ve bunlar\u0131 da burada sergileyeyim, insanlar g\u00f6rs\u00fcn, ge\u00e7mi\u015fini hat\u0131rlas\u0131n. B\u00f6yle sevdi\u011fimiz i\u00e7in yap\u0131yoruz bu i\u015fi\u201d \u015feklinde konu\u015ftu.<\/p>\n<p>\u00c7ay evini a\u00e7t\u0131\u011f\u0131nda \u00e7evresinden \u00e7ok iyi tepkiler ald\u0131\u011f\u0131n\u0131 s\u00f6yleyen Avc\u0131o\u011flu, Konya\u2019da b\u00f6yle bir \u00e7ay evinin olmad\u0131\u011f\u0131n\u0131 s\u00f6yledi. Antika e\u015fyalar biriktirmesinde m\u00fc\u015fterilerinin katk\u0131s\u0131 oldu\u011funu dile getiren Avc\u0131o\u011flu, \u201c\u00c7ok olumlu i\u015fte, \u2018Bundan bende de var, biz bunun k\u0131ymetini bilmiyorduk \u00e7at\u0131ya atm\u0131\u015flar, \u00e7at\u0131da duruyor. \u0130sterseniz size getirebiliriz\u2019 diyerek ufak par\u00e7alardan bana gelen de oluyor\u201d diye konu\u015ftu.<\/p>\n<p>Avc\u0131o\u011flu hem kendisinin, hem de \u00e7ay evine gelen insanlar\u0131n burada huzur buldu\u011funu s\u00f6zlerine ekledi.<\/p>\n","protected":false},"excerpt":{"rendered":"<p>KONYA\u2019DA NOSTALJ\u0130 VE ANT\u0130KA \u00dcZER\u0130NE D\u0130ZAYN ED\u0130LEN \u00c7AY EV\u0130, VATANDA\u015eLARA GE\u00c7M\u0130\u015e\u0130 HATIRLATMASIYLA \u0130LG\u0130 \u00c7EK\u0130YOR.<\/p>\n","protected":false},"author":1,"featured_media":189716,"comment_status":"closed","ping_status":"open","sticky":false,"template":"","format":"standard","meta":{"jetpack_post_was_ever_published":false,"_jetpack_newsletter_access":"","_jetpack_dont_email_post_to_subs":false,"_jetpack_newsletter_tier_id":0,"_jetpack_memberships_contains_paywalled_content":false,"_jetpack_memberships_contains_paid_content":false,"footnotes":"","jetpack_publicize_message":"","jetpack_publicize_feature_enabled":true,"jetpack_social_post_already_shared":true,"jetpack_social_options":{"image_generator_settings":{"template":"highway","default_image_id":0,"font":"","enabled":false},"version":2}},"categories":[656],"tags":[862,2039,2019,10594],"class_list":["post-189715","post","type-post","status-publish","format-standard","has-post-thumbnail","hentry","category-kultur-sanat","tag-cay","tag-degil","tag-evi","tag-muze"],"jetpack_publicize_connections":[],"jetpack_featured_media_url":"https:\/\/i0.wp.com\/www.tvturk.com\/wp-content\/uploads\/2019\/08\/muze-degil-cay-evi_bbba95c.jpg?fit=1000%2C561","jetpack_sharing_enabled":true,"jetpack_shortlink":"https:\/\/wp.me\/paKIfm-NlV","_links":{"self":[{"href":"http:\/\/www.tvturk.com\/index.php\/wp-json\/wp\/v2\/posts\/189715","targetHints":{"allow":["GET"]}}],"collection":[{"href":"http:\/\/www.tvturk.com\/index.php\/wp-json\/wp\/v2\/posts"}],"about":[{"href":"http:\/\/www.tvturk.com\/index.php\/wp-json\/wp\/v2\/types\/post"}],"author":[{"embeddable":true,"href":"http:\/\/www.tvturk.com\/index.php\/wp-json\/wp\/v2\/users\/1"}],"replies":[{"embeddable":true,"href":"http:\/\/www.tvturk.com\/index.php\/wp-json\/wp\/v2\/comments?post=189715"}],"version-history":[{"count":0,"href":"http:\/\/www.tvturk.com\/index.php\/wp-json\/wp\/v2\/posts\/189715\/revisions"}],"wp:featuredmedia":[{"embeddable":true,"href":"http:\/\/www.tvturk.com\/index.php\/wp-json\/wp\/v2\/media\/189716"}],"wp:attachment":[{"href":"http:\/\/www.tvturk.com\/index.php\/wp-json\/wp\/v2\/media?parent=189715"}],"wp:term":[{"taxonomy":"category","embeddable":true,"href":"http:\/\/www.tvturk.com\/index.php\/wp-json\/wp\/v2\/categories?post=189715"},{"taxonomy":"post_tag","embeddable":true,"href":"http:\/\/www.tvturk.com\/index.php\/wp-json\/wp\/v2\/tags?post=189715"}],"curies":[{"name":"wp","href":"https:\/\/api.w.org\/{rel}","templated":true}]}}